{"id":43080,"date":"2024-11-05T22:15:25","date_gmt":"2024-11-05T22:15:25","guid":{"rendered":"http:\/\/historiografija.hr\/?p=43080"},"modified":"2024-11-05T22:15:47","modified_gmt":"2024-11-05T22:15:47","slug":"predavanje-ive-goldsteina-povijesni-revizionizam-na-prostoru-bivse-jugoslavije-danas-u-sarajevu","status":"publish","type":"post","link":"https:\/\/historiografija.hr\/?p=43080","title":{"rendered":"Predavanje Ive Goldsteina \u201ePovijesni revizionizam na prostoru biv\u0161e Jugoslavije \u2013 danas\u201c u Sarajevu"},"content":{"rendered":"\n<p>Prof. dr. Ivo Goldstein \u0107e u Centru za historijska istra\u017eivanja Filozofskog fakulteta Univerziteta u Sarajevu odr\u017eati predavanje pod naslovom <em>Povijesni revizionizam na prostoru biv\u0161e Jugoslavije \u2013 danas<\/em>.<\/p>\n\n\n\n<p>Prof. dr. Ivo Goldstein se bavi razli\u010ditim aspektima hrvatske povijesti 20. stolje\u0107a. Objavio je vi\u0161e od 20 knjiga. Neke su sintetske naravi (Hrvatska povijest; Hrvatska povijest 1918-2000; Hrvatska 1990-2020. i druge), a ve\u0107ina je fokusirana na u\u017ee tematske cjeline (Holokaust, Antisemitizam, \u017didovi u Zagrebu, Zagreb 1941-1945). Brojne knjige su izrazito polemi\u010darskog karaktera (Jasenovac i Bleiburg, Kontroverze hrvatske povijesti 20. stolje\u0107a). Autor je i knjige o Titu, te knjige \u201ePovijesni revizionizam i neousta\u0161tvo \u2013 Hrvatska 1989.-2022\u201c.<\/p>\n\n\n\n<p>Profesor Ivo Goldstein je i inozemni \u010dlan Akademije nauka i umjetnosti Bosne i Hercegovine.<\/p>\n\n\n\n<p>Predavanje \u0107e se odr\u017eati u srijedu, 6. novembra 2024, u 12.00 sati, u sve\u010danoj sali dekanata Filozofskog fakulteta Univerziteta u Sarajevu (ul Franje Ra\u010dkog br. 1).\u00a0<\/p>\n\n\n\n<hr class=\"wp-block-separator\"\/>\n\n\n\n<figure class=\"wp-block-image size-large\"><img data-recalc-dims=\"1\" loading=\"lazy\" decoding=\"async\" width=\"450\" height=\"637\" data-attachment-id=\"43081\" data-permalink=\"https:\/\/historiografija.hr\/?attachment_id=43081\" data-orig-file=\"https:\/\/i0.wp.com\/historiografija.hr\/wp-content\/uploads\/2024\/11\/Goldstein-predavanje.jpg?fit=450%2C637&amp;ssl=1\" data-orig-size=\"450,637\" data-comments-opened=\"1\" data-image-meta=\"{&quot;aperture&quot;:&quot;0&quot;,&quot;credit&quot;:&quot;&quot;,&quot;camera&quot;:&quot;&quot;,&quot;caption&quot;:&quot;&quot;,&quot;created_timestamp&quot;:&quot;0&quot;,&quot;copyright&quot;:&quot;&quot;,&quot;focal_length&quot;:&quot;0&quot;,&quot;iso&quot;:&quot;0&quot;,&quot;shutter_speed&quot;:&quot;0&quot;,&quot;title&quot;:&quot;&quot;,&quot;orientation&quot;:&quot;0&quot;}\" data-image-title=\"Goldstein-predavanje\" data-image-description=\"\" data-image-caption=\"\" data-large-file=\"https:\/\/i0.wp.com\/historiografija.hr\/wp-content\/uploads\/2024\/11\/Goldstein-predavanje.jpg?fit=450%2C637&amp;ssl=1\" src=\"https:\/\/i0.wp.com\/historiografija.hr\/wp-content\/uploads\/2024\/11\/Goldstein-predavanje.jpg?resize=450%2C637&#038;ssl=1\" alt=\"\" class=\"wp-image-43081\" srcset=\"https:\/\/i0.wp.com\/historiografija.hr\/wp-content\/uploads\/2024\/11\/Goldstein-predavanje.jpg?w=450&amp;ssl=1 450w, https:\/\/i0.wp.com\/historiografija.hr\/wp-content\/uploads\/2024\/11\/Goldstein-predavanje.jpg?resize=212%2C300&amp;ssl=1 212w\" sizes=\"auto, (max-width: 450px) 100vw, 450px\" \/><\/figure>\n\n\n\n<hr class=\"wp-block-separator\"\/>\n\n\n\n<p>Izvor:<\/p>\n\n\n\n<p><strong>Historiografija.ba<\/strong><\/p>\n\n\n\n<p><a href=\"https:\/\/historiografija.ba\/historija-u-javnosti\/dogadjaji\/najava-predavanja-ive-goldsteina-u-sarajevu\">https:\/\/historiografija.ba\/historija-u-javnosti\/dogadjaji\/najava-predavanja-ive-goldsteina-u-sarajevu<\/a><\/p>\n\n\n\n<hr class=\"wp-block-separator\"\/>\n","protected":false},"excerpt":{"rendered":"","protected":false},"author":2,"featured_media":43081,"comment_status":"open","ping_status":"open","sticky":false,"template":"","format":"standard","meta":{"_acf_changed":false,"jetpack_post_was_ever_published":false,"_jetpack_newsletter_access":"","_jetpack_dont_email_post_to_subs":false,"_jetpack_newsletter_tier_id":0,"_jetpack_memberships_contains_paywalled_content":false,"_jetpack_memberships_contains_paid_content":false,"footnotes":"","jetpack_publicize_message":"","jetpack_publicize_feature_enabled":true,"jetpack_social_post_already_shared":true,"jetpack_social_options":{"image_generator_settings":{"template":"highway","default_image_id":0,"font":"","enabled":false},"version":2}},"categories":[3],"tags":[],"class_list":["post-43080","post","type-post","status-publish","format-standard","has-post-thumbnail","hentry","category-novosti"],"acf":{"facebook_opis":""},"jetpack_publicize_connections":[],"jetpack_featured_media_url":"https:\/\/i0.wp.com\/historiografija.hr\/wp-content\/uploads\/2024\/11\/Goldstein-predavanje.jpg?fit=450%2C637&ssl=1","jetpack_sharing_enabled":true,"jetpack-related-posts":[],"_links":{"self":[{"href":"https:\/\/historiografija.hr\/index.php?rest_route=\/wp\/v2\/posts\/43080","targetHints":{"allow":["GET"]}}],"collection":[{"href":"https:\/\/historiografija.hr\/index.php?rest_route=\/wp\/v2\/posts"}],"about":[{"href":"https:\/\/historiografija.hr\/index.php?rest_route=\/wp\/v2\/types\/post"}],"author":[{"embeddable":true,"href":"https:\/\/historiografija.hr\/index.php?rest_route=\/wp\/v2\/users\/2"}],"replies":[{"embeddable":true,"href":"https:\/\/historiografija.hr\/index.php?rest_route=%2Fwp%2Fv2%2Fcomments&post=43080"}],"version-history":[{"count":2,"href":"https:\/\/historiografija.hr\/index.php?rest_route=\/wp\/v2\/posts\/43080\/revisions"}],"predecessor-version":[{"id":43083,"href":"https:\/\/historiografija.hr\/index.php?rest_route=\/wp\/v2\/posts\/43080\/revisions\/43083"}],"wp:featuredmedia":[{"embeddable":true,"href":"https:\/\/historiografija.hr\/index.php?rest_route=\/wp\/v2\/media\/43081"}],"wp:attachment":[{"href":"https:\/\/historiografija.hr\/index.php?rest_route=%2Fwp%2Fv2%2Fmedia&parent=43080"}],"wp:term":[{"taxonomy":"category","embeddable":true,"href":"https:\/\/historiografija.hr\/index.php?rest_route=%2Fwp%2Fv2%2Fcategories&post=43080"},{"taxonomy":"post_tag","embeddable":true,"href":"https:\/\/historiografija.hr\/index.php?rest_route=%2Fwp%2Fv2%2Ftags&post=43080"}],"curies":[{"name":"wp","href":"https:\/\/api.w.org\/{rel}","templated":true}]}}