{"id":43074,"date":"2024-11-05T22:04:41","date_gmt":"2024-11-05T22:04:41","guid":{"rendered":"http:\/\/historiografija.hr\/?p=43074"},"modified":"2024-11-05T22:07:39","modified_gmt":"2024-11-05T22:07:39","slug":"razgovor-o-knjizi-petra-zarkovica-marko-nikezic-diplomata-u-sredistu-hladnog-rata-u-beogradu","status":"publish","type":"post","link":"https:\/\/historiografija.hr\/?p=43074","title":{"rendered":"Razgovor o knjizi Petra \u017darkovi\u0107a \u201eMarko Nikezi\u0107. Diplomata u sredi\u0161tu Hladnog rata\u201c u Beogradu"},"content":{"rendered":"\n<p>\u201cMarko Nikezi\u0107 bio je \u201epunokrvni politi\u010dar\u201d, revolucionar, osoba koju je zanimala umjetnost, koji je \u010ditao o pro\u0161losti, koji je govorio jezike i bio svjetski \u010dovjek u diplomatskoj slu\u017ebi zemlje koja je imala svjetske dosege. U takvom kontekstu, u vremenu koje je u odnosu na desetlje\u0107a u kojima danas \u017eivimo, bilo daleko vi\u0161e politi\u010dko i, bez obzira na jednopartijnost, dinami\u010dno, Nikezi\u0107 je nezaobilazni akter, stvaratelj, analiti\u010dar i prakti\u010dar. Petar \u017darkovi\u0107 koristio je golemu arhivsku gra\u0111u, najve\u0107im dijelom iz DSIP\/SSIP-a i drugih beogradskih arhiva, i tako na jednom mjestu pokazao va\u017enost diplomatskog i politi\u010dkog djelovanja Marka Nikezi\u0107a, zemlje koju je predstavljao, ali i ukupne, svjetske dimenzije, politike koju je zastupao ili vodio.\u201d Prof dr Tvrtko Jakovina, iz recenzije.<\/p>\n\n\n\n<hr class=\"wp-block-separator\"\/>\n\n\n\n<p>O knjizi razgovaraju: Tvrtko Jakovina (Filozofski fakultet u Zagrebu), Milivoj Be\u0161lin (IFDT), Natalija Dimi\u0107 Lompar (Institut za noviju istoriju Srbije), i Petar \u017darkovi\u0107 (IFDT).<\/p>\n\n\n\n<p>Moderatorka: Tijana Matijevi\u0107<\/p>\n\n\n\n<hr class=\"wp-block-separator\"\/>\n\n\n\n<p>\u010cetvrtak, 7. novembar 2024, 19:00 &#8211; 20:30<\/p>\n\n\n\n<p>Muzej Jugoslavije<\/p>\n\n\n\n<hr class=\"wp-block-separator\"\/>\n\n\n\n<figure class=\"wp-block-image size-large\"><img data-recalc-dims=\"1\" loading=\"lazy\" decoding=\"async\" width=\"860\" height=\"485\" data-attachment-id=\"43077\" data-permalink=\"https:\/\/historiografija.hr\/?attachment_id=43077\" data-orig-file=\"https:\/\/i0.wp.com\/historiografija.hr\/wp-content\/uploads\/2024\/11\/Promocija.png?fit=1200%2C676&amp;ssl=1\" data-orig-size=\"1200,676\" data-comments-opened=\"1\" data-image-meta=\"{&quot;aperture&quot;:&quot;0&quot;,&quot;credit&quot;:&quot;&quot;,&quot;camera&quot;:&quot;&quot;,&quot;caption&quot;:&quot;&quot;,&quot;created_timestamp&quot;:&quot;0&quot;,&quot;copyright&quot;:&quot;&quot;,&quot;focal_length&quot;:&quot;0&quot;,&quot;iso&quot;:&quot;0&quot;,&quot;shutter_speed&quot;:&quot;0&quot;,&quot;title&quot;:&quot;&quot;,&quot;orientation&quot;:&quot;0&quot;}\" data-image-title=\"Promocija\" data-image-description=\"\" data-image-caption=\"\" data-large-file=\"https:\/\/i0.wp.com\/historiografija.hr\/wp-content\/uploads\/2024\/11\/Promocija.png?fit=860%2C485&amp;ssl=1\" src=\"https:\/\/i0.wp.com\/historiografija.hr\/wp-content\/uploads\/2024\/11\/Promocija.png?resize=860%2C485&#038;ssl=1\" alt=\"\" class=\"wp-image-43077\" srcset=\"https:\/\/i0.wp.com\/historiografija.hr\/wp-content\/uploads\/2024\/11\/Promocija.png?resize=1024%2C577&amp;ssl=1 1024w, https:\/\/i0.wp.com\/historiografija.hr\/wp-content\/uploads\/2024\/11\/Promocija.png?resize=300%2C169&amp;ssl=1 300w, https:\/\/i0.wp.com\/historiografija.hr\/wp-content\/uploads\/2024\/11\/Promocija.png?resize=768%2C433&amp;ssl=1 768w, https:\/\/i0.wp.com\/historiografija.hr\/wp-content\/uploads\/2024\/11\/Promocija.png?w=1200&amp;ssl=1 1200w\" sizes=\"auto, (max-width: 860px) 100vw, 860px\" \/><\/figure>\n\n\n\n<hr class=\"wp-block-separator\"\/>\n\n\n\n<p>Izvori:<\/p>\n\n\n\n<p><a href=\"https:\/\/akademskaknjiga.com\/predstavljanje-knjige-marko-nikezic-diplomata-u-sredistu-hladnog-rata-7-novembra-u-beogradu\">https:\/\/akademskaknjiga.com\/predstavljanje-knjige-marko-nikezic-diplomata-u-sredistu-hladnog-rata-7-novembra-u-beogradu<\/a><\/p>\n\n\n\n<p><a href=\"https:\/\/ifdt.bg.ac.rs\/events\/razgovor-o-knjizi-marko-nikezic-diplomata-u-sredistu-hladnog-rata-petar-zarkovic\/\">https:\/\/ifdt.bg.ac.rs\/events\/razgovor-o-knjizi-marko-nikezic-diplomata-u-sredistu-hladnog-rata-petar-zarkovic\/<\/a><\/p>\n\n\n\n<p><a href=\"https:\/\/www.facebook.com\/events\/1866496923875929\/\">https:\/\/www.facebook.com\/events\/1866496923875929\/<\/a><\/p>\n\n\n\n<p><a href=\"https:\/\/historiografija.ba\/historija-u-javnosti\/dogadjaji\/najava-razgovora-o-knjizi-marko-nikezic-diplomata-u-sredistu-hladnog-rata\">https:\/\/historiografija.ba\/historija-u-javnosti\/dogadjaji\/najava-razgovora-o-knjizi-marko-nikezic-diplomata-u-sredistu-hladnog-rata<\/a><\/p>\n\n\n\n<hr class=\"wp-block-separator\"\/>\n","protected":false},"excerpt":{"rendered":"","protected":false},"author":2,"featured_media":42802,"comment_status":"open","ping_status":"open","sticky":false,"template":"","format":"standard","meta":{"_acf_changed":false,"jetpack_post_was_ever_published":false,"_jetpack_newsletter_access":"","_jetpack_dont_email_post_to_subs":false,"_jetpack_newsletter_tier_id":0,"_jetpack_memberships_contains_paywalled_content":false,"_jetpack_memberships_contains_paid_content":false,"footnotes":"","jetpack_publicize_message":"","jetpack_publicize_feature_enabled":true,"jetpack_social_post_already_shared":true,"jetpack_social_options":{"image_generator_settings":{"template":"highway","default_image_id":0,"font":"","enabled":false},"version":2}},"categories":[3],"tags":[],"class_list":["post-43074","post","type-post","status-publish","format-standard","has-post-thumbnail","hentry","category-novosti"],"acf":{"facebook_opis":""},"jetpack_publicize_connections":[],"jetpack_featured_media_url":"https:\/\/i0.wp.com\/historiografija.hr\/wp-content\/uploads\/2024\/10\/Marko-Nikezic.png?fit=600%2C900&ssl=1","jetpack_sharing_enabled":true,"jetpack-related-posts":[],"_links":{"self":[{"href":"https:\/\/historiografija.hr\/index.php?rest_route=\/wp\/v2\/posts\/43074","targetHints":{"allow":["GET"]}}],"collection":[{"href":"https:\/\/historiografija.hr\/index.php?rest_route=\/wp\/v2\/posts"}],"about":[{"href":"https:\/\/historiografija.hr\/index.php?rest_route=\/wp\/v2\/types\/post"}],"author":[{"embeddable":true,"href":"https:\/\/historiografija.hr\/index.php?rest_route=\/wp\/v2\/users\/2"}],"replies":[{"embeddable":true,"href":"https:\/\/historiografija.hr\/index.php?rest_route=%2Fwp%2Fv2%2Fcomments&post=43074"}],"version-history":[{"count":4,"href":"https:\/\/historiografija.hr\/index.php?rest_route=\/wp\/v2\/posts\/43074\/revisions"}],"predecessor-version":[{"id":43079,"href":"https:\/\/historiografija.hr\/index.php?rest_route=\/wp\/v2\/posts\/43074\/revisions\/43079"}],"wp:featuredmedia":[{"embeddable":true,"href":"https:\/\/historiografija.hr\/index.php?rest_route=\/wp\/v2\/media\/42802"}],"wp:attachment":[{"href":"https:\/\/historiografija.hr\/index.php?rest_route=%2Fwp%2Fv2%2Fmedia&parent=43074"}],"wp:term":[{"taxonomy":"category","embeddable":true,"href":"https:\/\/historiografija.hr\/index.php?rest_route=%2Fwp%2Fv2%2Fcategories&post=43074"},{"taxonomy":"post_tag","embeddable":true,"href":"https:\/\/historiografija.hr\/index.php?rest_route=%2Fwp%2Fv2%2Ftags&post=43074"}],"curies":[{"name":"wp","href":"https:\/\/api.w.org\/{rel}","templated":true}]}}