{"id":43068,"date":"2024-11-05T21:31:43","date_gmt":"2024-11-05T21:31:43","guid":{"rendered":"http:\/\/historiografija.hr\/?p=43068"},"modified":"2024-11-05T21:31:43","modified_gmt":"2024-11-05T21:31:43","slug":"znanstveni-simpozij-in-honorem-vitomir-belaj","status":"publish","type":"post","link":"https:\/\/historiografija.hr\/?p=43068","title":{"rendered":"Znanstveni simpozij \u201eIn honorem Vitomir Belaj\u201c"},"content":{"rendered":"\n<p>Znanstveni simpozij <em>In honorem Vitomir Belaj <\/em>odr\u017eat \u0107e se u Vije\u0107nici Filozofskog fakulteta u Zagrebu, u petak, 8. 11. 2024. godine.<\/p>\n\n\n\n<p><a href=\"https:\/\/etno.ffzg.unizg.hr\/wp-content\/uploads\/2024\/11\/Znanstveni-simpozij-Belaj-program-web.pdf\">Knji\u017eica sa\u017eetaka i program simpozija\u00a0<\/a><\/p>\n\n\n\n<hr class=\"wp-block-separator\"\/>\n\n\n\n<p>Izvor:<\/p>\n\n\n\n<figure class=\"wp-block-embed-wordpress wp-block-embed is-type-wp-embed is-provider-odsjek-za-etnologiju-i-kulturnu-antropologiju\"><div class=\"wp-block-embed__wrapper\">\n<blockquote class=\"wp-embedded-content\" data-secret=\"WrH2NnB0vS\"><a href=\"https:\/\/etno.ffzg.unizg.hr\/poziv-na-znanstveni-simpozij-in-honorem-vitomir-belaj\/\">Poziv na Znanstveni simpozij In honorem Vitomir Belaj<\/a><\/blockquote><iframe loading=\"lazy\" class=\"wp-embedded-content\" sandbox=\"allow-scripts\" security=\"restricted\" style=\"position: absolute; clip: rect(1px, 1px, 1px, 1px);\" title=\"&#8220;Poziv na Znanstveni simpozij In honorem Vitomir Belaj&#8221; &#8212; Odsjek za etnologiju i kulturnu antropologiju\" src=\"https:\/\/etno.ffzg.unizg.hr\/poziv-na-znanstveni-simpozij-in-honorem-vitomir-belaj\/embed\/#?secret=uYEIAJfnRU#?secret=WrH2NnB0vS\" data-secret=\"WrH2NnB0vS\" width=\"600\" height=\"338\" frameborder=\"0\" marginwidth=\"0\" marginheight=\"0\" scrolling=\"no\"><\/iframe>\n<\/div><\/figure>\n\n\n\n<hr class=\"wp-block-separator\"\/>\n","protected":false},"excerpt":{"rendered":"","protected":false},"author":2,"featured_media":43069,"comment_status":"open","ping_status":"open","sticky":false,"template":"","format":"standard","meta":{"_acf_changed":false,"jetpack_post_was_ever_published":false,"_jetpack_newsletter_access":"","_jetpack_dont_email_post_to_subs":false,"_jetpack_newsletter_tier_id":0,"_jetpack_memberships_contains_paywalled_content":false,"_jetpack_memberships_contains_paid_content":false,"footnotes":"","jetpack_publicize_message":"","jetpack_publicize_feature_enabled":true,"jetpack_social_post_already_shared":true,"jetpack_social_options":{"image_generator_settings":{"template":"highway","default_image_id":0,"font":"","enabled":false},"version":2}},"categories":[3,9],"tags":[],"class_list":["post-43068","post","type-post","status-publish","format-standard","has-post-thumbnail","hentry","category-novosti","category-skupovi"],"acf":{"facebook_opis":""},"jetpack_publicize_connections":[],"jetpack_featured_media_url":"https:\/\/i0.wp.com\/historiografija.hr\/wp-content\/uploads\/2024\/11\/Znanstveni-simpozij-Belaj.png?fit=1200%2C630&ssl=1","jetpack_sharing_enabled":true,"jetpack-related-posts":[],"_links":{"self":[{"href":"https:\/\/historiografija.hr\/index.php?rest_route=\/wp\/v2\/posts\/43068","targetHints":{"allow":["GET"]}}],"collection":[{"href":"https:\/\/historiografija.hr\/index.php?rest_route=\/wp\/v2\/posts"}],"about":[{"href":"https:\/\/historiografija.hr\/index.php?rest_route=\/wp\/v2\/types\/post"}],"author":[{"embeddable":true,"href":"https:\/\/historiografija.hr\/index.php?rest_route=\/wp\/v2\/users\/2"}],"replies":[{"embeddable":true,"href":"https:\/\/historiografija.hr\/index.php?rest_route=%2Fwp%2Fv2%2Fcomments&post=43068"}],"version-history":[{"count":1,"href":"https:\/\/historiografija.hr\/index.php?rest_route=\/wp\/v2\/posts\/43068\/revisions"}],"predecessor-version":[{"id":43070,"href":"https:\/\/historiografija.hr\/index.php?rest_route=\/wp\/v2\/posts\/43068\/revisions\/43070"}],"wp:featuredmedia":[{"embeddable":true,"href":"https:\/\/historiografija.hr\/index.php?rest_route=\/wp\/v2\/media\/43069"}],"wp:attachment":[{"href":"https:\/\/historiografija.hr\/index.php?rest_route=%2Fwp%2Fv2%2Fmedia&parent=43068"}],"wp:term":[{"taxonomy":"category","embeddable":true,"href":"https:\/\/historiografija.hr\/index.php?rest_route=%2Fwp%2Fv2%2Fcategories&post=43068"},{"taxonomy":"post_tag","embeddable":true,"href":"https:\/\/historiografija.hr\/index.php?rest_route=%2Fwp%2Fv2%2Ftags&post=43068"}],"curies":[{"name":"wp","href":"https:\/\/api.w.org\/{rel}","templated":true}]}}