{"id":43065,"date":"2024-11-05T21:24:16","date_gmt":"2024-11-05T21:24:16","guid":{"rendered":"http:\/\/historiografija.hr\/?p=43065"},"modified":"2024-11-05T21:24:16","modified_gmt":"2024-11-05T21:24:16","slug":"izlozba-pod-nebom-vedre-vjere-islam-i-europa-u-iskustvu-bosne-u-zagrebu","status":"publish","type":"post","link":"https:\/\/historiografija.hr\/?p=43065","title":{"rendered":"Izlo\u017eba &#8220;Pod nebom vedre vjere &#8211; Islam i Europa u iskustvu Bosne&#8221; u Zagrebu"},"content":{"rendered":"\n<p>Nakon premijernog predstavljanja u Sarajevu pro\u0161le godine, kada je izazvala ogromnu pa\u017enju \u0161ire javnosti, velika multimedijalna izlo\u017eba &#8220;Pod nebom vedre vjere &#8211; Islam i Europa u iskustvu Bosne&#8221; bit \u0107e predstavljena i u Zagrebu, 4. studenog 2024. godine u Francuskom paviljonu.<\/p>\n\n\n\n<p>Pokrovitelji izlo\u017ebe su reisul-ulema Islamske zajednice u BiH, dr. Husein Kavazovi\u0107, i predsjednik Vlade Republike Hrvatske, mr. Andrej Plenkovi\u0107.<\/p>\n\n\n\n<p>Sve\u010dano otvaranje ove izlo\u017ebe u Zagrebu, jedne od najve\u0107ih izlo\u017ebi tog tipa, zasigurno \u0107e predstavljati veliki kulturni doga\u0111aj za regionalnu i europsku kulturnu, ali i \u0161iru javnost.<\/p>\n\n\n\n<p><br>Planirano je da sve\u010danosti prisustvuju brojne zvanice iz politi\u010dkog, kulturnog i vjerskog \u017eivota Hrvatske i Bosne i Hercegovine.<\/p>\n\n\n\n<p>Izlo\u017eba &#8220;Pod nebom vedre vjere &#8211; Islam i Europa u iskustvu Bosne&#8221; rezultat je sveobuhvatnog znanstveno-istra\u017eiva\u010dkog, edukativnog i izlo\u017ebenog projekta, koji je realiziran pod okriljem Uprave za obrazovanje i nauku Rijaseta Islamske zajednice u Bosni i Hercegovini, u suradnji s brojnim institucijama kulture, arhivima, muzejima, galerijama, te istaknutim umjetnicima, znanstvenicima i stru\u010dnjacima.<\/p>\n\n\n\n<p>Na\u017ealost, regionalna, naro\u010dito europska kulturna i politi\u010dka javnost \u010desto nije dovoljno upoznata s dostignu\u0107ima i vrijednostima islamske tradicije u Bosni i Hercegovini te doprinosom koji islamska kultura pru\u017ea afirmaciji moralnih, obrazovnih i umjetni\u010dkih tekovina unutar \u0161ireg europskog konteksta.<\/p>\n\n\n\n<p>Tematika izlo\u017ebe obuhva\u0107a&nbsp;vi\u0161estoljetno prisustvo islama i Bo\u0161njaka u raznim aspektima dru\u0161tvenog \u017eivota &#8211; od politike, kulture i znanosti do obrazovanja i umjetnosti. Kroz svoje radove, eksponate i dokumente, ona prikazuje i sposobnost zajedni\u0161tva, dijaloga, otvorenosti i pro\u017eimanja, nagla\u0161avaju\u0107i kako se ova tradicija uklapa u \u0161iri europski okvir.<\/p>\n\n\n\n<p>Autor koncepta izlo\u017ebe i glavni kustos je dr. sc. Aida Abad\u017ei\u0107 Hod\u017ei\u0107.<\/p>\n\n\n\n<p>Postavku izlo\u017ebe u Hrvatskoj organiziraju Rijaset Islamske zajednice u Bosni i Hercegovini i Me\u0161ihat Islamske zajednice u Hrvatskoj.<\/p>\n\n\n\n<p>Sponzori izlo\u017ebe bit \u0107e Ministarstvo kulture i medija Republike Hrvatske, Armin Hod\u017ei\u0107, saborski zastupnik, i BH Telecom, a prijatelji projekta su Centar za kulturu dijaloga &#8211; CKD, Zagreb, Med\u017elis Islamske zajednice Zagreb i Islamska gimnazija dr. Ahmeda Smajlovi\u0107a.<\/p>\n\n\n\n<p>Partnerske institucije su Orijentalna zbirka HAZU &#8211; Hrvatska akademija znanosti i umjetnosti, Dr\u017eavni arhiv u Dubrovniku, Dr\u017eavni arhiv u Zadru, Zemaljski muzej Bosne i Hercegovine, JU Muzej Sarajeva, Gazi Husrev-begova biblioteka, Bo\u0161nja\u010dki institut &#8211; Fondacija Adila Zulfikarpa\u0161i\u0107a, Umjetni\u010dka zbirka Rijaseta Islamske zajednice u Bosni i Hercegovini, Gazi Husrev-begov vakuf Sarajevo, Zavi\u010dajni muzej Travnik, Fondacija Meyli i Rukotvorine Nik\u0161i\u0107 &#8211; Zanat Konjic.<\/p>\n\n\n\n<p>Medijski sponzori projekta su BHT, Hrvatska radio-televizija i Media centar Islamske zajednice u Bosni i Hercegovini.<\/p>\n\n\n\n<p>Posjetitelji \u0107e izlo\u017ebu mo\u0107i razgledati u Francuskom paviljonu, u periodu od 4. do 15. studenog 2024. godine, svaki dan, od 10.00 do 19.00 sati.<\/p>\n\n\n\n<hr class=\"wp-block-separator\"\/>\n\n\n\n<p>Izvor:<\/p>\n\n\n\n<p><a href=\"http:\/\/www.islamska-zajednica.hr\/izdvojeno\/velika-izlozba-pod-nebom-vedre-vjere-islam-i-europa-u-iskustvu-bosne-od-4-do-15-studenog\">http:\/\/www.islamska-zajednica.hr\/izdvojeno\/velika-izlozba-pod-nebom-vedre-vjere-islam-i-europa-u-iskustvu-bosne-od-4-do-15-studenog<\/a><\/p>\n\n\n\n<hr class=\"wp-block-separator\"\/>\n\n\n\n<p>Dodatne obavijesti:<\/p>\n\n\n\n<p><a href=\"https:\/\/vlada.gov.hr\/vijesti\/izlozba-pod-nebom-vedre-vjere-islam-i-europa-u-iskustvu-bosne-otvara-put-boljeg-povezivanja-hrvatske-i-bih\/43278\">https:\/\/vlada.gov.hr\/vijesti\/izlozba-pod-nebom-vedre-vjere-islam-i-europa-u-iskustvu-bosne-otvara-put-boljeg-povezivanja-hrvatske-i-bih\/43278<\/a><\/p>\n\n\n\n<p><a href=\"https:\/\/magazin.hrt.hr\/kultura\/velika-izlozba-pod-nebom-vedre-vjere-islam-i-europa-u-iskustvu-bosne--11842760\">https:\/\/magazin.hrt.hr\/kultura\/velika-izlozba-pod-nebom-vedre-vjere-islam-i-europa-u-iskustvu-bosne&#8211;11842760<\/a><\/p>\n\n\n\n<p><a href=\"https:\/\/min-kulture.gov.hr\/vijesti-8\/pod-nebom-vedre-vjere-islam-i-europa-u-iskustvu-bosne-izlozba-koja-hrvatskoj-publici-predstavlja-kulturu-islamske-zajednice-bosne-i-hercegovine\/26771\">https:\/\/min-kulture.gov.hr\/vijesti-8\/pod-nebom-vedre-vjere-islam-i-europa-u-iskustvu-bosne-izlozba-koja-hrvatskoj-publici-predstavlja-kulturu-islamske-zajednice-bosne-i-hercegovine\/26771<\/a><\/p>\n\n\n\n<p><a href=\"https:\/\/zagreb.hr\/zamjenik-korlaet-na-otvorenju-izlozbe-pod-nebom-ve\/203104\">https:\/\/zagreb.hr\/zamjenik-korlaet-na-otvorenju-izlozbe-pod-nebom-ve\/203104<\/a><\/p>\n\n\n\n<p><a href=\"https:\/\/www.tportal.hr\/kultura\/clanak\/plenkovic-na-izlozbi-pod-nebom-vedre-vjere-islam-i-europa-u-iskustvu-bosne-foto-20241105\">https:\/\/www.tportal.hr\/kultura\/clanak\/plenkovic-na-izlozbi-pod-nebom-vedre-vjere-islam-i-europa-u-iskustvu-bosne-foto-20241105<\/a><\/p>\n\n\n\n<p><a href=\"https:\/\/stav.ba\/vijest\/otvoreno-pravo-bosnjacko-cudo-islamske-kulture-u-hrvatskoj\/29636\">https:\/\/stav.ba\/vijest\/otvoreno-pravo-bosnjacko-cudo-islamske-kulture-u-hrvatskoj\/29636<\/a><\/p>\n\n\n\n<hr class=\"wp-block-separator\"\/>\n","protected":false},"excerpt":{"rendered":"","protected":false},"author":2,"featured_media":43066,"comment_status":"open","ping_status":"open","sticky":false,"template":"","format":"standard","meta":{"_acf_changed":false,"jetpack_post_was_ever_published":false,"_jetpack_newsletter_access":"","_jetpack_dont_email_post_to_subs":false,"_jetpack_newsletter_tier_id":0,"_jetpack_memberships_contains_paywalled_content":false,"_jetpack_memberships_contains_paid_content":false,"footnotes":"","jetpack_publicize_message":"","jetpack_publicize_feature_enabled":true,"jetpack_social_post_already_shared":true,"jetpack_social_options":{"image_generator_settings":{"template":"highway","default_image_id":0,"font":"","enabled":false},"version":2}},"categories":[10,3],"tags":[],"class_list":["post-43065","post","type-post","status-publish","format-standard","has-post-thumbnail","hentry","category-izlozbe","category-novosti"],"acf":{"facebook_opis":""},"jetpack_publicize_connections":[],"jetpack_featured_media_url":"https:\/\/i0.wp.com\/historiografija.hr\/wp-content\/uploads\/2024\/11\/Logo_izlo%C5%BEbe.jpg?fit=1500%2C500&ssl=1","jetpack_sharing_enabled":true,"jetpack-related-posts":[],"_links":{"self":[{"href":"https:\/\/historiografija.hr\/index.php?rest_route=\/wp\/v2\/posts\/43065","targetHints":{"allow":["GET"]}}],"collection":[{"href":"https:\/\/historiografija.hr\/index.php?rest_route=\/wp\/v2\/posts"}],"about":[{"href":"https:\/\/historiografija.hr\/index.php?rest_route=\/wp\/v2\/types\/post"}],"author":[{"embeddable":true,"href":"https:\/\/historiografija.hr\/index.php?rest_route=\/wp\/v2\/users\/2"}],"replies":[{"embeddable":true,"href":"https:\/\/historiografija.hr\/index.php?rest_route=%2Fwp%2Fv2%2Fcomments&post=43065"}],"version-history":[{"count":1,"href":"https:\/\/historiografija.hr\/index.php?rest_route=\/wp\/v2\/posts\/43065\/revisions"}],"predecessor-version":[{"id":43067,"href":"https:\/\/historiografija.hr\/index.php?rest_route=\/wp\/v2\/posts\/43065\/revisions\/43067"}],"wp:featuredmedia":[{"embeddable":true,"href":"https:\/\/historiografija.hr\/index.php?rest_route=\/wp\/v2\/media\/43066"}],"wp:attachment":[{"href":"https:\/\/historiografija.hr\/index.php?rest_route=%2Fwp%2Fv2%2Fmedia&parent=43065"}],"wp:term":[{"taxonomy":"category","embeddable":true,"href":"https:\/\/historiografija.hr\/index.php?rest_route=%2Fwp%2Fv2%2Fcategories&post=43065"},{"taxonomy":"post_tag","embeddable":true,"href":"https:\/\/historiografija.hr\/index.php?rest_route=%2Fwp%2Fv2%2Ftags&post=43065"}],"curies":[{"name":"wp","href":"https:\/\/api.w.org\/{rel}","templated":true}]}}