{"id":43062,"date":"2024-11-05T21:09:59","date_gmt":"2024-11-05T21:09:59","guid":{"rendered":"http:\/\/historiografija.hr\/?p=43062"},"modified":"2024-11-05T21:09:59","modified_gmt":"2024-11-05T21:09:59","slug":"predavanje-martine-regert-notre-dame-u-parizu-nakon-pozara-ponovo-otkrivanje-katedrale","status":"publish","type":"post","link":"https:\/\/historiografija.hr\/?p=43062","title":{"rendered":"Predavanje Martine Regert \u201eNotre-Dame u Parizu nakon po\u017eara: ponovo otkrivanje katedrale\u201c"},"content":{"rendered":"\n<p>Srijeda, 6. studenoga 2024., 18:00<\/p>\n\n\n\n<p>Hrvatski dr\u017eavni arhiv, Trg Marka Maruli\u0107a 21, Zagreb<\/p>\n\n\n\n<hr class=\"wp-block-separator\"\/>\n\n\n\n<p>Ubrzo nakon po\u017eara koji je zadesio pari\u0161ku katedralu 15. travnja 2019., brojni znanstvenici mobilizirali su se kako bi prikupili, spasili i prou\u010dili znanstvene podatke sadr\u017eane u ostacima ranjenog spomenika. Njihova istra\u017eivanja usmjerena su na materijalne aspekte spomenika, ali i na nematerijalne, bilo da je rije\u010d o odnosu prema ba\u0161tini, pitanjima akustike i zvu\u010dnog pejza\u017ea ili, pak, izradi digitalne kopije katedrale. U ovom izlaganju predstavit \u0107e se ta iznimna znanstvena i ljudska avantura, koja trenutno okuplja vi\u0161e od 150 stru\u010dnjaka s razli\u010ditih, ali komplementarnih podru\u010dja (povijest, povijest umjetnosti, arheologija, akustika, znanost o materijalima, antropologija itd.). Znanstvenica Martine Regert, jedna od voditeljica projekta Notre-Dame u Parizu govorit \u0107e o izazovima s kojima su se istra\u017eiva\u010di suo\u010dili, uz naglasak na prikupljeni, arhivirani, uskladi\u0161teni i istra\u017eeni materijal nakon po\u017eara, kao i o ograni\u010denjima tipi\u010dnim za tu vrst istra\u017eivanja. Posebna pa\u017enja posvetit \u0107e se podrijetlu materijala i na\u010dinima njihove nabave tijekom srednjeg vijeka. Bit \u0107e rije\u010di o povijesti izgradnje katedrale s naglaskom na materijale kori\u0161tene pri izgradnji, posebno na drvo i \u017eeljezne elemente. Prikazat \u0107e se kako drvo mo\u017ee biti vrijedan izvor podataka o klimatskim promjenama u srednjem vijeku. Doista, kada katedrala 8. prosinca 2024. godine ponovo otvori vrata, to ne\u0107e biti samo obnovljena gra\u0111evina, ve\u0107 nanovo otkriveni spomenik. Zahvaljuju\u0107i istra\u017eivanjima u proteklih pet godina, Notre-Dame je od jedne od najslabije poznatih katedrala izrasla u spomenik koji razumijemo do u detalje.<\/p>\n\n\n\n<p><strong>Martine Regert <\/strong>voditeljica je istra\u017eivanja u Nacionalnom centru znanstvenih istra\u017eivanja (CNRS) u Nici (Francuska) u Laboratoriju za kulture i okoli\u0161 (CEPAM). Tako\u0111er je radila kao zamjenica znanstvenog ravnatelja Instituta za ekologiju i okoli\u0161 CNRS-a izme\u0111u 2017. i 2021. Diplomirana kemi\u010darka, doktorica znanosti iz podru\u010dja prapovijesti, kvalificirana u vo\u0111enju istra\u017eivanja u podru\u010dju kemije, razvija interdisciplinarna istra\u017eivanja kulturne ba\u0161tine i arheolo\u0161kih materijala. Trenutno je u sklopu CNRS-a zadu\u017eena za suvo\u0111enje znanstvenog projekta Notre-Dame u Parizu s Philippeom Dillmannom, Pascalom Li\u00e9vauxom i Aline Magnien te zajedno s njima u tom kontekstu potpisuje rad \u201eNotre-Dame u Parizu. Znanost na djelu\u201d (zajedni\u010dko izdanje CNRS-a, Ministarstva kulture i naklade Le cherche midi).<\/p>\n\n\n\n<p>Predavanje na francuskom uz konsekutivni prijevod na hrvatski, ulaz slobodan<\/p>\n\n\n\n<p>Organizatori: Dru\u0161tvo povjesni\u010dara umjetnosti Hrvatske, Veleposlanstvo Republike Francuske u Hrvatskoj, Francuski institut Zagreb<\/p>\n\n\n\n<hr class=\"wp-block-separator\"\/>\n\n\n\n<p>Izvori:<\/p>\n\n\n\n<p><a href=\"http:\/\/www.dpuh.hr\/\">http:\/\/www.dpuh.hr\/<\/a><\/p>\n\n\n\n<p><a href=\"https:\/\/povum.ffzg.unizg.hr\/?p=11242\">https:\/\/povum.ffzg.unizg.hr\/?p=11242<\/a><\/p>\n\n\n\n<hr class=\"wp-block-separator\"\/>\n","protected":false},"excerpt":{"rendered":"","protected":false},"author":2,"featured_media":43063,"comment_status":"open","ping_status":"open","sticky":false,"template":"","format":"standard","meta":{"_acf_changed":false,"jetpack_post_was_ever_published":false,"_jetpack_newsletter_access":"","_jetpack_dont_email_post_to_subs":false,"_jetpack_newsletter_tier_id":0,"_jetpack_memberships_contains_paywalled_content":false,"_jetpack_memberships_contains_paid_content":false,"footnotes":"","jetpack_publicize_message":"","jetpack_publicize_feature_enabled":true,"jetpack_social_post_already_shared":true,"jetpack_social_options":{"image_generator_settings":{"template":"highway","default_image_id":0,"font":"","enabled":false},"version":2}},"categories":[3],"tags":[],"class_list":["post-43062","post","type-post","status-publish","format-standard","has-post-thumbnail","hentry","category-novosti"],"acf":{"facebook_opis":""},"jetpack_publicize_connections":[],"jetpack_featured_media_url":"https:\/\/i0.wp.com\/historiografija.hr\/wp-content\/uploads\/2024\/11\/Regert.png?fit=1080%2C1080&ssl=1","jetpack_sharing_enabled":true,"jetpack-related-posts":[],"_links":{"self":[{"href":"https:\/\/historiografija.hr\/index.php?rest_route=\/wp\/v2\/posts\/43062","targetHints":{"allow":["GET"]}}],"collection":[{"href":"https:\/\/historiografija.hr\/index.php?rest_route=\/wp\/v2\/posts"}],"about":[{"href":"https:\/\/historiografija.hr\/index.php?rest_route=\/wp\/v2\/types\/post"}],"author":[{"embeddable":true,"href":"https:\/\/historiografija.hr\/index.php?rest_route=\/wp\/v2\/users\/2"}],"replies":[{"embeddable":true,"href":"https:\/\/historiografija.hr\/index.php?rest_route=%2Fwp%2Fv2%2Fcomments&post=43062"}],"version-history":[{"count":1,"href":"https:\/\/historiografija.hr\/index.php?rest_route=\/wp\/v2\/posts\/43062\/revisions"}],"predecessor-version":[{"id":43064,"href":"https:\/\/historiografija.hr\/index.php?rest_route=\/wp\/v2\/posts\/43062\/revisions\/43064"}],"wp:featuredmedia":[{"embeddable":true,"href":"https:\/\/historiografija.hr\/index.php?rest_route=\/wp\/v2\/media\/43063"}],"wp:attachment":[{"href":"https:\/\/historiografija.hr\/index.php?rest_route=%2Fwp%2Fv2%2Fmedia&parent=43062"}],"wp:term":[{"taxonomy":"category","embeddable":true,"href":"https:\/\/historiografija.hr\/index.php?rest_route=%2Fwp%2Fv2%2Fcategories&post=43062"},{"taxonomy":"post_tag","embeddable":true,"href":"https:\/\/historiografija.hr\/index.php?rest_route=%2Fwp%2Fv2%2Ftags&post=43062"}],"curies":[{"name":"wp","href":"https:\/\/api.w.org\/{rel}","templated":true}]}}