{"id":43058,"date":"2024-11-01T12:11:29","date_gmt":"2024-11-01T12:11:29","guid":{"rendered":"http:\/\/historiografija.hr\/?p=43058"},"modified":"2024-11-01T12:11:29","modified_gmt":"2024-11-01T12:11:29","slug":"predstavljanje-knjige-ivana-burica-sociologija-hrvatskog-drustva-procesi-i-strukture-u-suvremenom-hrvatskom-drustvu-u-zadru","status":"publish","type":"post","link":"https:\/\/historiografija.hr\/?p=43058","title":{"rendered":"Predstavljanje knjige Ivana Buri\u0107a \u201eSociologija hrvatskog dru\u0161tva: Procesi i strukture u suvremenom hrvatskom dru\u0161tvu\u201c u Zadru"},"content":{"rendered":"\n<p><strong>Hrvatsko sociolo\u0161ko dru\u0161tvo \u2013 podru\u017enica Zadar<\/strong> i <strong>Odjel za sociologiju Sveu\u010dili\u0161ta u Zadru<\/strong> s velikim zadovoljstvom pozivaju vas na predstavljanje knjige\u00a0<em><strong>Sociologija hrvatskog dru\u0161tva: Procesi i strukture u suvremenom hrvatskom dru\u0161tvu<\/strong><\/em> autora <strong>Ivana Buri\u0107a <\/strong>s Fakulteta hrvatskih studija u Zagrebu.<\/p>\n\n\n\n<p>Predstavljanje knjige odr\u017eat \u0107e se u <strong>utorak, 5. studenog 2024.<\/strong>, s po\u010detkom u 18 sati, u Multimedijalnoj dvorani Gradske knji\u017enice Zadar.<\/p>\n\n\n\n<p>Uz autora, na predstavljanju \u0107e sudjelovati:<\/p>\n\n\n\n<p>\u2013 Goran Batina, urednik Sociolo\u0161ke biblioteke, koji \u0107e istaknuti zna\u010daj knjige u \u0161irem kontekstu sociolo\u0161ke literature.<\/p>\n\n\n\n<p>\u2013 Kre\u0161imir Krolo, Odjel za sociologiju Sveu\u010dili\u0161ta u Zadru, koji \u0107e komentirati relevantnost knjige za razumijevanje hrvatske dru\u0161tvene stvarnosti, s posebnim naglaskom na obrazovanje, kulturu i mlade.<\/p>\n\n\n\n<p>Goran Batina opisuje knjigu kao interdisciplinarnu riznicu relevantnih istra\u017eivanja suvremenog hrvatskog dru\u0161tva, \u010dije specifi\u010dne predmete istra\u017eivanja autor, pi\u0161u\u0107i razumljivim stilom, smje\u0161ta u kontekst cjeline hrvatskog dru\u0161tva. Donosi nam prikaz dru\u0161tvene strukture i dominantnih dru\u0161tvenih vrijednosti, obja\u0161njava uzroke i razloge nastanka i razvoja mnogovrsnih dru\u0161tvenih procesa i fenomena. Iznimna i pionirska knjiga, za\u010deta u okviru svojevrsne sociolo\u0161ke kulture, \u0161irinom i dubinom svoga predmetnog obuhvata, te va\u017eno\u0161\u0107u sadr\u017eaja koje donosi doma\u0161uje sferu op\u0107e kulture s kojom bi trebao biti upoznat ne samo svaki punoljetni stanovnik na\u0161e zemlje, ve\u0107 i strana osoba koja se iz bilo kojeg razloga interesira za hrvatsko dru\u0161tvo.<\/p>\n\n\n\n<p>Nadamo se da \u0107ete nam se pridru\u017eiti u raspravi\u00a0s autorom i ostalim sudionicima o nekima od klju\u010dnih\u00a0tema\u00a0hrvatske svakodnevice i va\u017enosti ove knjige za na\u0161u struku!<\/p>\n\n\n\n<hr class=\"wp-block-separator\"\/>\n\n\n\n<p>Izvori:<\/p>\n\n\n\n<figure class=\"wp-block-embed-wordpress wp-block-embed is-type-wp-embed is-provider-hrvatsko-sociolosko-drustvo\"><div class=\"wp-block-embed__wrapper\">\n<blockquote class=\"wp-embedded-content\" data-secret=\"DYUjkIOlpY\"><a href=\"https:\/\/hsd.hr\/2024\/10\/29\/poziv-na-predstavljanje-knjige-sociologija-hrvatskog-drustva-procesi-i-strukture-u-suvremenom-hrvatskom-drustvu-autora-ivana-burica\/\">Poziv na predstavljanje knjige \u2013 \u201cSociologija hrvatskog dru\u0161tva: Procesi i strukture u suvremenom hrvatskom dru\u0161tvu\u201d autora Ivana Buri\u0107a<\/a><\/blockquote><iframe loading=\"lazy\" class=\"wp-embedded-content\" sandbox=\"allow-scripts\" security=\"restricted\" style=\"position: absolute; clip: rect(1px, 1px, 1px, 1px);\" title=\"&#8220;Poziv na predstavljanje knjige \u2013 \u201cSociologija hrvatskog dru\u0161tva: Procesi i strukture u suvremenom hrvatskom dru\u0161tvu\u201d autora Ivana Buri\u0107a&#8221; &#8212; Hrvatsko sociolo\u0161ko dru\u0161tvo\" src=\"https:\/\/hsd.hr\/2024\/10\/29\/poziv-na-predstavljanje-knjige-sociologija-hrvatskog-drustva-procesi-i-strukture-u-suvremenom-hrvatskom-drustvu-autora-ivana-burica\/embed\/#?secret=18ptS2k7BR#?secret=DYUjkIOlpY\" data-secret=\"DYUjkIOlpY\" width=\"600\" height=\"338\" frameborder=\"0\" marginwidth=\"0\" marginheight=\"0\" scrolling=\"no\"><\/iframe>\n<\/div><\/figure>\n\n\n\n<p><a href=\"https:\/\/www.unizd.hr\/obavijesti\/view\/poziv-na-predstavljanje-knjige-1\">https:\/\/www.unizd.hr\/obavijesti\/view\/poziv-na-predstavljanje-knjige-1<\/a><\/p>\n\n\n\n<p><a href=\"https:\/\/zadarski.slobodnadalmacija.hr\/zadar\/djirada\/nova-knjiga-ivana-burica-nudi-uvid-u-procese-i-strukture-suvremenog-hrvatskog-drustva-1429812\">https:\/\/zadarski.slobodnadalmacija.hr\/zadar\/djirada\/nova-knjiga-ivana-burica-nudi-uvid-u-procese-i-strukture-suvremenog-hrvatskog-drustva-1429812<\/a><\/p>\n\n\n\n<hr class=\"wp-block-separator\"\/>\n","protected":false},"excerpt":{"rendered":"","protected":false},"author":2,"featured_media":43059,"comment_status":"open","ping_status":"open","sticky":false,"template":"","format":"standard","meta":{"_acf_changed":false,"jetpack_post_was_ever_published":false,"_jetpack_newsletter_access":"","_jetpack_dont_email_post_to_subs":false,"_jetpack_newsletter_tier_id":0,"_jetpack_memberships_contains_paywalled_content":false,"_jetpack_memberships_contains_paid_content":false,"footnotes":"","jetpack_publicize_message":"","jetpack_publicize_feature_enabled":true,"jetpack_social_post_already_shared":true,"jetpack_social_options":{"image_generator_settings":{"template":"highway","default_image_id":0,"font":"","enabled":false},"version":2}},"categories":[3],"tags":[],"class_list":["post-43058","post","type-post","status-publish","format-standard","has-post-thumbnail","hentry","category-novosti"],"acf":{"facebook_opis":""},"jetpack_publicize_connections":[],"jetpack_featured_media_url":"https:\/\/i0.wp.com\/historiografija.hr\/wp-content\/uploads\/2024\/11\/Sociologija-hrvatskog-dru%C5%A1tva.jpeg?fit=940%2C788&ssl=1","jetpack_sharing_enabled":true,"jetpack-related-posts":[],"_links":{"self":[{"href":"https:\/\/historiografija.hr\/index.php?rest_route=\/wp\/v2\/posts\/43058","targetHints":{"allow":["GET"]}}],"collection":[{"href":"https:\/\/historiografija.hr\/index.php?rest_route=\/wp\/v2\/posts"}],"about":[{"href":"https:\/\/historiografija.hr\/index.php?rest_route=\/wp\/v2\/types\/post"}],"author":[{"embeddable":true,"href":"https:\/\/historiografija.hr\/index.php?rest_route=\/wp\/v2\/users\/2"}],"replies":[{"embeddable":true,"href":"https:\/\/historiografija.hr\/index.php?rest_route=%2Fwp%2Fv2%2Fcomments&post=43058"}],"version-history":[{"count":1,"href":"https:\/\/historiografija.hr\/index.php?rest_route=\/wp\/v2\/posts\/43058\/revisions"}],"predecessor-version":[{"id":43060,"href":"https:\/\/historiografija.hr\/index.php?rest_route=\/wp\/v2\/posts\/43058\/revisions\/43060"}],"wp:featuredmedia":[{"embeddable":true,"href":"https:\/\/historiografija.hr\/index.php?rest_route=\/wp\/v2\/media\/43059"}],"wp:attachment":[{"href":"https:\/\/historiografija.hr\/index.php?rest_route=%2Fwp%2Fv2%2Fmedia&parent=43058"}],"wp:term":[{"taxonomy":"category","embeddable":true,"href":"https:\/\/historiografija.hr\/index.php?rest_route=%2Fwp%2Fv2%2Fcategories&post=43058"},{"taxonomy":"post_tag","embeddable":true,"href":"https:\/\/historiografija.hr\/index.php?rest_route=%2Fwp%2Fv2%2Ftags&post=43058"}],"curies":[{"name":"wp","href":"https:\/\/api.w.org\/{rel}","templated":true}]}}