{"id":43050,"date":"2024-11-01T11:31:28","date_gmt":"2024-11-01T11:31:28","guid":{"rendered":"http:\/\/historiografija.hr\/?p=43050"},"modified":"2024-11-01T11:33:25","modified_gmt":"2024-11-01T11:33:25","slug":"marino-erceg-zivko-kustic-neustrasivi-glas-crkve-u-hrvata","status":"publish","type":"post","link":"https:\/\/historiografija.hr\/?p=43050","title":{"rendered":"Marino Erceg, \u201e\u017divko Kusti\u0107: Neustra\u0161ivi glas Crkve u Hrvata\u201c"},"content":{"rendered":"\n<p>\u00bb\u017divko Kusti\u0107: Neustra\u0161ivi glas Crkve u Hrvata\u00ab, prva je biografija nezaboravnoga grkokatoli\u010dkoga sve\u0107enika i dugogodi\u0161njega urednika Glasa Koncila.<\/p>\n\n\n\n<hr class=\"wp-block-separator\"\/>\n\n\n\n<p>Drugo izdanje \u2013 dopunjeno kazalom imena.<\/p>\n\n\n\n<p>Broj stranica: 560<\/p>\n\n\n\n<p>Mjesto izdanja: Zagreb<\/p>\n\n\n\n<p>Godina izdanja: 2024.<\/p>\n\n\n\n<hr class=\"wp-block-separator\"\/>\n\n\n\n<p>Knjiga kroz \u0161est velikih tematskih cjelina prati cjelokupni \u017eivot i djelo don \u017divka Kusti\u0107a, od njegova odrastanja u Pagu i neobi\u010dnoga ulaska u sve\u0107eni\u0161tvo, preko prvih \u017eupni\u010dkih slu\u017ebi na \u017dumberku do djelovanja u Glasu Koncila od po\u010detka \u0161ezdesetih.&nbsp;<\/p>\n\n\n\n<p>Jedno se poglavlje bavi i \u017divkom Kusti\u0107em iza kulisa Glasa Koncila &#8211; kao glasovitim propovjednikom, katehetom mladih i kao suprugom i ocem mnogobrojne obitelji. Knjiga poja\u0161njava i Kusti\u0107evu ulogu u nekim od najva\u017enijih crkvenih gibanja u pro\u0161lom stolje\u0107u, kao \u0161to su jubilejska veleslavlja u okviru projekta \u00bbTrinaest stolje\u0107a kr\u0161\u0107anstva u Hrvata\u00ab, a bavi se i njegovim doprinosom osamostaljenju Hrvatske u razdoblju demokratskih promjena i Domovinskoga rata.&nbsp;<\/p>\n\n\n\n<p>Autor Marino Erceg, ujedno i novinar i \u010dlan uredni\u0161tva Glasa Koncila, uz arhiv mati\u010dne institucije u radu je koristio gra\u0111u vi\u0161e arhiva, uklju\u010duju\u0107i i Arhiv Jugoslavije u Beogradu i Hrvatski dr\u017eavni arhiv. Uz arhive u knjizi su kao izvori za upoznavanje \u017eivota don \u017divka Kusti\u0107a kori\u0161teni i intervjui s njegovim suvremenicima. Knjiga ima oko 1200 referencija na povijesne izvore, donosi oko 120 fotografija te \u0161ezdesetak preslika dokumenata, me\u0111u kojima su i dokumenti jugoslavenske Udbe.\u00a0<\/p>\n\n\n\n<hr class=\"wp-block-separator\"\/>\n\n\n\n<p>Izvor:<\/p>\n\n\n\n<p><a href=\"https:\/\/knjizara.glas-koncila.hr\/zivko-kustic-neustrasivi-glas-crkve-u-hrvata.html\">https:\/\/knjizara.glas-koncila.hr\/zivko-kustic-neustrasivi-glas-crkve-u-hrvata.html<\/a><\/p>\n\n\n\n<figure class=\"wp-block-embed-wordpress wp-block-embed is-type-wp-embed is-provider-glas-koncila\"><div class=\"wp-block-embed__wrapper\">\n<blockquote class=\"wp-embedded-content\" data-secret=\"OJ9GCweImF\"><a href=\"https:\/\/www.glas-koncila.hr\/zivko-kustic-neustrasivi-glas-crkve-u-hrvata\/\">\u017dIVKO KUSTI\u0106 Neustra\u0161ivi glas Crkve u Hrvata<\/a><\/blockquote><iframe loading=\"lazy\" class=\"wp-embedded-content\" sandbox=\"allow-scripts\" security=\"restricted\" style=\"position: absolute; clip: rect(1px, 1px, 1px, 1px);\" title=\"&#8220;\u017dIVKO KUSTI\u0106 Neustra\u0161ivi glas Crkve u Hrvata&#8221; &#8212; Glas Koncila\" src=\"https:\/\/www.glas-koncila.hr\/zivko-kustic-neustrasivi-glas-crkve-u-hrvata\/embed\/#?secret=skP8TwsROc#?secret=OJ9GCweImF\" data-secret=\"OJ9GCweImF\" width=\"600\" height=\"338\" frameborder=\"0\" marginwidth=\"0\" marginheight=\"0\" scrolling=\"no\"><\/iframe>\n<\/div><\/figure>\n\n\n\n<hr class=\"wp-block-separator\"\/>\n\n\n\n<p>Iz medija:<\/p>\n\n\n\n<figure class=\"wp-block-embed-wordpress wp-block-embed is-type-wp-embed is-provider-ika\"><div class=\"wp-block-embed__wrapper\">\n<blockquote class=\"wp-embedded-content\" data-secret=\"QhOI75dxN1\"><a href=\"https:\/\/ika.hkm.hr\/novosti\/predstavljena-biografija-zivko-kustic-neustrasivi-glas-crkve-u-hrvata\/\">Predstavljena biografija \u201e\u017divko Kusti\u0107: Neustra\u0161ivi glas Crkve u Hrvata\u201c<\/a><\/blockquote><iframe loading=\"lazy\" class=\"wp-embedded-content\" sandbox=\"allow-scripts\" security=\"restricted\" style=\"position: absolute; clip: rect(1px, 1px, 1px, 1px);\" title=\"&#8220;Predstavljena biografija \u201e\u017divko Kusti\u0107: Neustra\u0161ivi glas Crkve u Hrvata\u201c&#8221; &#8212; IKA\" src=\"https:\/\/ika.hkm.hr\/novosti\/predstavljena-biografija-zivko-kustic-neustrasivi-glas-crkve-u-hrvata\/embed\/#?secret=G7vtD9SGvI#?secret=QhOI75dxN1\" data-secret=\"QhOI75dxN1\" width=\"600\" height=\"338\" frameborder=\"0\" marginwidth=\"0\" marginheight=\"0\" scrolling=\"no\"><\/iframe>\n<\/div><\/figure>\n\n\n\n<p><a href=\"https:\/\/www.vecernji.hr\/zagreb\/u-novinarskom-domu-predstavljena-prva-biografija-legende-hrvatskog-katolickog-novinarstva-1804509\">https:\/\/www.vecernji.hr\/zagreb\/u-novinarskom-domu-predstavljena-prva-biografija-legende-hrvatskog-katolickog-novinarstva-1804509<\/a><\/p>\n\n\n\n<figure class=\"wp-block-embed-wordpress wp-block-embed is-type-wp-embed is-provider-narod-hr\"><div class=\"wp-block-embed__wrapper\">\n<blockquote class=\"wp-embedded-content\" data-secret=\"Sal5L3a8Bl\"><a href=\"https:\/\/narod.hr\/kultura\/predstavljena-knjiga-zivko-kustic-neustrasivi-glas-crkve-u-hrvata-marina-ercega\">Predstavljena knjiga &#8216;\u017divko Kusti\u0107: Neustra\u0161ivi glas Crkve u Hrvata&#8217; Marina Ercega<\/a><\/blockquote><iframe loading=\"lazy\" class=\"wp-embedded-content\" sandbox=\"allow-scripts\" security=\"restricted\" style=\"position: absolute; clip: rect(1px, 1px, 1px, 1px);\" title=\"&#8220;Predstavljena knjiga &#8216;\u017divko Kusti\u0107: Neustra\u0161ivi glas Crkve u Hrvata&#8217; Marina Ercega&#8221; &#8212; narod.hr\" src=\"https:\/\/narod.hr\/kultura\/predstavljena-knjiga-zivko-kustic-neustrasivi-glas-crkve-u-hrvata-marina-ercega\/embed#?secret=hq7hE69CCg#?secret=Sal5L3a8Bl\" data-secret=\"Sal5L3a8Bl\" width=\"600\" height=\"338\" frameborder=\"0\" marginwidth=\"0\" marginheight=\"0\" scrolling=\"no\"><\/iframe>\n<\/div><\/figure>\n\n\n\n<p><a href=\"https:\/\/www.hkv.hr\/kultura\/vijesti-kultura\/44370-predstavljena-prva-biografija-don-zivka-kustica-velikana-katolickoga-novinarstva.html\">https:\/\/www.hkv.hr\/kultura\/vijesti-kultura\/44370-predstavljena-prva-biografija-don-zivka-kustica-velikana-katolickoga-novinarstva.html<\/a><\/p>\n\n\n\n<p><a href=\"https:\/\/www.hkv.hr\/razgovori\/44009-m-erceg-zivko-kustic-bio-je-obiteljski-svecenicki-i-urednicki-vojnik-krista-kralja.html\">https:\/\/www.hkv.hr\/razgovori\/44009-m-erceg-zivko-kustic-bio-je-obiteljski-svecenicki-i-urednicki-vojnik-krista-kralja.html<\/a><\/p>\n\n\n\n<p><a href=\"https:\/\/www.glas-slavonije.hr\/magazin\/2024\/10\/12\/velikan-vremena-576118\/\">https:\/\/www.glas-slavonije.hr\/magazin\/2024\/10\/12\/velikan-vremena-576118\/<\/a><\/p>\n\n\n\n<figure class=\"wp-block-embed-wordpress wp-block-embed is-type-wp-embed is-provider-zadarski-list\"><div class=\"wp-block-embed__wrapper\">\n<blockquote class=\"wp-embedded-content\" data-secret=\"3eyzIm4lBc\"><a href=\"https:\/\/zadarskilist.novilist.hr\/zadar-zupanija\/zupanija\/marino-erceg-autor-je-biografije-don-zivka-kustica-legende-katolickog-novinarstva-s-paga\/\">Don \u017divko Kusti\u0107 s Paga bio je legenda katoli\u010dkog novinarstva i uklju\u010den u prijelomne trenutke u crkvi<\/a><\/blockquote><iframe loading=\"lazy\" class=\"wp-embedded-content\" sandbox=\"allow-scripts\" security=\"restricted\" style=\"position: absolute; clip: rect(1px, 1px, 1px, 1px);\" title=\"&#8220;Don \u017divko Kusti\u0107 s Paga bio je legenda katoli\u010dkog novinarstva i uklju\u010den u prijelomne trenutke u crkvi&#8221; &#8212; Zadarski list\" src=\"https:\/\/zadarskilist.novilist.hr\/zadar-zupanija\/zupanija\/marino-erceg-autor-je-biografije-don-zivka-kustica-legende-katolickog-novinarstva-s-paga\/embed\/#?secret=GJA9a11la1#?secret=3eyzIm4lBc\" data-secret=\"3eyzIm4lBc\" width=\"600\" height=\"338\" frameborder=\"0\" marginwidth=\"0\" marginheight=\"0\" scrolling=\"no\"><\/iframe>\n<\/div><\/figure>\n\n\n\n<figure class=\"wp-block-embed-wordpress wp-block-embed is-type-wp-embed is-provider-novi-list\"><div class=\"wp-block-embed__wrapper\">\n<blockquote class=\"wp-embedded-content\" data-secret=\"MS0SQs9Iv8\"><a href=\"https:\/\/www.novilist.hr\/novosti\/hrvatska\/autor-biografije-don-zivka-kustica-bio-je-ukljucen-u-prijelomne-procese-koji-su-se-u-drugoj-polovici-20-stoljeca-dogadali-u-crkvi\/\">Autor biografije don \u017divka Kusti\u0107a: &#8216;Bio je uklju\u010den u prijelomne procese koji su se u drugoj polovici 20. stolje\u0107a doga\u0111ali u Crkvi<\/a><\/blockquote><iframe loading=\"lazy\" class=\"wp-embedded-content\" sandbox=\"allow-scripts\" security=\"restricted\" style=\"position: absolute; clip: rect(1px, 1px, 1px, 1px);\" title=\"&#8220;Autor biografije don \u017divka Kusti\u0107a: &#8216;Bio je uklju\u010den u prijelomne procese koji su se u drugoj polovici 20. stolje\u0107a doga\u0111ali u Crkvi&#8221; &#8212; Novi list\" src=\"https:\/\/www.novilist.hr\/novosti\/hrvatska\/autor-biografije-don-zivka-kustica-bio-je-ukljucen-u-prijelomne-procese-koji-su-se-u-drugoj-polovici-20-stoljeca-dogadali-u-crkvi\/embed\/#?secret=2CogWQiNRo#?secret=MS0SQs9Iv8\" data-secret=\"MS0SQs9Iv8\" width=\"600\" height=\"338\" frameborder=\"0\" marginwidth=\"0\" marginheight=\"0\" scrolling=\"no\"><\/iframe>\n<\/div><\/figure>\n\n\n\n<p><a href=\"https:\/\/www.jutarnji.hr\/kultura\/knjizevnost\/objavljena-prva-biografija-don-zivka-kustica-neustrasivi-glas-crkve-u-hrvata-15508257\">https:\/\/www.jutarnji.hr\/kultura\/knjizevnost\/objavljena-prva-biografija-don-zivka-kustica-neustrasivi-glas-crkve-u-hrvata-15508257<\/a><\/p>\n\n\n\n<p><a href=\"https:\/\/www.jutarnji.hr\/vijesti\/hrvatska\/bio-je-svecenik-veliki-propovjednik-div-novinarstva-trn-u-oku-komunistima-ali-nikada-apologet-crkve-15513828\">https:\/\/www.jutarnji.hr\/vijesti\/hrvatska\/bio-je-svecenik-veliki-propovjednik-div-novinarstva-trn-u-oku-komunistima-ali-nikada-apologet-crkve-15513828<\/a><\/p>\n\n\n\n<p><a href=\"https:\/\/mojzagreb.info\/hrvatska\/%C5%BEivko-kusti%C4%87-neustra%C5%A1ivi-glas-crkve-u-hrvata\">https:\/\/mojzagreb.info\/hrvatska\/%C5%BEivko-kusti%C4%87-neustra%C5%A1ivi-glas-crkve-u-hrvata<\/a><\/p>\n\n\n\n<p><a href=\"https:\/\/zadarski.slobodnadalmacija.hr\/zadar\/regional\/zlatko-begonja-udb-a-je-pratila-don-zivka-kustica-od-1962-do-srpnja-1990-godine-nadzirali-su-ga-zbog-rusenja-ustavnog-poretka-1405400\">https:\/\/zadarski.slobodnadalmacija.hr\/zadar\/regional\/zlatko-begonja-udb-a-je-pratila-don-zivka-kustica-od-1962-do-srpnja-1990-godine-nadzirali-su-ga-zbog-rusenja-ustavnog-poretka-1405400<\/a><\/p>\n\n\n\n<figure class=\"wp-block-embed-wordpress wp-block-embed is-type-wp-embed is-provider-zadarska-nadbiskupija\"><div class=\"wp-block-embed__wrapper\">\n<blockquote class=\"wp-embedded-content\" data-secret=\"tWIhwqF4pJ\"><a href=\"https:\/\/www.zadarskanadbiskupija.hr\/pag-izlaganja-mons-zelimira-puljica-i-dr-sc-zlatka-begonje-na-tribini-o-don-zivku-kusticu-povodom-10-godisnjice-njegove-smrti\/\">PAG: Izlaganja mons. \u017delimira Pulji\u0107a i dr. sc. Zlatka Begonje na tribini o don \u017divku Kusti\u0107u povodom 10. godi\u0161njice njegove smrti<\/a><\/blockquote><iframe loading=\"lazy\" class=\"wp-embedded-content\" sandbox=\"allow-scripts\" security=\"restricted\" style=\"position: absolute; clip: rect(1px, 1px, 1px, 1px);\" title=\"&#8220;PAG: Izlaganja mons. \u017delimira Pulji\u0107a i dr. sc. Zlatka Begonje na tribini o don \u017divku Kusti\u0107u povodom 10. godi\u0161njice njegove smrti&#8221; &#8212; Zadarska nadbiskupija\" src=\"https:\/\/www.zadarskanadbiskupija.hr\/pag-izlaganja-mons-zelimira-puljica-i-dr-sc-zlatka-begonje-na-tribini-o-don-zivku-kusticu-povodom-10-godisnjice-njegove-smrti\/embed\/#?secret=WSU5zwPYyn#?secret=tWIhwqF4pJ\" data-secret=\"tWIhwqF4pJ\" width=\"600\" height=\"338\" frameborder=\"0\" marginwidth=\"0\" marginheight=\"0\" scrolling=\"no\"><\/iframe>\n<\/div><\/figure>\n\n\n\n<p><a href=\"https:\/\/www.dnevno.hr\/vjera\/tudman-ga-je-pitao-moze-li-biti-njegova-veza-za-izlazak-iz-hrvatske-udba-je-sve-zabiljezila-2548725\/\">https:\/\/www.dnevno.hr\/vjera\/tudman-ga-je-pitao-moze-li-biti-njegova-veza-za-izlazak-iz-hrvatske-udba-je-sve-zabiljezila-2548725\/<\/a><\/p>\n\n\n\n<p><a href=\"https:\/\/direktno.hr\/domovina\/udb-i-nakon-90-pratila-legendarnog-svecenika-tvrdili-su-da-britanski-i-americki-spijun-355866\/\">https:\/\/direktno.hr\/domovina\/udb-i-nakon-90-pratila-legendarnog-svecenika-tvrdili-su-da-britanski-i-americki-spijun-355866\/<\/a><\/p>\n\n\n\n<hr class=\"wp-block-separator\"\/>\n\n\n\n<figure class=\"wp-block-embed-wordpress wp-block-embed is-type-wp-embed is-provider-nacional-hr\"><div class=\"wp-block-embed__wrapper\">\n<blockquote class=\"wp-embedded-content\" data-secret=\"YPa3z3Q3qw\"><a href=\"https:\/\/www.nacional.hr\/nemiri-nesanice-zivko-kustic-je-bio-heroj-ali-i-onaj-koji-se-uhvatio-u-kolo-sa-zlocincima-nakon-oluje\/\">NEMIRI &#038; NESANICE &#8216;\u017divko Kusti\u0107 je bio heroj, ali i onaj koji se uhvatio u kolo sa zlo\u010dincima nakon &#8216;Oluje&#8221;<\/a><\/blockquote><iframe loading=\"lazy\" class=\"wp-embedded-content\" sandbox=\"allow-scripts\" security=\"restricted\" style=\"position: absolute; clip: rect(1px, 1px, 1px, 1px);\" title=\"&#8220;NEMIRI &#038; NESANICE &#8216;\u017divko Kusti\u0107 je bio heroj, ali i onaj koji se uhvatio u kolo sa zlo\u010dincima nakon &#8216;Oluje&#8221;&#8221; &#8212; NACIONAL.HR\" src=\"https:\/\/www.nacional.hr\/nemiri-nesanice-zivko-kustic-je-bio-heroj-ali-i-onaj-koji-se-uhvatio-u-kolo-sa-zlocincima-nakon-oluje\/embed\/#?secret=P7XIw7jgBi#?secret=YPa3z3Q3qw\" data-secret=\"YPa3z3Q3qw\" width=\"600\" height=\"338\" frameborder=\"0\" marginwidth=\"0\" marginheight=\"0\" scrolling=\"no\"><\/iframe>\n<\/div><\/figure>\n\n\n\n<figure class=\"wp-block-embed-wordpress wp-block-embed is-type-wp-embed is-provider-autograf-hr\"><div class=\"wp-block-embed__wrapper\">\n<blockquote class=\"wp-embedded-content\" data-secret=\"Kaw1IkFIjR\"><a href=\"https:\/\/autograf.hr\/10-godina-od-smrti-zivka-kustica-me-i-dalje-jedno-proganja\/\">10 godina od smrti \u017divka Kusti\u0107a me i dalje jedno proganja<\/a><\/blockquote><iframe loading=\"lazy\" class=\"wp-embedded-content\" sandbox=\"allow-scripts\" security=\"restricted\" style=\"position: absolute; clip: rect(1px, 1px, 1px, 1px);\" title=\"&#8220;10 godina od smrti \u017divka Kusti\u0107a me i dalje jedno proganja&#8221; &#8212; Autograf.hr\" src=\"https:\/\/autograf.hr\/10-godina-od-smrti-zivka-kustica-me-i-dalje-jedno-proganja\/embed\/#?secret=mLvXdMcJgz#?secret=Kaw1IkFIjR\" data-secret=\"Kaw1IkFIjR\" width=\"600\" height=\"338\" frameborder=\"0\" marginwidth=\"0\" marginheight=\"0\" scrolling=\"no\"><\/iframe>\n<\/div><\/figure>\n\n\n\n<hr class=\"wp-block-separator\"\/>\n","protected":false},"excerpt":{"rendered":"","protected":false},"author":2,"featured_media":43052,"comment_status":"open","ping_status":"open","sticky":false,"template":"","format":"standard","meta":{"_acf_changed":false,"jetpack_post_was_ever_published":false,"_jetpack_newsletter_access":"","_jetpack_dont_email_post_to_subs":false,"_jetpack_newsletter_tier_id":0,"_jetpack_memberships_contains_paywalled_content":false,"_jetpack_memberships_contains_paid_content":false,"footnotes":"","jetpack_publicize_message":"","jetpack_publicize_feature_enabled":true,"jetpack_social_post_already_shared":true,"jetpack_social_options":{"image_generator_settings":{"template":"highway","default_image_id":0,"font":"","enabled":false},"version":2}},"categories":[8,3],"tags":[],"class_list":["post-43050","post","type-post","status-publish","format-standard","has-post-thumbnail","hentry","category-knjige","category-novosti"],"acf":{"facebook_opis":""},"jetpack_publicize_connections":[],"jetpack_featured_media_url":"https:\/\/i0.wp.com\/historiografija.hr\/wp-content\/uploads\/2024\/11\/korice_kustic.jpg?fit=700%2C960&ssl=1","jetpack_sharing_enabled":true,"jetpack-related-posts":[],"_links":{"self":[{"href":"https:\/\/historiografija.hr\/index.php?rest_route=\/wp\/v2\/posts\/43050","targetHints":{"allow":["GET"]}}],"collection":[{"href":"https:\/\/historiografija.hr\/index.php?rest_route=\/wp\/v2\/posts"}],"about":[{"href":"https:\/\/historiografija.hr\/index.php?rest_route=\/wp\/v2\/types\/post"}],"author":[{"embeddable":true,"href":"https:\/\/historiografija.hr\/index.php?rest_route=\/wp\/v2\/users\/2"}],"replies":[{"embeddable":true,"href":"https:\/\/historiografija.hr\/index.php?rest_route=%2Fwp%2Fv2%2Fcomments&post=43050"}],"version-history":[{"count":1,"href":"https:\/\/historiografija.hr\/index.php?rest_route=\/wp\/v2\/posts\/43050\/revisions"}],"predecessor-version":[{"id":43051,"href":"https:\/\/historiografija.hr\/index.php?rest_route=\/wp\/v2\/posts\/43050\/revisions\/43051"}],"wp:featuredmedia":[{"embeddable":true,"href":"https:\/\/historiografija.hr\/index.php?rest_route=\/wp\/v2\/media\/43052"}],"wp:attachment":[{"href":"https:\/\/historiografija.hr\/index.php?rest_route=%2Fwp%2Fv2%2Fmedia&parent=43050"}],"wp:term":[{"taxonomy":"category","embeddable":true,"href":"https:\/\/historiografija.hr\/index.php?rest_route=%2Fwp%2Fv2%2Fcategories&post=43050"},{"taxonomy":"post_tag","embeddable":true,"href":"https:\/\/historiografija.hr\/index.php?rest_route=%2Fwp%2Fv2%2Ftags&post=43050"}],"curies":[{"name":"wp","href":"https:\/\/api.w.org\/{rel}","templated":true}]}}