{"id":43041,"date":"2024-10-31T17:56:15","date_gmt":"2024-10-31T17:56:15","guid":{"rendered":"http:\/\/historiografija.hr\/?p=43041"},"modified":"2024-10-31T17:56:50","modified_gmt":"2024-10-31T17:56:50","slug":"hall-of-fame-primary-faces-of-november","status":"publish","type":"post","link":"https:\/\/historiografija.hr\/?p=43041","title":{"rendered":"Hall of Fame: Primary &#038; Faces of November"},"content":{"rendered":"\n<p>re\u017eija: Robert Drew \/ SAD \/ 1960. &amp; 1964. \/ 53&#8242; &amp; 12&#8242;<\/p>\n\n\n\n<hr class=\"wp-block-separator\"\/>\n\n\n\n<p>Datum: 04.11.2024.<\/p>\n\n\n\n<p>Vrijeme: 19:00 &#8211; 21:00\u00a0\u00a0\u00a0\u00a0\u00a0\u00a0\u00a0\u00a0\u00a0<\/p>\n\n\n\n<hr class=\"wp-block-separator\"\/>\n\n\n\n<p>Dokukino KIC<\/p>\n\n\n\n<p>Preradovi\u0107eva 5<\/p>\n\n\n\n<p>ZAGREB<\/p>\n\n\n\n<hr class=\"wp-block-separator\"\/>\n\n\n\n<p>Ameri\u010dki novovalni dokumentaristi\u010dki pokret direktni film inauguriran je godine 1960. filmom Roberta Drewa <em><strong>Primary<\/strong><\/em> o unutarstrana\u010dkim demokratskim izborima u kojem metode temeljene na vrlo pokretnoj kameri iz ruke, krajnjoj zatjecajnosti, nao\u010digled \u010distoj opservaciji i nepripremljenosti odgovaraju mladom glamuroznom kandidatu <strong>Johnu F. Kennedyju <\/strong>i njegovoj jo\u0161 zvjezdanijoj supruzi <strong>Jacqueline<\/strong>. Neposrednost kamere zahva\u0107a svu napetost izborne kampanje te kontrastnih li\u010dnosti, na\u010dina opho\u0111enja i komunikacijskih stilova dvojice kandidata sve do nemirnog i\u0161\u010dekivanja izbornih rezultata.<\/p>\n\n\n\n<p><strong>Robert Drew<\/strong> bio je biv\u0161i urednik i korespondent \u010dasopisa LIFE te je htio transponirati neposrednost fotografije karakteristi\u010dne za LIFE u medij filma \u2013 <em>Primary<\/em> je prvi dokumentarac koji implementira njegov pristup temeljen na opremi koju razvija zajedno sa svojim timom. U timu koji je okupio Drew sudjelovali su budu\u0107i predvodnici pokreta direktni film, kao \u0161to su <strong>Albert Maysles, Richard Leacock<\/strong> i <strong>D.A<\/strong>. <strong>Pennebaker<\/strong>. Kao tematski fokus za novu reporta\u017enu formu koju je osmislio uzima mladog senatora J. F. Kennedyja koji se natjecao protiv <strong>Huberta Humphreyja<\/strong> za predsjedni\u010dku nominaciju u unutarstrana\u010dkim demokratskim izborima u Wisconsinu. Kamera sa sinkroniziranim zvukom trebala je pratiti obojicu kandidata od sumraka do zora i snimati sve \u0161to rade. Ovaj epohalni dokumentarac ilustrira kako promjena u tehnologiji donosi promjenu u formi, ali i postavlja pitanje tko je katalizator te promjene. Perolake kamere s kvalitetnijim zapisiva\u010dem zvuka te filmska vrpca koja bolje reagira na ograni\u010deno osvjetljenje omogu\u0107ili su filmskoj ekipi ve\u0107u mobilnost i manje intruzivnu prisutnost te su prvi put mogli pratiti kandidate kako prolaze kroz gomile ljudi i ulaze u hotelske sobe, automobile, zadimljene urede i dr. To je rezultiralo izravnim dokumentaristi\u010dkim portretima u kojima protagonisti i snimljene scene djeluju spontano, dinami\u010dno i nenamje\u0161teno, \u010dak i kada su itekako re\u017eirane i pomno osmi\u0161ljene. Ameri\u010dki predsjedni\u010dki izbori 1960. godine bili su ujedno prvi izbori u kojima je televizijski prijenos odigrao klju\u010dnu ulogu pri odre\u0111ivanju pobjednika \u2013 Kennedy \u0107e se nakon Humphreyja suo\u010diti s <strong>Richardom Nixonom<\/strong> koji se nije sna\u0161ao u novom mediju za razliku od Kennedyja koji je iskoristio svoju televizi\u010dnost kao kvalitativnu prednost.<\/p>\n\n\n\n<p>U istom bloku gledat \u0107emo kratki poeti\u010dni dokumentarac <em><strong>Faces of November<\/strong><\/em> (1964., Robert Drew, 12\u2032) snimljen na sprovodu Johna F. Kennedyja koji sjetno zahva\u0107a jedan od najva\u017enijih trenutaka u ameri\u010dkoj povijesti.<\/p>\n\n\n\n<p>Uvodnu rije\u010d u film odr\u017eat \u0107e filmski kriti\u010dar <strong>Silvestar Mileta<\/strong> te \u0107e nakon projekcije razgovarati s profesorom filmologije <strong>Nikicom Gili\u0107em<\/strong> koji je ujedno i strastveni pratitelj ameri\u010dkih predsjedni\u010dkih izbora.<\/p>\n\n\n\n<p>Film prikazujemo u sklopu ciklusa \u201eNekonvencionalni portreti\u201c koji okuplja kultne filmove i zaboravljene klasike iz dvaju stilski srodnih pokreta koji su 1960-ih promijenili lice dokumentarnog filma. Ameri\u010dki direktni film i francuski film istine dijele sudioni\u010dko promatra\u010dki odnos prema snimanome i tzv. muha na zidu pristup te stvaraju portrete osobenjaka, izop\u0107enika, buntovnika i mentalno rastrojenih pojedinaca koji dovode u pitanje dru\u0161tvene konvencije, normalizirane obrasce pona\u0161anja i javno mnijenje kao puki konstrukt politi\u010dko-pop-kulturne ma\u0161inerije spektakla.<\/p>\n\n\n\n<p><strong>Hall of Fame \u2013 vodi\u010d kroz povijest dokumentarnog filma<\/strong> serija je predstavljanja najzna\u010dajnijih dokumentaraca koji su svojim inovativnim pristupom utjecali na razvoj dokumentarizma.<\/p>\n\n\n\n<hr class=\"wp-block-separator\"\/>\n\n\n\n<p>Izvor:<\/p>\n\n\n\n<figure class=\"wp-block-embed-wordpress wp-block-embed is-type-wp-embed is-provider-dokukino-kic-kino-sa-stavom\"><div class=\"wp-block-embed__wrapper\">\n<blockquote class=\"wp-embedded-content\" data-secret=\"8uDPV8f7PG\"><a href=\"https:\/\/dokukino.net\/film\/hall-of-fame-primary-faces-of-november\/\">Hall of Fame: Primary &#038; Faces of November<\/a><\/blockquote><iframe loading=\"lazy\" class=\"wp-embedded-content\" sandbox=\"allow-scripts\" security=\"restricted\" style=\"position: absolute; clip: rect(1px, 1px, 1px, 1px);\" title=\"&#8220;Hall of Fame: Primary &#038; Faces of November&#8221; &#8212; Dokukino KIC - Kino sa stavom\" src=\"https:\/\/dokukino.net\/film\/hall-of-fame-primary-faces-of-november\/embed\/#?secret=f2H2lLRN0C#?secret=8uDPV8f7PG\" data-secret=\"8uDPV8f7PG\" width=\"600\" height=\"338\" frameborder=\"0\" marginwidth=\"0\" marginheight=\"0\" scrolling=\"no\"><\/iframe>\n<\/div><\/figure>\n\n\n\n<hr class=\"wp-block-separator\"\/>\n","protected":false},"excerpt":{"rendered":"","protected":false},"author":2,"featured_media":43042,"comment_status":"open","ping_status":"open","sticky":false,"template":"","format":"standard","meta":{"_acf_changed":false,"jetpack_post_was_ever_published":false,"_jetpack_newsletter_access":"","_jetpack_dont_email_post_to_subs":false,"_jetpack_newsletter_tier_id":0,"_jetpack_memberships_contains_paywalled_content":false,"_jetpack_memberships_contains_paid_content":false,"footnotes":"","jetpack_publicize_message":"","jetpack_publicize_feature_enabled":true,"jetpack_social_post_already_shared":true,"jetpack_social_options":{"image_generator_settings":{"template":"highway","default_image_id":0,"font":"","enabled":false},"version":2}},"categories":[13,3],"tags":[],"class_list":["post-43041","post","type-post","status-publish","format-standard","has-post-thumbnail","hentry","category-filmovi-i-serije","category-novosti"],"acf":{"facebook_opis":""},"jetpack_publicize_connections":[],"jetpack_featured_media_url":"https:\/\/i0.wp.com\/historiografija.hr\/wp-content\/uploads\/2024\/10\/Hall-of-Fame_Primary-Faces-of-November.jpg?fit=300%2C450&ssl=1","jetpack_sharing_enabled":true,"jetpack-related-posts":[],"_links":{"self":[{"href":"https:\/\/historiografija.hr\/index.php?rest_route=\/wp\/v2\/posts\/43041","targetHints":{"allow":["GET"]}}],"collection":[{"href":"https:\/\/historiografija.hr\/index.php?rest_route=\/wp\/v2\/posts"}],"about":[{"href":"https:\/\/historiografija.hr\/index.php?rest_route=\/wp\/v2\/types\/post"}],"author":[{"embeddable":true,"href":"https:\/\/historiografija.hr\/index.php?rest_route=\/wp\/v2\/users\/2"}],"replies":[{"embeddable":true,"href":"https:\/\/historiografija.hr\/index.php?rest_route=%2Fwp%2Fv2%2Fcomments&post=43041"}],"version-history":[{"count":2,"href":"https:\/\/historiografija.hr\/index.php?rest_route=\/wp\/v2\/posts\/43041\/revisions"}],"predecessor-version":[{"id":43044,"href":"https:\/\/historiografija.hr\/index.php?rest_route=\/wp\/v2\/posts\/43041\/revisions\/43044"}],"wp:featuredmedia":[{"embeddable":true,"href":"https:\/\/historiografija.hr\/index.php?rest_route=\/wp\/v2\/media\/43042"}],"wp:attachment":[{"href":"https:\/\/historiografija.hr\/index.php?rest_route=%2Fwp%2Fv2%2Fmedia&parent=43041"}],"wp:term":[{"taxonomy":"category","embeddable":true,"href":"https:\/\/historiografija.hr\/index.php?rest_route=%2Fwp%2Fv2%2Fcategories&post=43041"},{"taxonomy":"post_tag","embeddable":true,"href":"https:\/\/historiografija.hr\/index.php?rest_route=%2Fwp%2Fv2%2Ftags&post=43041"}],"curies":[{"name":"wp","href":"https:\/\/api.w.org\/{rel}","templated":true}]}}