{"id":43021,"date":"2024-10-31T17:03:36","date_gmt":"2024-10-31T17:03:36","guid":{"rendered":"http:\/\/historiografija.hr\/?p=43021"},"modified":"2024-10-31T17:03:36","modified_gmt":"2024-10-31T17:03:36","slug":"dokukino-palestine-cinema-days","status":"publish","type":"post","link":"https:\/\/historiografija.hr\/?p=43021","title":{"rendered":"Dokukino: Palestine Cinema Days"},"content":{"rendered":"\n<p><strong>Tjedan posebnih programa, Palestine Cinema Days i po\u010detak distribucije pobjednika Berlinalea<\/strong><\/p>\n\n\n\n<p>Dokukino KIC, Preradovi\u0107eva 5\/1. kat, Zagreb<\/p>\n\n\n\n<p>Na tmurnu obljetnicu Balfourove deklaracije, u <strong>subotu 2. studenog <\/strong>donosimo dva palestinska dokumentarca u okviru gostovanja festivala<em> Palestine Cinema Days<\/em> koji se od 2023. odr\u017eava izvan Palestine. U 17 sati prikazujemo\u00a0<a href=\"https:\/\/dokukino.net\/film\/palestine-cinema-days-infiltratori\/\"><em><strong>Uljeze<\/strong><\/em><\/a><strong> <\/strong><strong>Khaleda Jarrara<\/strong>, instinktivni film ceste iz 2012. koji bilje\u017ei svakodnevne muke Palestinaca najrazli\u010ditijih \u017eivotnih iskustava u potrazi za na\u010dinima prolaska kroz izlu\u0111uju\u0107e komplicirane prepreke, a <strong>u 19 sati<\/strong> slijedi\u00a0film <strong>Julije Bache<\/strong>, <strong><a href=\"https:\/\/dokukino.net\/film\/palestine-cinema-days-naila-i-pobuna\/\"><em>Naila i pobuna<\/em><\/a><\/strong> o neustra\u0161ivoj Naili Ayesh koja uz sna\u017enu zajednicu \u017eena sudjeluje u najizra\u017eenijoj, nenasilnoj mobilizaciji u palestinskoj povijesti, Prvoj Intifadi kasnih 1980-ih.<\/p>\n\n\n\n<p>Nakon projekcije odr\u017eat \u0107e se razgovor s politologinjom, me\u0111ukulturnom trenericom i istra\u017eiva\u010dicom&nbsp;<strong>Samar Zughool,&nbsp;<\/strong>koja je magistrirala na temu \u017eenskih prava i reforme javnih politika nakon Arapskog prolje\u0107a, i socijalnom radnicom<strong> Etaf Abdelrahman<\/strong>, koja je radila u srednjoj \u0161koli u pojasu Gaze, te \u0107e iz svojeg osobnog i profesionalnog iskustva govoriti o raznolikim ulogama palestinskih \u017eena u borbi za oslobo\u0111enje. Obje go\u0161\u0107e trenutno \u017eive i rade u Sloveniji. Razgovor \u0107e moderirati&nbsp;<strong>Karolina Hrga<\/strong>,&nbsp;kulturna i medijska radnica te feministkinja s interesom za revolucionarne teorije i prakse.<\/p>\n\n\n\n<p>Ulaz na film je besplatan, ali \u0107e se primati donacije za <em>Inicijativu za slobodnu Palestinu<\/em>.<\/p>\n\n\n\n<hr class=\"wp-block-separator\"\/>\n\n\n\n<p>Izvor i dodatne obavijesti:<\/p>\n\n\n\n<figure class=\"wp-block-embed-wordpress wp-block-embed is-type-wp-embed is-provider-dokukino-kic-kino-sa-stavom\"><div class=\"wp-block-embed__wrapper\">\n<blockquote class=\"wp-embedded-content\" data-secret=\"CwL8h08jFt\"><a href=\"https:\/\/dokukino.net\/novosti\/tjedan-posebnih-programa-palestine-cinema-days-i-pocetak-distribucije-pobjednika-berlinalea\/\">Tjedan posebnih programa, Palestine Cinema Days i po\u010detak distribucije pobjednika Berlinalea<\/a><\/blockquote><iframe loading=\"lazy\" class=\"wp-embedded-content\" sandbox=\"allow-scripts\" security=\"restricted\" style=\"position: absolute; clip: rect(1px, 1px, 1px, 1px);\" title=\"&#8220;Tjedan posebnih programa, Palestine Cinema Days i po\u010detak distribucije pobjednika Berlinalea&#8221; &#8212; Dokukino KIC - Kino sa stavom\" src=\"https:\/\/dokukino.net\/novosti\/tjedan-posebnih-programa-palestine-cinema-days-i-pocetak-distribucije-pobjednika-berlinalea\/embed\/#?secret=W1EAMWtb0d#?secret=CwL8h08jFt\" data-secret=\"CwL8h08jFt\" width=\"600\" height=\"338\" frameborder=\"0\" marginwidth=\"0\" marginheight=\"0\" scrolling=\"no\"><\/iframe>\n<\/div><\/figure>\n\n\n\n<hr class=\"wp-block-separator\"\/>\n","protected":false},"excerpt":{"rendered":"","protected":false},"author":2,"featured_media":43022,"comment_status":"open","ping_status":"open","sticky":false,"template":"","format":"standard","meta":{"_acf_changed":false,"jetpack_post_was_ever_published":false,"_jetpack_newsletter_access":"","_jetpack_dont_email_post_to_subs":false,"_jetpack_newsletter_tier_id":0,"_jetpack_memberships_contains_paywalled_content":false,"_jetpack_memberships_contains_paid_content":false,"footnotes":"","jetpack_publicize_message":"","jetpack_publicize_feature_enabled":true,"jetpack_social_post_already_shared":true,"jetpack_social_options":{"image_generator_settings":{"template":"highway","default_image_id":0,"font":"","enabled":false},"version":2}},"categories":[13,3],"tags":[],"class_list":["post-43021","post","type-post","status-publish","format-standard","has-post-thumbnail","hentry","category-filmovi-i-serije","category-novosti"],"acf":{"facebook_opis":""},"jetpack_publicize_connections":[],"jetpack_featured_media_url":"https:\/\/i0.wp.com\/historiografija.hr\/wp-content\/uploads\/2024\/10\/women-on-hill-website.jpg?fit=1024%2C576&ssl=1","jetpack_sharing_enabled":true,"jetpack-related-posts":[],"_links":{"self":[{"href":"https:\/\/historiografija.hr\/index.php?rest_route=\/wp\/v2\/posts\/43021","targetHints":{"allow":["GET"]}}],"collection":[{"href":"https:\/\/historiografija.hr\/index.php?rest_route=\/wp\/v2\/posts"}],"about":[{"href":"https:\/\/historiografija.hr\/index.php?rest_route=\/wp\/v2\/types\/post"}],"author":[{"embeddable":true,"href":"https:\/\/historiografija.hr\/index.php?rest_route=\/wp\/v2\/users\/2"}],"replies":[{"embeddable":true,"href":"https:\/\/historiografija.hr\/index.php?rest_route=%2Fwp%2Fv2%2Fcomments&post=43021"}],"version-history":[{"count":1,"href":"https:\/\/historiografija.hr\/index.php?rest_route=\/wp\/v2\/posts\/43021\/revisions"}],"predecessor-version":[{"id":43023,"href":"https:\/\/historiografija.hr\/index.php?rest_route=\/wp\/v2\/posts\/43021\/revisions\/43023"}],"wp:featuredmedia":[{"embeddable":true,"href":"https:\/\/historiografija.hr\/index.php?rest_route=\/wp\/v2\/media\/43022"}],"wp:attachment":[{"href":"https:\/\/historiografija.hr\/index.php?rest_route=%2Fwp%2Fv2%2Fmedia&parent=43021"}],"wp:term":[{"taxonomy":"category","embeddable":true,"href":"https:\/\/historiografija.hr\/index.php?rest_route=%2Fwp%2Fv2%2Fcategories&post=43021"},{"taxonomy":"post_tag","embeddable":true,"href":"https:\/\/historiografija.hr\/index.php?rest_route=%2Fwp%2Fv2%2Ftags&post=43021"}],"curies":[{"name":"wp","href":"https:\/\/api.w.org\/{rel}","templated":true}]}}