{"id":43001,"date":"2024-10-30T21:46:35","date_gmt":"2024-10-30T21:46:35","guid":{"rendered":"http:\/\/historiografija.hr\/?p=43001"},"modified":"2024-10-30T21:47:56","modified_gmt":"2024-10-30T21:47:56","slug":"najava-jesenje-skole-u-centru-za-historijska-istrazivanja-univerzitet-u-sarajevu-filozofski-fakultet-beyond-epistemic-nationalism-and-eurocentrism-transregional-approaches-to-we","status":"publish","type":"post","link":"https:\/\/historiografija.hr\/?p=43001","title":{"rendered":"Najava jesenje \u0161kole u Centru za historijska istra\u017eivanja (Univerzitet u Sarajevu \u2013 Filozofski fakultet): \u201eBeyond Epistemic Nationalism and Eurocentrism. Transregional Approaches to Western Balkan Modernities during the Nineteenth Century&#8221;"},"content":{"rendered":"\n<p>Od 31. oktobra do 3. novembra 2024. godine na Univerzitetu u Sarajevu \u2013 Filozofskom fakultetu bit \u0107e odr\u017eana Jesenja \u0161kola \u201c<em>Izvan epistemi\u010dkog nacionalizma i evrocentrizma. Transregionalni pristupi modernosti Zapadnog Balkana tokom devetnaestog stolje\u0107a\u201d\/ <\/em>&#8220;Beyond Epistemic Nationalism and Eurocentrism. Transregional Approaches to Western Balkan Modernities during the Nineteenth Century&#8221;<em>. <\/em>U\u010desnici jesenje \u0161kole su nastavnici i studenti drugog i tre\u0107eg ciklusa studija sa Univerziteta u Lajpcigu, Univerziteta u Sarajevu i Univerziteta u Beogradu. Doma\u0107in susreta je Centar za historijska istra\u017eivanja Univerziteta u Sarajevu &#8211; Filozofskog fakulteta.<\/p>\n\n\n\n<p>Cilj Jesenje \u0161kole je da otvori nove perspektive o 19. stolje\u0107u na Zapadnom Balkanu kao klju\u010dnom periodu modernizacije, u kojem su se oblikovali koncepti kulture, zajedni\u0161tva i razli\u010ditosti koji i danas uti\u010du na lokalna dru\u0161tva. Modernizaciju ne treba shvatiti kao jednostrani proces opona\u0161anja zapadnoevropskih dru\u0161tava, ve\u0107 prije kao slo\u017een proces pregovaranja u kojem je presudan bio utjecaj Osmanskog i Ruskog carstva. Takav pristup ima za cilj da u\u010dini vidljivom dinamiku mobilnosti izme\u0111u jugoisto\u010dne Evrope i drugih regiona, posebno Bliskog istoka, koji se \u010desto zanemaruju kada se razmatraju procesi transformacije tokom dugog devetnaestog stolje\u0107a.<\/p>\n\n\n\n<p>\u0160iroka lepeza predava\u010da omogu\u0107ava diskusiju o spektru izvora koji u\u010desnicima pru\u017eaju svje\u017e uvid u procese rekonceptualizacije dru\u0161tva i kulture. Osim toga, interdisciplinarni pristup \u0107e analizom pisanih izvora kao i arhitektonskih artefakata tako\u0111er otvoriti nove historijske perspektive, uz ekskurzije u sarajevski urbani prostor koji \u0107e omogu\u0107iti prou\u010davanje <em>in situ<\/em>. Tokom popodnevnih sesija, u\u010desnici \u0107e imati priliku razgovarati s autorima o nekim klju\u010dnim knjigama iz historije jugoisto\u010dne Evrope 19. stolje\u0107a.<\/p>\n\n\n\n<p>U okviru programa Jesenje \u0161kole predvi\u0111eno je vi\u0161e aktivnosti koje \u0107e biti ovorene za javnost. Izdvajamo predavanje prof.dr. Klausa Buchenaua, profesora historije jugoisto\u010dne i isto\u010dne Evrope na Univerzitetu u Regensburgu \/ Universit\u00e4t Regensburg. Profesor Buchenau odr\u017eat \u0107e predavanje na temu &#8220;Studying in Russia as an Alternative Way to Modernity. Serbs in the Ecclesiastical Academies of the Russian Empire, 1850-1917&#8221; u \u010detvrtak 31.10.2024. s po\u010detkom u 18 sati u Malom amfiteatru Univerziteta u Sarajevu \u2013 Filozofskog fakultet (Franje Ra\u010dkog 1).\u00a0<\/p>\n\n\n\n<p>U petak 1. 11. 2024. godine u 18.00 sati bit \u0107e organizovan okrugli stol \u201e<em>A Century that Never Ends? Reflections on the Enduring Presence of the 19th Century\/Stolje\u0107e koje nikad ne prestaje? Refleksije o trajnoj prisutnosti 19. stolje\u0107a<\/em>\u201c kojim \u0107e moderirati dr. Dennis Dierks (Univerzitet u Lajpcigu \/ Universit\u00e4t Leipzig). Okrugli stol \u0107e se odr\u017eati u Sve\u010danoj sali dekanata Univerziteta u Sarajevu \u2013 Filozofskog fakulteta. Doga\u0111aj je otvoren za \u0161iru javnost.<\/p>\n\n\n\n<hr class=\"wp-block-separator\"\/>\n\n\n\n<figure class=\"wp-block-image size-large is-resized\"><img data-recalc-dims=\"1\" loading=\"lazy\" decoding=\"async\" data-attachment-id=\"43004\" data-permalink=\"https:\/\/historiografija.hr\/?attachment_id=43004\" data-orig-file=\"https:\/\/i0.wp.com\/historiografija.hr\/wp-content\/uploads\/2024\/10\/Plakat-1-scaled.jpg?fit=1808%2C2560&amp;ssl=1\" data-orig-size=\"1808,2560\" data-comments-opened=\"1\" data-image-meta=\"{&quot;aperture&quot;:&quot;0&quot;,&quot;credit&quot;:&quot;&quot;,&quot;camera&quot;:&quot;&quot;,&quot;caption&quot;:&quot;&quot;,&quot;created_timestamp&quot;:&quot;0&quot;,&quot;copyright&quot;:&quot;&quot;,&quot;focal_length&quot;:&quot;0&quot;,&quot;iso&quot;:&quot;0&quot;,&quot;shutter_speed&quot;:&quot;0&quot;,&quot;title&quot;:&quot;&quot;,&quot;orientation&quot;:&quot;0&quot;}\" data-image-title=\"Plakat-1\" data-image-description=\"\" data-image-caption=\"\" data-large-file=\"https:\/\/i0.wp.com\/historiografija.hr\/wp-content\/uploads\/2024\/10\/Plakat-1-scaled.jpg?fit=723%2C1024&amp;ssl=1\" src=\"https:\/\/i0.wp.com\/historiografija.hr\/wp-content\/uploads\/2024\/10\/Plakat-1.jpg?resize=352%2C499&#038;ssl=1\" alt=\"\" class=\"wp-image-43004\" width=\"352\" height=\"499\" srcset=\"https:\/\/i0.wp.com\/historiografija.hr\/wp-content\/uploads\/2024\/10\/Plakat-1-scaled.jpg?resize=723%2C1024&amp;ssl=1 723w, https:\/\/i0.wp.com\/historiografija.hr\/wp-content\/uploads\/2024\/10\/Plakat-1-scaled.jpg?resize=212%2C300&amp;ssl=1 212w, https:\/\/i0.wp.com\/historiografija.hr\/wp-content\/uploads\/2024\/10\/Plakat-1-scaled.jpg?resize=768%2C1088&amp;ssl=1 768w, https:\/\/i0.wp.com\/historiografija.hr\/wp-content\/uploads\/2024\/10\/Plakat-1-scaled.jpg?resize=1085%2C1536&amp;ssl=1 1085w, https:\/\/i0.wp.com\/historiografija.hr\/wp-content\/uploads\/2024\/10\/Plakat-1-scaled.jpg?resize=1446%2C2048&amp;ssl=1 1446w, https:\/\/i0.wp.com\/historiografija.hr\/wp-content\/uploads\/2024\/10\/Plakat-1-scaled.jpg?w=1808&amp;ssl=1 1808w, https:\/\/i0.wp.com\/historiografija.hr\/wp-content\/uploads\/2024\/10\/Plakat-1-scaled.jpg?w=1720&amp;ssl=1 1720w\" sizes=\"auto, (max-width: 352px) 100vw, 352px\" \/><\/figure>\n\n\n\n<figure class=\"wp-block-image size-large is-resized\"><img data-recalc-dims=\"1\" loading=\"lazy\" decoding=\"async\" data-attachment-id=\"43002\" data-permalink=\"https:\/\/historiografija.hr\/?attachment_id=43002\" data-orig-file=\"https:\/\/i0.wp.com\/historiografija.hr\/wp-content\/uploads\/2024\/10\/Plakat_2-scaled.jpg?fit=1808%2C2560&amp;ssl=1\" data-orig-size=\"1808,2560\" data-comments-opened=\"1\" data-image-meta=\"{&quot;aperture&quot;:&quot;0&quot;,&quot;credit&quot;:&quot;&quot;,&quot;camera&quot;:&quot;&quot;,&quot;caption&quot;:&quot;&quot;,&quot;created_timestamp&quot;:&quot;0&quot;,&quot;copyright&quot;:&quot;&quot;,&quot;focal_length&quot;:&quot;0&quot;,&quot;iso&quot;:&quot;0&quot;,&quot;shutter_speed&quot;:&quot;0&quot;,&quot;title&quot;:&quot;&quot;,&quot;orientation&quot;:&quot;0&quot;}\" data-image-title=\"Plakat_2\" data-image-description=\"\" data-image-caption=\"\" data-large-file=\"https:\/\/i0.wp.com\/historiografija.hr\/wp-content\/uploads\/2024\/10\/Plakat_2-scaled.jpg?fit=723%2C1024&amp;ssl=1\" src=\"https:\/\/i0.wp.com\/historiografija.hr\/wp-content\/uploads\/2024\/10\/Plakat_2.jpg?resize=350%2C497&#038;ssl=1\" alt=\"\" class=\"wp-image-43002\" width=\"350\" height=\"497\" srcset=\"https:\/\/i0.wp.com\/historiografija.hr\/wp-content\/uploads\/2024\/10\/Plakat_2-scaled.jpg?resize=723%2C1024&amp;ssl=1 723w, https:\/\/i0.wp.com\/historiografija.hr\/wp-content\/uploads\/2024\/10\/Plakat_2-scaled.jpg?resize=212%2C300&amp;ssl=1 212w, https:\/\/i0.wp.com\/historiografija.hr\/wp-content\/uploads\/2024\/10\/Plakat_2-scaled.jpg?resize=768%2C1088&amp;ssl=1 768w, https:\/\/i0.wp.com\/historiografija.hr\/wp-content\/uploads\/2024\/10\/Plakat_2-scaled.jpg?resize=1446%2C2048&amp;ssl=1 1446w, https:\/\/i0.wp.com\/historiografija.hr\/wp-content\/uploads\/2024\/10\/Plakat_2-scaled.jpg?w=1808&amp;ssl=1 1808w, https:\/\/i0.wp.com\/historiografija.hr\/wp-content\/uploads\/2024\/10\/Plakat_2-scaled.jpg?w=1720&amp;ssl=1 1720w\" sizes=\"auto, (max-width: 350px) 100vw, 350px\" \/><\/figure>\n\n\n\n<hr class=\"wp-block-separator\"\/>\n\n\n\n<p>Dodatne obavijesti:<\/p>\n\n\n\n<p><a href=\"https:\/\/historiografija.ba\/historija-u-javnosti\/naucne-manifestacije\/jesenja-skola-izvan-epistemickog-nacionalizma-i-evrocentrizma\">https:\/\/historiografija.ba\/historija-u-javnosti\/naucne-manifestacije\/jesenja-skola-izvan-epistemickog-nacionalizma-i-evrocentrizma<\/a><\/p>\n\n\n\n<p><a href=\"https:\/\/www.facebook.com\/Centar.HIS\/\">https:\/\/www.facebook.com\/Centar.HIS\/<\/a><\/p>\n\n\n\n<hr class=\"wp-block-separator\"\/>\n","protected":false},"excerpt":{"rendered":"","protected":false},"author":2,"featured_media":43002,"comment_status":"open","ping_status":"open","sticky":false,"template":"","format":"standard","meta":{"_acf_changed":false,"jetpack_post_was_ever_published":false,"_jetpack_newsletter_access":"","_jetpack_dont_email_post_to_subs":false,"_jetpack_newsletter_tier_id":0,"_jetpack_memberships_contains_paywalled_content":false,"_jetpack_memberships_contains_paid_content":false,"footnotes":"","jetpack_publicize_message":"","jetpack_publicize_feature_enabled":true,"jetpack_social_post_already_shared":true,"jetpack_social_options":{"image_generator_settings":{"template":"highway","default_image_id":0,"font":"","enabled":false},"version":2}},"categories":[3],"tags":[],"class_list":["post-43001","post","type-post","status-publish","format-standard","has-post-thumbnail","hentry","category-novosti"],"acf":{"facebook_opis":""},"jetpack_publicize_connections":[],"jetpack_featured_media_url":"https:\/\/i0.wp.com\/historiografija.hr\/wp-content\/uploads\/2024\/10\/Plakat_2-scaled.jpg?fit=1808%2C2560&ssl=1","jetpack_sharing_enabled":true,"jetpack-related-posts":[],"_links":{"self":[{"href":"https:\/\/historiografija.hr\/index.php?rest_route=\/wp\/v2\/posts\/43001","targetHints":{"allow":["GET"]}}],"collection":[{"href":"https:\/\/historiografija.hr\/index.php?rest_route=\/wp\/v2\/posts"}],"about":[{"href":"https:\/\/historiografija.hr\/index.php?rest_route=\/wp\/v2\/types\/post"}],"author":[{"embeddable":true,"href":"https:\/\/historiografija.hr\/index.php?rest_route=\/wp\/v2\/users\/2"}],"replies":[{"embeddable":true,"href":"https:\/\/historiografija.hr\/index.php?rest_route=%2Fwp%2Fv2%2Fcomments&post=43001"}],"version-history":[{"count":3,"href":"https:\/\/historiografija.hr\/index.php?rest_route=\/wp\/v2\/posts\/43001\/revisions"}],"predecessor-version":[{"id":43006,"href":"https:\/\/historiografija.hr\/index.php?rest_route=\/wp\/v2\/posts\/43001\/revisions\/43006"}],"wp:featuredmedia":[{"embeddable":true,"href":"https:\/\/historiografija.hr\/index.php?rest_route=\/wp\/v2\/media\/43002"}],"wp:attachment":[{"href":"https:\/\/historiografija.hr\/index.php?rest_route=%2Fwp%2Fv2%2Fmedia&parent=43001"}],"wp:term":[{"taxonomy":"category","embeddable":true,"href":"https:\/\/historiografija.hr\/index.php?rest_route=%2Fwp%2Fv2%2Fcategories&post=43001"},{"taxonomy":"post_tag","embeddable":true,"href":"https:\/\/historiografija.hr\/index.php?rest_route=%2Fwp%2Fv2%2Ftags&post=43001"}],"curies":[{"name":"wp","href":"https:\/\/api.w.org\/{rel}","templated":true}]}}