{"id":42988,"date":"2024-10-30T21:08:08","date_gmt":"2024-10-30T21:08:08","guid":{"rendered":"http:\/\/historiografija.hr\/?p=42988"},"modified":"2024-10-30T21:08:08","modified_gmt":"2024-10-30T21:08:08","slug":"projekcija-filma-el-shatt-nacrt-za-utopiju-i-razgovor-s-autorom-ivanom-ramljakom-u-knjiznici-ief-a","status":"publish","type":"post","link":"https:\/\/historiografija.hr\/?p=42988","title":{"rendered":"Projekcija filma \u201eEl Shatt: Nacrt za utopiju\u201c i razgovor s autorom Ivanom Ramljakom u Knji\u017enici IEF-a"},"content":{"rendered":"\n<p>U okviru manifestacije <strong>Mjesec hrvatske knjige 2024. <\/strong>Institut za etnologiju i folkloristiku poziva na projekciju filma <strong>El Shatt: Nacrt za utopiju <\/strong>i razgovor s autorom <strong>Ivanom Ramljakom <\/strong>koji \u0107e se odr\u017eati u <strong>utorak 5. studenoga 2024. u 13 sati <\/strong>u knji\u017enici Instituta za etnologiju i folkloristiku u Zagrebu (\u0160ubi\u0107eva 42\/V. kat).<\/p>\n\n\n\n<p>Predavanje se odr\u017eava u sklopu projekta \u201ePoetike i politike etnografije danas\u201c koji financira Europska unija \u2013 NextGenerationEU.<\/p>\n\n\n\n<hr class=\"wp-block-separator\"\/>\n\n\n\n<p>Op\u0161irnije:<\/p>\n\n\n\n<figure class=\"wp-block-embed-wordpress wp-block-embed is-type-wp-embed is-provider-odsjek-za-etnologiju-i-kulturnu-antropologiju\"><div class=\"wp-block-embed__wrapper\">\n<blockquote class=\"wp-embedded-content\" data-secret=\"WroGQppt9D\"><a href=\"https:\/\/etno.ffzg.unizg.hr\/projekcija-filma-el-shatt-nacrt-za-utopiju-i-razgovor-s-autorom-ivanom-ramljakom-utorak-5-11-2024-u-13-sati-knjiznica-ief-a\/\">Projekcija filma &#8211; El Shatt: Nacrt za utopiju i razgovor s autorom Ivanom Ramljakom, utorak 5.11.2024. u 13 sati, Knji\u017enica IEF-a<\/a><\/blockquote><iframe loading=\"lazy\" class=\"wp-embedded-content\" sandbox=\"allow-scripts\" security=\"restricted\" style=\"position: absolute; clip: rect(1px, 1px, 1px, 1px);\" title=\"&#8220;Projekcija filma &#8211; El Shatt: Nacrt za utopiju i razgovor s autorom Ivanom Ramljakom, utorak 5.11.2024. u 13 sati, Knji\u017enica IEF-a&#8221; &#8212; Odsjek za etnologiju i kulturnu antropologiju\" src=\"https:\/\/etno.ffzg.unizg.hr\/projekcija-filma-el-shatt-nacrt-za-utopiju-i-razgovor-s-autorom-ivanom-ramljakom-utorak-5-11-2024-u-13-sati-knjiznica-ief-a\/embed\/#?secret=uGW7SebIzr#?secret=WroGQppt9D\" data-secret=\"WroGQppt9D\" width=\"600\" height=\"338\" frameborder=\"0\" marginwidth=\"0\" marginheight=\"0\" scrolling=\"no\"><\/iframe>\n<\/div><\/figure>\n\n\n\n<p><a href=\"https:\/\/www.facebook.com\/institutzaetnologijuifolkloristiku\/\">https:\/\/www.facebook.com\/institutzaetnologijuifolkloristiku\/<\/a><\/p>\n\n\n\n<hr class=\"wp-block-separator\"\/>\n","protected":false},"excerpt":{"rendered":"","protected":false},"author":2,"featured_media":42989,"comment_status":"open","ping_status":"open","sticky":false,"template":"","format":"standard","meta":{"_acf_changed":false,"jetpack_post_was_ever_published":false,"_jetpack_newsletter_access":"","_jetpack_dont_email_post_to_subs":false,"_jetpack_newsletter_tier_id":0,"_jetpack_memberships_contains_paywalled_content":false,"_jetpack_memberships_contains_paid_content":false,"footnotes":"","jetpack_publicize_message":"","jetpack_publicize_feature_enabled":true,"jetpack_social_post_already_shared":true,"jetpack_social_options":{"image_generator_settings":{"template":"highway","default_image_id":0,"font":"","enabled":false},"version":2}},"categories":[13,3],"tags":[],"class_list":["post-42988","post","type-post","status-publish","format-standard","has-post-thumbnail","hentry","category-filmovi-i-serije","category-novosti"],"acf":{"facebook_opis":""},"jetpack_publicize_connections":[],"jetpack_featured_media_url":"https:\/\/i0.wp.com\/historiografija.hr\/wp-content\/uploads\/2024\/10\/Film_projekcija.jpg?fit=720%2C509&ssl=1","jetpack_sharing_enabled":true,"jetpack-related-posts":[],"_links":{"self":[{"href":"https:\/\/historiografija.hr\/index.php?rest_route=\/wp\/v2\/posts\/42988","targetHints":{"allow":["GET"]}}],"collection":[{"href":"https:\/\/historiografija.hr\/index.php?rest_route=\/wp\/v2\/posts"}],"about":[{"href":"https:\/\/historiografija.hr\/index.php?rest_route=\/wp\/v2\/types\/post"}],"author":[{"embeddable":true,"href":"https:\/\/historiografija.hr\/index.php?rest_route=\/wp\/v2\/users\/2"}],"replies":[{"embeddable":true,"href":"https:\/\/historiografija.hr\/index.php?rest_route=%2Fwp%2Fv2%2Fcomments&post=42988"}],"version-history":[{"count":1,"href":"https:\/\/historiografija.hr\/index.php?rest_route=\/wp\/v2\/posts\/42988\/revisions"}],"predecessor-version":[{"id":42990,"href":"https:\/\/historiografija.hr\/index.php?rest_route=\/wp\/v2\/posts\/42988\/revisions\/42990"}],"wp:featuredmedia":[{"embeddable":true,"href":"https:\/\/historiografija.hr\/index.php?rest_route=\/wp\/v2\/media\/42989"}],"wp:attachment":[{"href":"https:\/\/historiografija.hr\/index.php?rest_route=%2Fwp%2Fv2%2Fmedia&parent=42988"}],"wp:term":[{"taxonomy":"category","embeddable":true,"href":"https:\/\/historiografija.hr\/index.php?rest_route=%2Fwp%2Fv2%2Fcategories&post=42988"},{"taxonomy":"post_tag","embeddable":true,"href":"https:\/\/historiografija.hr\/index.php?rest_route=%2Fwp%2Fv2%2Ftags&post=42988"}],"curies":[{"name":"wp","href":"https:\/\/api.w.org\/{rel}","templated":true}]}}