{"id":42985,"date":"2024-10-30T21:01:55","date_gmt":"2024-10-30T21:01:55","guid":{"rendered":"http:\/\/historiografija.hr\/?p=42985"},"modified":"2024-10-30T21:01:55","modified_gmt":"2024-10-30T21:01:55","slug":"filmski-kurikulum-prvi-partizanski-film","status":"publish","type":"post","link":"https:\/\/historiografija.hr\/?p=42985","title":{"rendered":"FILMSKI KURIKULUM: PRVI PARTIZANSKI FILM"},"content":{"rendered":"\n<p>Prvi <em><strong>Filmski kurikulum\u00a0<\/strong><\/em>u novoj sezoni posve\u0107ujemo uzbudljivim po\u010decima hrvatske poslijeratne kinematografije. U <strong>\u010detvrtak, 31. 10. u\u00a021 h u Kulturno informativnom centru KIC<\/strong> prikazat \u0107emo prvi igrani film doma\u0107e kinematografije u razdoblju socijalisti\u010dke Jugoslavije i prvi na\u0161 partizanski film <em><strong>\u017divje\u0107e ovaj narod<\/strong><\/em><strong> (1947).<\/strong> Film srpskog redatelja <strong>Nikole Popovi\u0107a<\/strong> u produkciji Jadran filma bila je spektakularna epopeja za koju dr\u017eava, u \u017eelji da proslavi svoju nedavnu slavnu pro\u0161lost, nije \u017ealila tro\u0161ka, pa je za potrebe snje\u017enih scena \u010dak kamionima dovezen snijeg s okolnih planina. Struktura filma kao \u201erevolucionarne freske\u201c u kojoj je glavni lik narod trebala je poslu\u017eiti kao model za budu\u0107e partizanske filmove, ali su kasniji filmovi ipak preferirali individualne partizanske junake. Kao predigru filmu vidjet \u0107emo film <em><strong>Iz tame u svjetlost<\/strong><\/em><strong> Milana Kati\u0107a<\/strong>, majstora poslijeratnog dokumentarnog filma, o velikom dr\u017eavnom projektu opismenjivanja seoskog stanovni\u0161tva.<br>\u00a0<br>Uo\u010di projekcije uvodnu rije\u010d odr\u017eat \u0107e <strong>dr. sc. Tomislav \u0160aki\u0107,<\/strong> nastavnik povijesti hrvatskog filma na Akademiji dramske umjetnosti. Kustos programa je <strong>Juraj Kuko\u010d,<\/strong> vi\u0161i filmski arhivist iz Hrvatske kinoteke.\u00a0<br>\u00a0<br><em><strong>Filmski kurikulum<\/strong><\/em> program je klasika hrvatske kinematografije namijenjen studentima povijesti hrvatskog filma na zagreba\u010dkim fakultetima i svim gra\u0111anima zainteresiranim za upoznavanje s hrvatskom filmskom ba\u0161tinom. Program je nastao u suradnji Hrvatske kinoteke \u2013 odjela Hrvatskog dr\u017eavnog arhiva, Kulturno informativnog centra, Hrvatskog audiovizualnog centra (projekt Filmska pismenost) i nastavnika povijesti hrvatskog filma na Akademiji dramske umjetnosti, Filozofskom fakultetu i Fakultetu hrvatskih studija.<br><br><em>Ulaz na projekciju je slobodan<\/em><\/p>\n\n\n\n<hr class=\"wp-block-separator\"\/>\n\n\n\n<p><em>Izvor:<\/em><\/p>\n\n\n\n<p><a href=\"https:\/\/www.kic.hr\/program\/kino\/filmski-kurikulumprvi-partizanski-film\/\">https:\/\/www.kic.hr\/program\/kino\/filmski-kurikulumprvi-partizanski-film\/<\/a><\/p>\n\n\n\n<hr class=\"wp-block-separator\"\/>\n","protected":false},"excerpt":{"rendered":"","protected":false},"author":2,"featured_media":42986,"comment_status":"open","ping_status":"open","sticky":false,"template":"","format":"standard","meta":{"_acf_changed":false,"jetpack_post_was_ever_published":false,"_jetpack_newsletter_access":"","_jetpack_dont_email_post_to_subs":false,"_jetpack_newsletter_tier_id":0,"_jetpack_memberships_contains_paywalled_content":false,"_jetpack_memberships_contains_paid_content":false,"footnotes":"","jetpack_publicize_message":"","jetpack_publicize_feature_enabled":true,"jetpack_social_post_already_shared":true,"jetpack_social_options":{"image_generator_settings":{"template":"highway","default_image_id":0,"font":"","enabled":false},"version":2}},"categories":[13,3],"tags":[],"class_list":["post-42985","post","type-post","status-publish","format-standard","has-post-thumbnail","hentry","category-filmovi-i-serije","category-novosti"],"acf":{"facebook_opis":""},"jetpack_publicize_connections":[],"jetpack_featured_media_url":"https:\/\/i0.wp.com\/historiografija.hr\/wp-content\/uploads\/2024\/10\/Kurikulum.jpg?fit=1920%2C1200&ssl=1","jetpack_sharing_enabled":true,"jetpack-related-posts":[],"_links":{"self":[{"href":"https:\/\/historiografija.hr\/index.php?rest_route=\/wp\/v2\/posts\/42985","targetHints":{"allow":["GET"]}}],"collection":[{"href":"https:\/\/historiografija.hr\/index.php?rest_route=\/wp\/v2\/posts"}],"about":[{"href":"https:\/\/historiografija.hr\/index.php?rest_route=\/wp\/v2\/types\/post"}],"author":[{"embeddable":true,"href":"https:\/\/historiografija.hr\/index.php?rest_route=\/wp\/v2\/users\/2"}],"replies":[{"embeddable":true,"href":"https:\/\/historiografija.hr\/index.php?rest_route=%2Fwp%2Fv2%2Fcomments&post=42985"}],"version-history":[{"count":1,"href":"https:\/\/historiografija.hr\/index.php?rest_route=\/wp\/v2\/posts\/42985\/revisions"}],"predecessor-version":[{"id":42987,"href":"https:\/\/historiografija.hr\/index.php?rest_route=\/wp\/v2\/posts\/42985\/revisions\/42987"}],"wp:featuredmedia":[{"embeddable":true,"href":"https:\/\/historiografija.hr\/index.php?rest_route=\/wp\/v2\/media\/42986"}],"wp:attachment":[{"href":"https:\/\/historiografija.hr\/index.php?rest_route=%2Fwp%2Fv2%2Fmedia&parent=42985"}],"wp:term":[{"taxonomy":"category","embeddable":true,"href":"https:\/\/historiografija.hr\/index.php?rest_route=%2Fwp%2Fv2%2Fcategories&post=42985"},{"taxonomy":"post_tag","embeddable":true,"href":"https:\/\/historiografija.hr\/index.php?rest_route=%2Fwp%2Fv2%2Ftags&post=42985"}],"curies":[{"name":"wp","href":"https:\/\/api.w.org\/{rel}","templated":true}]}}