{"id":42974,"date":"2024-10-29T21:26:24","date_gmt":"2024-10-29T21:26:24","guid":{"rendered":"http:\/\/historiografija.hr\/?p=42974"},"modified":"2024-10-29T21:26:24","modified_gmt":"2024-10-29T21:26:24","slug":"zbornik-radova-slovenski-svecenici-u-hrvatskoj-istri-u-19-i-20-stoljecu","status":"publish","type":"post","link":"https:\/\/historiografija.hr\/?p=42974","title":{"rendered":"Zbornik radova \u201eSlovenski sve\u0107enici u hrvatskoj Istri u 19. i 20. stolje\u0107u\u201c"},"content":{"rendered":"\n<p><strong>Izdava\u010d<\/strong>: Dr\u017eavni arhiv u Pazinu<\/p>\n\n\n\n<p><strong>Suizdava\u010di<\/strong>: Pore\u010dka i Pulska Biskupija, In\u0161titut za narodnostna vpra\u0161anja Ljubljana<\/p>\n\n\n\n<p><strong>ISBN: 978-953-7640-55-2<\/strong><\/p>\n\n\n\n<p><strong>Godina izdavanja:<\/strong> 2024.<\/p>\n\n\n\n<p><strong>Preuzmite:<\/strong><\/p>\n\n\n\n<ul class=\"wp-block-list\"><li><a href=\"https:\/\/www.dapa.hr\/wp-content\/uploads\/impresum.pdf\" target=\"_blank\" rel=\"noreferrer noopener\">Impresum<\/a> (.pdf, 28 kB)<\/li><li><a href=\"https:\/\/www.dapa.hr\/wp-content\/uploads\/sadrzaj.pdf\" target=\"_blank\" rel=\"noreferrer noopener\">Sadr\u017eaj<\/a> (.pdf, 28 kB)<\/li><li><a href=\"https:\/\/www.dapa.hr\/wp-content\/uploads\/rijec_urednice.pdf\" target=\"_blank\" rel=\"noreferrer noopener\">Rije\u010d urednice <\/a>(.pdf, 117 kB)<\/li><\/ul>\n\n\n\n<hr class=\"wp-block-separator\"\/>\n\n\n\n<p>Izvor:<\/p>\n\n\n\n<figure class=\"wp-block-embed-wordpress wp-block-embed is-type-wp-embed is-provider-drzavni-arhiv-u-pazinu\"><div class=\"wp-block-embed__wrapper\">\n<blockquote class=\"wp-embedded-content\" data-secret=\"BBptwAZ7mw\"><a href=\"https:\/\/www.dapa.hr\/slovenski-svecenici-u-hrvatskoj-istri-u-19-i-20-stoljecu-2024\/\">Slovenski sve\u0107enici u hrvatskoj Istri u 19. i 20. stolje\u0107u (2024.)<\/a><\/blockquote><iframe loading=\"lazy\" class=\"wp-embedded-content\" sandbox=\"allow-scripts\" security=\"restricted\" style=\"position: absolute; clip: rect(1px, 1px, 1px, 1px);\" title=\"&#8220;Slovenski sve\u0107enici u hrvatskoj Istri u 19. i 20. stolje\u0107u (2024.)&#8221; &#8212; Dr\u017eavni arhiv u Pazinu\" src=\"https:\/\/www.dapa.hr\/slovenski-svecenici-u-hrvatskoj-istri-u-19-i-20-stoljecu-2024\/embed\/#?secret=8oB8fTOcA3#?secret=BBptwAZ7mw\" data-secret=\"BBptwAZ7mw\" width=\"600\" height=\"338\" frameborder=\"0\" marginwidth=\"0\" marginheight=\"0\" scrolling=\"no\"><\/iframe>\n<\/div><\/figure>\n\n\n\n<hr class=\"wp-block-separator\"\/>\n","protected":false},"excerpt":{"rendered":"","protected":false},"author":2,"featured_media":42975,"comment_status":"open","ping_status":"open","sticky":false,"template":"","format":"standard","meta":{"_acf_changed":false,"jetpack_post_was_ever_published":false,"_jetpack_newsletter_access":"","_jetpack_dont_email_post_to_subs":false,"_jetpack_newsletter_tier_id":0,"_jetpack_memberships_contains_paywalled_content":false,"_jetpack_memberships_contains_paid_content":false,"footnotes":"","jetpack_publicize_message":"","jetpack_publicize_feature_enabled":true,"jetpack_social_post_already_shared":true,"jetpack_social_options":{"image_generator_settings":{"template":"highway","default_image_id":0,"font":"","enabled":false},"version":2}},"categories":[8,3],"tags":[],"class_list":["post-42974","post","type-post","status-publish","format-standard","has-post-thumbnail","hentry","category-knjige","category-novosti"],"acf":{"facebook_opis":""},"jetpack_publicize_connections":[],"jetpack_featured_media_url":"https:\/\/i0.wp.com\/historiografija.hr\/wp-content\/uploads\/2024\/10\/svecenstvo_korice.jpg?fit=1863%2C2560&ssl=1","jetpack_sharing_enabled":true,"jetpack-related-posts":[],"_links":{"self":[{"href":"https:\/\/historiografija.hr\/index.php?rest_route=\/wp\/v2\/posts\/42974","targetHints":{"allow":["GET"]}}],"collection":[{"href":"https:\/\/historiografija.hr\/index.php?rest_route=\/wp\/v2\/posts"}],"about":[{"href":"https:\/\/historiografija.hr\/index.php?rest_route=\/wp\/v2\/types\/post"}],"author":[{"embeddable":true,"href":"https:\/\/historiografija.hr\/index.php?rest_route=\/wp\/v2\/users\/2"}],"replies":[{"embeddable":true,"href":"https:\/\/historiografija.hr\/index.php?rest_route=%2Fwp%2Fv2%2Fcomments&post=42974"}],"version-history":[{"count":1,"href":"https:\/\/historiografija.hr\/index.php?rest_route=\/wp\/v2\/posts\/42974\/revisions"}],"predecessor-version":[{"id":42976,"href":"https:\/\/historiografija.hr\/index.php?rest_route=\/wp\/v2\/posts\/42974\/revisions\/42976"}],"wp:featuredmedia":[{"embeddable":true,"href":"https:\/\/historiografija.hr\/index.php?rest_route=\/wp\/v2\/media\/42975"}],"wp:attachment":[{"href":"https:\/\/historiografija.hr\/index.php?rest_route=%2Fwp%2Fv2%2Fmedia&parent=42974"}],"wp:term":[{"taxonomy":"category","embeddable":true,"href":"https:\/\/historiografija.hr\/index.php?rest_route=%2Fwp%2Fv2%2Fcategories&post=42974"},{"taxonomy":"post_tag","embeddable":true,"href":"https:\/\/historiografija.hr\/index.php?rest_route=%2Fwp%2Fv2%2Ftags&post=42974"}],"curies":[{"name":"wp","href":"https:\/\/api.w.org\/{rel}","templated":true}]}}