{"id":42954,"date":"2024-10-28T14:33:08","date_gmt":"2024-10-28T14:33:08","guid":{"rendered":"http:\/\/historiografija.hr\/?p=42954"},"modified":"2024-10-28T14:33:08","modified_gmt":"2024-10-28T14:33:08","slug":"regionalna-cajanka-predavanje-mitje-velikonje-jugoslavija-posle-jugoslavije-grafiti-o-jugoslaviji-u-post-jugoslovenskom-urbanom-prostoru","status":"publish","type":"post","link":"https:\/\/historiografija.hr\/?p=42954","title":{"rendered":"Regionalna \u010dajanka: Predavanje Mitje Velikonje \u201eJugoslavija posle Jugoslavije \u2013 Grafiti o Jugoslaviji u post-jugoslovenskom urbanom prostoru\u201c"},"content":{"rendered":"\n<p>Pozivamo Vas na predavanje<br>\u00a0<br><strong>prof. dr Mitje Velikonje<\/strong><br>Fakultet dru\u0161tvenih nauka<br>Univerzitet u Ljubljani<br><br>na temu<br><em>Jugoslavija posle Jugoslavije \u2013<br>Grafiti o Jugoslaviji u post-jugoslovenskom urbanom prostoru\u00a0<\/em><br>\u00a0<br>Predavanje \u0107e se odr\u017eati<br>u sredu <strong>30. oktobra 2024. godine u 12 \u010dasova<\/strong><br>u Institutu dru\u0161tvenih nauka u Beogradu (ulica Kraljice Natalije br. 45),<br>u Velikoj sali na prvom spratu.<br>\u00a0<br>Moderatorka predavanja i diskusije je dr Irena Risti\u0107 (IDN).\u00a0<br><br>Predavanje mo\u017eete pratiti i onlajn putem zoom platforme.<br><a rel=\"noreferrer noopener\" href=\"https:\/\/ancsee.us5.list-manage.com\/track\/click?u=ec5b48601656f9adc94edf70d&amp;id=46db59aa42&amp;e=2f58bfb921\" target=\"_blank\">https:\/\/zoom.us\/j\/97067508307?pwd=azraZ8a48YEDljqAryWIBXA5AZfPUz.1<\/a><br>Meeting ID: 970 6750 8307<br>Passcode: 967381\u00a0<\/p>\n\n\n\n<hr class=\"wp-block-separator\"\/>\n\n\n\n<p>Op\u0161irnije:<\/p>\n\n\n\n<p><a href=\"https:\/\/idn.org.rs\/regionalna-cajanka-sa-mitjom-velikonjom-jugoslavija-posle-jugoslavije-grafiti-o-jugoslaviji-u-post-jugoslovenskom-urbanom-prostoru\/\">https:\/\/idn.org.rs\/regionalna-cajanka-sa-mitjom-velikonjom-jugoslavija-posle-jugoslavije-grafiti-o-jugoslaviji-u-post-jugoslovenskom-urbanom-prostoru\/<\/a><\/p>\n\n\n\n<p><a href=\"https:\/\/ancsee.org\/tea-party-with-mitja-velikonja-the-perception-of-yugoslavia-through-graffitis\/\">https:\/\/ancsee.org\/tea-party-with-mitja-velikonja-the-perception-of-yugoslavia-through-graffitis\/<\/a><\/p>\n\n\n\n<hr class=\"wp-block-separator\"\/>\n","protected":false},"excerpt":{"rendered":"","protected":false},"author":2,"featured_media":40214,"comment_status":"open","ping_status":"open","sticky":false,"template":"","format":"standard","meta":{"_acf_changed":false,"jetpack_post_was_ever_published":false,"_jetpack_newsletter_access":"","_jetpack_dont_email_post_to_subs":false,"_jetpack_newsletter_tier_id":0,"_jetpack_memberships_contains_paywalled_content":false,"_jetpack_memberships_contains_paid_content":false,"footnotes":"","jetpack_publicize_message":"","jetpack_publicize_feature_enabled":true,"jetpack_social_post_already_shared":true,"jetpack_social_options":{"image_generator_settings":{"template":"highway","default_image_id":0,"font":"","enabled":false},"version":2}},"categories":[3],"tags":[],"class_list":["post-42954","post","type-post","status-publish","format-standard","has-post-thumbnail","hentry","category-novosti"],"acf":{"facebook_opis":""},"jetpack_publicize_connections":[],"jetpack_featured_media_url":"https:\/\/i0.wp.com\/historiografija.hr\/wp-content\/uploads\/2024\/03\/cajanka-2024-lat.jpg?fit=1920%2C1080&ssl=1","jetpack_sharing_enabled":true,"jetpack-related-posts":[],"_links":{"self":[{"href":"https:\/\/historiografija.hr\/index.php?rest_route=\/wp\/v2\/posts\/42954","targetHints":{"allow":["GET"]}}],"collection":[{"href":"https:\/\/historiografija.hr\/index.php?rest_route=\/wp\/v2\/posts"}],"about":[{"href":"https:\/\/historiografija.hr\/index.php?rest_route=\/wp\/v2\/types\/post"}],"author":[{"embeddable":true,"href":"https:\/\/historiografija.hr\/index.php?rest_route=\/wp\/v2\/users\/2"}],"replies":[{"embeddable":true,"href":"https:\/\/historiografija.hr\/index.php?rest_route=%2Fwp%2Fv2%2Fcomments&post=42954"}],"version-history":[{"count":1,"href":"https:\/\/historiografija.hr\/index.php?rest_route=\/wp\/v2\/posts\/42954\/revisions"}],"predecessor-version":[{"id":42955,"href":"https:\/\/historiografija.hr\/index.php?rest_route=\/wp\/v2\/posts\/42954\/revisions\/42955"}],"wp:featuredmedia":[{"embeddable":true,"href":"https:\/\/historiografija.hr\/index.php?rest_route=\/wp\/v2\/media\/40214"}],"wp:attachment":[{"href":"https:\/\/historiografija.hr\/index.php?rest_route=%2Fwp%2Fv2%2Fmedia&parent=42954"}],"wp:term":[{"taxonomy":"category","embeddable":true,"href":"https:\/\/historiografija.hr\/index.php?rest_route=%2Fwp%2Fv2%2Fcategories&post=42954"},{"taxonomy":"post_tag","embeddable":true,"href":"https:\/\/historiografija.hr\/index.php?rest_route=%2Fwp%2Fv2%2Ftags&post=42954"}],"curies":[{"name":"wp","href":"https:\/\/api.w.org\/{rel}","templated":true}]}}