{"id":42952,"date":"2024-10-28T14:27:01","date_gmt":"2024-10-28T14:27:01","guid":{"rendered":"http:\/\/historiografija.hr\/?p=42952"},"modified":"2024-10-28T14:27:01","modified_gmt":"2024-10-28T14:27:01","slug":"pogled-sa-strane-davor-beganovic-o-lovrenovicevoj-prozi-koja-vlastitu-obiteljsku-tragediju-odmice-od-politikanskih-lamentacija-o-kriznom-putu-i-tragicnoj","status":"publish","type":"post","link":"https:\/\/historiografija.hr\/?p=42952","title":{"rendered":"\u201ePogled sa strane\u201c: Davor Beganovi\u0107 o Lovrenovi\u0107evoj prozi koja vlastitu obiteljsku tragediju odmi\u010de od \u201epolitikanskih lamentacija o \u201eKri\u017enom putu\u201c i tragi\u010dnoj sudbini hrvatskoga naroda\u201c"},"content":{"rendered":"\n<p>\u201eIli Ivan Lovrenovi\u0107 koji ve\u0107 trideset godina varira istu pri\u010du tra\u017ee\u0107i odgovor na sredi\u0161nje pitanje: Za\u0161to se otac odlu\u010dio ostaviti obitelj i slijediti zlikova\u010dki re\u017eim, s kojim se nije slagao i kojemu je tek nevoljko slu\u017eio, na putu propasti motiviranom bijegom pred o\u010dekivanom osvetom pobjednika? Svoju osobnu traumu Lovrenovi\u0107 uvija u \u010dudesni veo koji se sastoji od fiktivnih i stvarnih pri\u010da o bosanskim franjevcima, od ispisivanja kronike zavi\u010daja, preko meditacija o lektirama i putovanjima pa sve do lista onih knjiga koje su tvorile zaostav\u0161tinu o\u010deve biblioteke. <em>Nestali u stolje\u0107u<\/em> i <em>U sjeni fantoma<\/em> romani su kojima se poku\u0161ava zatvoriti krug kojega je nemogu\u0107e zatvoriti. Ta je duboko intimna i melankoli\u010dna proza svojom uzoritom reflektirano\u0161\u0107u miljama udaljena od politikantskih lamentacija o \u201eKri\u017enom putu\u201c i tragi\u010dnoj sudbini hrvatskoga naroda. Dostojanstvo kojim se Ivan Lovrenovi\u0107 suzdr\u017eava inskribirati svoju osobnu tragediju u tragediju nacije, na\u010din na koji on odbija sudjelovati u sa\u017ealijevanju zlo\u010dina\u010dkoga re\u017eima koji je u propast odveo (i) nevine \u017ertve pri tom eficijentno spa\u0161avaju\u0107i, nota bene uz velikodu\u0161nu pomo\u0107 Vatikana, svoje \u017eivote u \u0160panijama i Ju\u017enim Amerikama, svjedo\u010di o autorovoj nepokolebljivoj eti\u010dnosti u borbi s \u2013 \u201epam\u0107enjem traume\u201c.\u201c<\/p>\n\n\n\n<hr class=\"wp-block-separator\"\/>\n\n\n\n<p>Izvor:<\/p>\n\n\n\n<figure class=\"wp-block-embed-wordpress wp-block-embed is-type-wp-embed is-provider-kritika-hdp\"><div class=\"wp-block-embed__wrapper\">\n<blockquote class=\"wp-embedded-content\" data-secret=\"6BpJMRiTXd\"><a href=\"https:\/\/kritika-hdp.hr\/davor-beganovic-dominantan-znanstveni-pogled-nikad-nije-presudan\/\">DAVOR BEGANOVI\u0106: Dominantan znanstveni pogled nikad nije presudan<\/a><\/blockquote><iframe loading=\"lazy\" class=\"wp-embedded-content\" sandbox=\"allow-scripts\" security=\"restricted\" style=\"position: absolute; clip: rect(1px, 1px, 1px, 1px);\" title=\"&#8220;DAVOR BEGANOVI\u0106: Dominantan znanstveni pogled nikad nije presudan&#8221; &#8212; Kritika HDP\" src=\"https:\/\/kritika-hdp.hr\/davor-beganovic-dominantan-znanstveni-pogled-nikad-nije-presudan\/embed\/#?secret=rx5dxjEzvZ#?secret=6BpJMRiTXd\" data-secret=\"6BpJMRiTXd\" width=\"600\" height=\"338\" frameborder=\"0\" marginwidth=\"0\" marginheight=\"0\" scrolling=\"no\"><\/iframe>\n<\/div><\/figure>\n\n\n\n<hr class=\"wp-block-separator\"\/>\n","protected":false},"excerpt":{"rendered":"","protected":false},"author":2,"featured_media":36182,"comment_status":"open","ping_status":"open","sticky":false,"template":"","format":"standard","meta":{"_acf_changed":false,"jetpack_post_was_ever_published":false,"_jetpack_newsletter_access":"","_jetpack_dont_email_post_to_subs":false,"_jetpack_newsletter_tier_id":0,"_jetpack_memberships_contains_paywalled_content":false,"_jetpack_memberships_contains_paid_content":false,"footnotes":"","jetpack_publicize_message":"","jetpack_publicize_feature_enabled":true,"jetpack_social_post_already_shared":true,"jetpack_social_options":{"image_generator_settings":{"template":"highway","default_image_id":0,"font":"","enabled":false},"version":2}},"categories":[3,11],"tags":[],"class_list":["post-42952","post","type-post","status-publish","format-standard","has-post-thumbnail","hentry","category-novosti","category-rubrike"],"acf":{"facebook_opis":""},"jetpack_publicize_connections":[],"jetpack_featured_media_url":"https:\/\/i0.wp.com\/historiografija.hr\/wp-content\/uploads\/2023\/06\/u_sjeni_fantoma.jpg?fit=395%2C610&ssl=1","jetpack_sharing_enabled":true,"jetpack-related-posts":[],"_links":{"self":[{"href":"https:\/\/historiografija.hr\/index.php?rest_route=\/wp\/v2\/posts\/42952","targetHints":{"allow":["GET"]}}],"collection":[{"href":"https:\/\/historiografija.hr\/index.php?rest_route=\/wp\/v2\/posts"}],"about":[{"href":"https:\/\/historiografija.hr\/index.php?rest_route=\/wp\/v2\/types\/post"}],"author":[{"embeddable":true,"href":"https:\/\/historiografija.hr\/index.php?rest_route=\/wp\/v2\/users\/2"}],"replies":[{"embeddable":true,"href":"https:\/\/historiografija.hr\/index.php?rest_route=%2Fwp%2Fv2%2Fcomments&post=42952"}],"version-history":[{"count":1,"href":"https:\/\/historiografija.hr\/index.php?rest_route=\/wp\/v2\/posts\/42952\/revisions"}],"predecessor-version":[{"id":42953,"href":"https:\/\/historiografija.hr\/index.php?rest_route=\/wp\/v2\/posts\/42952\/revisions\/42953"}],"wp:featuredmedia":[{"embeddable":true,"href":"https:\/\/historiografija.hr\/index.php?rest_route=\/wp\/v2\/media\/36182"}],"wp:attachment":[{"href":"https:\/\/historiografija.hr\/index.php?rest_route=%2Fwp%2Fv2%2Fmedia&parent=42952"}],"wp:term":[{"taxonomy":"category","embeddable":true,"href":"https:\/\/historiografija.hr\/index.php?rest_route=%2Fwp%2Fv2%2Fcategories&post=42952"},{"taxonomy":"post_tag","embeddable":true,"href":"https:\/\/historiografija.hr\/index.php?rest_route=%2Fwp%2Fv2%2Ftags&post=42952"}],"curies":[{"name":"wp","href":"https:\/\/api.w.org\/{rel}","templated":true}]}}