{"id":42946,"date":"2024-10-28T14:20:28","date_gmt":"2024-10-28T14:20:28","guid":{"rendered":"http:\/\/historiografija.hr\/?p=42946"},"modified":"2024-10-28T14:20:28","modified_gmt":"2024-10-28T14:20:28","slug":"citalacki-kruzok-studentica-za-palestinu","status":"publish","type":"post","link":"https:\/\/historiografija.hr\/?p=42946","title":{"rendered":"\u010citala\u010dki kru\u017eok Studentica za Palestinu"},"content":{"rendered":"\n<p>Na \u010ditala\u010dkom kru\u017eoku koji \u0107e se odr\u017eati u utorak, 29. listopada 2024. u 18 sati u Klubu studenata Filozofskog fakulteta u Zagrebu bit \u0107e obra\u0111ivana knjiga antropologinje Maye Wind \u201cTowers of Ivory and Steel: How Israeli Universities Deny Palestinian Freedom\u201c koju je 2024. godine objavila izdava\u010dka ku\u0107a Verso.<\/p>\n\n\n\n<hr class=\"wp-block-separator\"\/>\n\n\n\n<p><strong>\u010citala\u010dki kru\u017eok Studentica za Palestinu<\/strong><\/p>\n\n\n\n<p>Predstavljanje inicijative \u0107e se odr\u017eati 29. listopada u 18 sati u KSFF-u uz popratni studentski \u010ditala\u010dki kru\u017eok na kojem \u0107emo zajedni\u010dki pro\u0107i uvod i izabrane dijelove poglavlja \u201cStudents Under Siege\u201d iz knjige \u201cTowers of Ivory and Steel: How Israeli Universities Deny Palestinian Freedom\u201d antropologinje Maye Wind.<\/p>\n\n\n\n<p>Zastra\u0161uju\u0107i razmjeri destrukcije i nasilja koji se u svojoj posljednjoj iteraciji na podru\u010dju Gaze i Zapadne obale odvijaju vi\u0161e od godinu dana, a unazad nekoliko tjedana silovito \u0161ire izraelskim napadima na Libanon odrazili su se, izme\u0111u ostalog, i na palestinski obrazovni sustav.<\/p>\n\n\n\n<p>Od listopada 2023. godine do travnja 2024. godine u Gazi je ubijeno 5,479 studenata, 261 u\u010ditelj i 95 sveu\u010dili\u0161nih profesora, a apsolutno su sva sveu\u010dili\u0161ta u Gazi djelomi\u010dno ili u potpunosti uni\u0161tena. Izraelska vojska sistemati\u010dno targetira obrazovne institucije s ciljem uni\u0161tenja infrastrukture koja bi nakon rata mladim Palestincima_kama pru\u017eila uvjete za adekvatno obrazovanje.<\/p>\n\n\n\n<p>IDF (The Israeli Defense Forces) koja vr\u0161i ovo izrazito brutalno nasilje nad ljudima, zemljom i institucijama na podru\u010dju Gaze i Zapadne obale usko je povezana s radom izraelskih sveu\u010dili\u0161ta. U sklopu sveu\u010dili\u0161ta razvijaju se vojne doktrine i oru\u017eja koja se koriste u vojnim zlo\u010dinima nad Gazom i Libanonom; opravdavaju se kontinuirana kolonizacija i eksproprijacija palestinske zemlje; racionalizira se etni\u010dko \u010di\u0161\u0107enje Palestine; pru\u017eaju se moralna opravdanja za ubojstva i neselektivne napade na civile te sustavno diskriminira studente_ice koji nisu \u017eidovskog porijekla.<\/p>\n\n\n\n<p>Povodom povezivanja studenata_ica Filozofskog fakulteta u mre\u017eu protestnih akcija na me\u0111unarodnim i regionalnim sveu\u010dili\u0161tima, novoosnovana inicijativa Studentice za Palestinu vas poziva se da nam se pridru\u017eite na prvom \u010ditala\u010dkom susretu na kojem \u0107emo predstaviti dosada\u0161nji rad grupe i zajedni\u010dki promi\u0161ljati daljnje djelovanje.<\/p>\n\n\n\n<p>Predstavljanje inicijative \u0107e se odr\u017eati 29. listopada u 18 sati u KSFF-u uz popratni studentski \u010ditala\u010dki kru\u017eok na kojem \u0107emo zajedni\u010dki pro\u0107i uvod i izabrane dijelove poglavlja \u201cStudents Under Siege\u201d iz knjige \u201cTowers of Ivory and Steel: How Israeli Universities Deny Palestinian Freedom\u201d antropologinje Maye Wind. Knjizi mo\u017eete pristupiti putem sljede\u0107e poveznice u prilogu.<\/p>\n\n\n\n<p>Za sve zainteresirane koji nemaju vremena za \u010ditanje, pozivamo vas da poslu\u0161ate intervju s autoricom na epizodi podcasta Politics Theory Other: <a rel=\"noreferrer noopener\" href=\"https:\/\/soundcloud.com\/poltheoryother\/towers?fbclid=IwZXh0bgNhZW0CMTAAAR2dn5lVKonD6RChHGn498YdgUtiiMmgJmmmO8lOUcqshT6gz4nQQ5SlH3M_aem_3nQN70eQxU-EtR9zKcdD6Q\" target=\"_blank\">https:\/\/soundcloud.com\/poltheoryother\/towers<\/a><\/p>\n\n\n\n<p>Kru\u017eok je zami\u0161ljen tako da zajedni\u010dki sudjelujemo u \u010ditanju i diskusiji, a moderirat \u0107e ga Maja Osman\u010devi\u0107 i Sara Gurduli\u0107.<\/p>\n\n\n\n<p>Vidimo se!<\/p>\n\n\n\n<p>Studentice za Palestinu<\/p>\n\n\n\n<hr class=\"wp-block-separator\"\/>\n\n\n\n<p>Izvori i dodatne obavijesti:<\/p>\n\n\n\n<p><a href=\"https:\/\/www.facebook.com\/events\/897300071945972\">https:\/\/www.facebook.com\/events\/897300071945972<\/a><\/p>\n\n\n\n<p><a href=\"https:\/\/www.maz.hr\/2024\/10\/22\/studentice-za-palestinu-citalacki-kruzok\/\">https:\/\/www.maz.hr\/2024\/10\/22\/studentice-za-palestinu-citalacki-kruzok\/<\/a><\/p>\n\n\n\n<figure class=\"wp-block-embed is-type-link\"><div class=\"wp-block-embed__wrapper\">\n<a href=\"https:\/\/www.versobooks.com\/products\/3009-towers-of-ivory-and-steel\">Towers of Ivory and Steel<\/a>\n<\/div><\/figure>\n\n\n\n<hr class=\"wp-block-separator\"\/>\n","protected":false},"excerpt":{"rendered":"","protected":false},"author":2,"featured_media":42947,"comment_status":"open","ping_status":"open","sticky":false,"template":"","format":"standard","meta":{"_acf_changed":false,"jetpack_post_was_ever_published":false,"_jetpack_newsletter_access":"","_jetpack_dont_email_post_to_subs":false,"_jetpack_newsletter_tier_id":0,"_jetpack_memberships_contains_paywalled_content":false,"_jetpack_memberships_contains_paid_content":false,"footnotes":"","jetpack_publicize_message":"","jetpack_publicize_feature_enabled":true,"jetpack_social_post_already_shared":true,"jetpack_social_options":{"image_generator_settings":{"template":"highway","default_image_id":0,"font":"","enabled":false},"version":2}},"categories":[3],"tags":[],"class_list":["post-42946","post","type-post","status-publish","format-standard","has-post-thumbnail","hentry","category-novosti"],"acf":{"facebook_opis":""},"jetpack_publicize_connections":[],"jetpack_featured_media_url":"https:\/\/i0.wp.com\/historiografija.hr\/wp-content\/uploads\/2024\/10\/Kru%C5%BEok.jpg?fit=851%2C315&ssl=1","jetpack_sharing_enabled":true,"jetpack-related-posts":[],"_links":{"self":[{"href":"https:\/\/historiografija.hr\/index.php?rest_route=\/wp\/v2\/posts\/42946","targetHints":{"allow":["GET"]}}],"collection":[{"href":"https:\/\/historiografija.hr\/index.php?rest_route=\/wp\/v2\/posts"}],"about":[{"href":"https:\/\/historiografija.hr\/index.php?rest_route=\/wp\/v2\/types\/post"}],"author":[{"embeddable":true,"href":"https:\/\/historiografija.hr\/index.php?rest_route=\/wp\/v2\/users\/2"}],"replies":[{"embeddable":true,"href":"https:\/\/historiografija.hr\/index.php?rest_route=%2Fwp%2Fv2%2Fcomments&post=42946"}],"version-history":[{"count":1,"href":"https:\/\/historiografija.hr\/index.php?rest_route=\/wp\/v2\/posts\/42946\/revisions"}],"predecessor-version":[{"id":42948,"href":"https:\/\/historiografija.hr\/index.php?rest_route=\/wp\/v2\/posts\/42946\/revisions\/42948"}],"wp:featuredmedia":[{"embeddable":true,"href":"https:\/\/historiografija.hr\/index.php?rest_route=\/wp\/v2\/media\/42947"}],"wp:attachment":[{"href":"https:\/\/historiografija.hr\/index.php?rest_route=%2Fwp%2Fv2%2Fmedia&parent=42946"}],"wp:term":[{"taxonomy":"category","embeddable":true,"href":"https:\/\/historiografija.hr\/index.php?rest_route=%2Fwp%2Fv2%2Fcategories&post=42946"},{"taxonomy":"post_tag","embeddable":true,"href":"https:\/\/historiografija.hr\/index.php?rest_route=%2Fwp%2Fv2%2Ftags&post=42946"}],"curies":[{"name":"wp","href":"https:\/\/api.w.org\/{rel}","templated":true}]}}