{"id":42931,"date":"2024-10-25T20:38:47","date_gmt":"2024-10-25T20:38:47","guid":{"rendered":"http:\/\/historiografija.hr\/?p=42931"},"modified":"2024-10-25T20:38:47","modified_gmt":"2024-10-25T20:38:47","slug":"konferencija-transformacije-kasnog-socijalizma-1980-te","status":"publish","type":"post","link":"https:\/\/historiografija.hr\/?p=42931","title":{"rendered":"[Konferencija] Transformacije kasnog socijalizma: 1980-te"},"content":{"rendered":"\n<p>U dvadesetom veku, istori\u010dari su skovali specifi\u010dne nazive za njegove pojedina\u010dne decenije. Ipak, iz razli\u010ditih razloga, 1980-e nisu bile izdvojene kao poseban period i nisu na\u0161le svoje mesto na sociokulturnom vremenskom planu, ni u sovjetskoj istoriji, niti globalno. Me\u0111utim, 1980-e su bile obele\u017eene nizom zna\u010dajnih doga\u0111aja i procesa koji se mogu tuma\u010diti na najkontradiktornije na\u010dine. S jedne strane, one ozna\u010davaju kraj \u010ditave ere socijalisti\u010dkih projekata \u0161irom sveta, dok s druge strane predstavljaju po\u010detak nove istorijske putanje.<\/p>\n\n\n\n<p>Po\u010detkom 1980-ih, tenzije u globalnoj geopoliti\u010dkoj konfrontaciji izme\u0111u dva sistema su se poja\u010dale. Dru\u0161tveni pokreti su dobijali na snazi, od antiratnih i ekolo\u0161kih inicijativa do borbe za ljudska prava kako u Isto\u010dnom bloku, tako i u zapadnim zemljama. Zna\u010dajne reforme su pokrenute kako u kapitalisti\u010dkim (neoliberalizam), tako i u socijalisti\u010dkim (perestrojka) ekonomijama. Ovaj period je tako\u0111e video zna\u010dajno \u0161irenje zapadne masovne kulture zahvaljuju\u0107i novim mogu\u0107nostima koje su pru\u017eali televizija i li\u010dni kasetofoni. Tako su spolja\u0161nji faktori i unutra\u0161nji procesi proizveli su\u0161tinske promene u socijalisti\u010dkim zemljama, uti\u010du\u0107i na njihove politi\u010dke, ekonomske i kulturne prakse.<\/p>\n\n\n\n<p>Na ovoj konferenciji u\u010destvuju istori\u010dari, kulturolozi, sociolozi, filozofi i drugi specijalisti, koji \u0107e diskutovati o ovim promenama njihovim uzrocima, oblicima i uticaju na kasnije istorijske doga\u0111aje.&nbsp;<\/p>\n\n\n\n<p>Konferencija \u0107e se odr\u017eati 28. i 29. oktobra na Institutu za filozofiju i dru\u0161tvenu teoriju. Po\u010dasni gost bi\u0107e\u00a0<strong>Ivan Krastev<\/strong>\u00a0iz Centra za liberalne strategije i Institut za humanisti\u010dke nauke u Be\u010du.<\/p>\n\n\n\n<hr class=\"wp-block-separator\"\/>\n\n\n\n<p>Datum: Ponedeljak &#8211; Utorak, 28. &#8211; 29. Oktobar 2024<\/p>\n\n\n\n<p>Lokacija: IFDT\/Online, Kraljice Natalije 45, Beograd\u00a0<\/p>\n\n\n\n<hr class=\"wp-block-separator\"\/>\n\n\n\n<p><a rel=\"noreferrer noopener\" href=\"https:\/\/ifdt.bg.ac.rs\/wp-content\/uploads\/2024\/10\/IFDT-Late-Socialism-Conference-Agenda.pdf\" target=\"_blank\">Program.<\/a><\/p>\n\n\n\n<hr class=\"wp-block-separator\"\/>\n\n\n\n<p>Izvor:<\/p>\n\n\n\n<figure class=\"wp-block-embed-wordpress wp-block-embed is-type-wp-embed is-provider-institut-za-filozofiju-i-drustvenu-teoriju\"><div class=\"wp-block-embed__wrapper\">\n<blockquote class=\"wp-embedded-content\" data-secret=\"zinCYMnoBr\"><a href=\"https:\/\/ifdt.bg.ac.rs\/events\/konferencija-transformacije-kasnog-socijalizma-1980-te\/\">[Konferencija] Transformacije kasnog socijalizma: 1980-te<\/a><\/blockquote><iframe loading=\"lazy\" class=\"wp-embedded-content\" sandbox=\"allow-scripts\" security=\"restricted\" style=\"position: absolute; clip: rect(1px, 1px, 1px, 1px);\" title=\"&#132;[Konferencija] Transformacije kasnog socijalizma: 1980-te&#147; &#8212; INSTITUT ZA FILOZOFIJU I DRU\u0160TVENU TEORIJU\" src=\"https:\/\/ifdt.bg.ac.rs\/events\/konferencija-transformacije-kasnog-socijalizma-1980-te\/embed\/#?secret=S5ifiYAfol#?secret=zinCYMnoBr\" data-secret=\"zinCYMnoBr\" width=\"600\" height=\"338\" frameborder=\"0\" marginwidth=\"0\" marginheight=\"0\" scrolling=\"no\"><\/iframe>\n<\/div><\/figure>\n\n\n\n<hr class=\"wp-block-separator\"\/>\n","protected":false},"excerpt":{"rendered":"","protected":false},"author":2,"featured_media":42932,"comment_status":"open","ping_status":"open","sticky":false,"template":"","format":"standard","meta":{"_acf_changed":false,"jetpack_post_was_ever_published":false,"_jetpack_newsletter_access":"","_jetpack_dont_email_post_to_subs":false,"_jetpack_newsletter_tier_id":0,"_jetpack_memberships_contains_paywalled_content":false,"_jetpack_memberships_contains_paid_content":false,"footnotes":"","jetpack_publicize_message":"","jetpack_publicize_feature_enabled":true,"jetpack_social_post_already_shared":true,"jetpack_social_options":{"image_generator_settings":{"template":"highway","default_image_id":0,"font":"","enabled":false},"version":2}},"categories":[3,9],"tags":[],"class_list":["post-42931","post","type-post","status-publish","format-standard","has-post-thumbnail","hentry","category-novosti","category-skupovi"],"acf":{"facebook_opis":""},"jetpack_publicize_connections":[],"jetpack_featured_media_url":"https:\/\/i0.wp.com\/historiografija.hr\/wp-content\/uploads\/2024\/10\/Transformations-of-Late-Socialism.png?fit=1280%2C720&ssl=1","jetpack_sharing_enabled":true,"jetpack-related-posts":[],"_links":{"self":[{"href":"https:\/\/historiografija.hr\/index.php?rest_route=\/wp\/v2\/posts\/42931","targetHints":{"allow":["GET"]}}],"collection":[{"href":"https:\/\/historiografija.hr\/index.php?rest_route=\/wp\/v2\/posts"}],"about":[{"href":"https:\/\/historiografija.hr\/index.php?rest_route=\/wp\/v2\/types\/post"}],"author":[{"embeddable":true,"href":"https:\/\/historiografija.hr\/index.php?rest_route=\/wp\/v2\/users\/2"}],"replies":[{"embeddable":true,"href":"https:\/\/historiografija.hr\/index.php?rest_route=%2Fwp%2Fv2%2Fcomments&post=42931"}],"version-history":[{"count":1,"href":"https:\/\/historiografija.hr\/index.php?rest_route=\/wp\/v2\/posts\/42931\/revisions"}],"predecessor-version":[{"id":42933,"href":"https:\/\/historiografija.hr\/index.php?rest_route=\/wp\/v2\/posts\/42931\/revisions\/42933"}],"wp:featuredmedia":[{"embeddable":true,"href":"https:\/\/historiografija.hr\/index.php?rest_route=\/wp\/v2\/media\/42932"}],"wp:attachment":[{"href":"https:\/\/historiografija.hr\/index.php?rest_route=%2Fwp%2Fv2%2Fmedia&parent=42931"}],"wp:term":[{"taxonomy":"category","embeddable":true,"href":"https:\/\/historiografija.hr\/index.php?rest_route=%2Fwp%2Fv2%2Fcategories&post=42931"},{"taxonomy":"post_tag","embeddable":true,"href":"https:\/\/historiografija.hr\/index.php?rest_route=%2Fwp%2Fv2%2Ftags&post=42931"}],"curies":[{"name":"wp","href":"https:\/\/api.w.org\/{rel}","templated":true}]}}