{"id":42928,"date":"2024-10-25T20:31:54","date_gmt":"2024-10-25T20:31:54","guid":{"rendered":"http:\/\/historiografija.hr\/?p=42928"},"modified":"2025-02-05T16:52:44","modified_gmt":"2025-02-05T16:52:44","slug":"medijski-komentari-povodom-odbijanja-zalbe-na-uklanjanje-sahovnice-s-prvim-bijelim-poljem-na-bleiburskom-spomeniku","status":"publish","type":"post","link":"https:\/\/historiografija.hr\/?p=42928","title":{"rendered":"Medijski komentari povodom odbijanja \u017ealbe na uklanjanje \u0161ahovnice s prvim bijelim poljem na bleibur\u0161kom spomeniku"},"content":{"rendered":"\n<p>U dijelu medija komentirana je vijest da je Pokrajinski upravni sud u Klagenfurtu odbio \u017ealbu Po\u010dasnog bleibur\u0161kog voda u vezi uklanjanja \u0161ahovnice s prvim bijelim poljem sa bleibur\u0161kog spomenika, u \u010demu su savjetodavnu ulogu imali povjesni\u010dari i povjesni\u010darke na obje strane u sporu.<\/p>\n\n\n\n<hr class=\"wp-block-separator has-css-opacity\"\/>\n\n\n\n<p>Op\u0161irnije:<\/p>\n\n\n\n<p><a href=\"https:\/\/www.maxportal.hr\/premium-sadrzaj\/pocasni-bleiburski-vod-ima-tri-postupka-u-austriji-jedan-je-oko-prvog-bijelog-polja\/\">https:\/\/www.maxportal.hr\/premium-sadrzaj\/pocasni-bleiburski-vod-ima-tri-postupka-u-austriji-jedan-je-oko-prvog-bijelog-polja\/<\/a><\/p>\n\n\n\n<p><a href=\"https:\/\/www.portalnovosti.com\/demontaza-bijelog-polja\">https:\/\/www.portalnovosti.com\/demontaza-bijelog-polja<\/a><\/p>\n\n\n\n<hr class=\"wp-block-separator has-css-opacity\"\/>\n\n\n\n<p>Dodatne obavijesti:<\/p>\n\n\n\n<p><a href=\"https:\/\/www.portalnovosti.com\/jos-jedan-sudski-poraz-pocasnog-blajburskog-voda\">https:\/\/www.portalnovosti.com\/jos-jedan-sudski-poraz-pocasnog-blajburskog-voda<\/a><\/p>\n\n\n\n<hr class=\"wp-block-separator has-alpha-channel-opacity\"\/>\n","protected":false},"excerpt":{"rendered":"","protected":false},"author":2,"featured_media":42929,"comment_status":"open","ping_status":"open","sticky":false,"template":"","format":"standard","meta":{"_acf_changed":false,"jetpack_post_was_ever_published":false,"_jetpack_newsletter_access":"","_jetpack_dont_email_post_to_subs":false,"_jetpack_newsletter_tier_id":0,"_jetpack_memberships_contains_paywalled_content":false,"_jetpack_memberships_contains_paid_content":false,"footnotes":"","jetpack_publicize_message":"","jetpack_publicize_feature_enabled":true,"jetpack_social_post_already_shared":true,"jetpack_social_options":{"image_generator_settings":{"template":"highway","default_image_id":0,"font":"","enabled":false},"version":2}},"categories":[3,17],"tags":[],"class_list":["post-42928","post","type-post","status-publish","format-standard","has-post-thumbnail","hentry","category-novosti","category-rasprave"],"acf":{"facebook_opis":""},"jetpack_publicize_connections":[],"jetpack_featured_media_url":"https:\/\/i0.wp.com\/historiografija.hr\/wp-content\/uploads\/2024\/10\/bleiburg.jpg?fit=735%2C400&ssl=1","jetpack_sharing_enabled":true,"jetpack-related-posts":[],"_links":{"self":[{"href":"https:\/\/historiografija.hr\/index.php?rest_route=\/wp\/v2\/posts\/42928","targetHints":{"allow":["GET"]}}],"collection":[{"href":"https:\/\/historiografija.hr\/index.php?rest_route=\/wp\/v2\/posts"}],"about":[{"href":"https:\/\/historiografija.hr\/index.php?rest_route=\/wp\/v2\/types\/post"}],"author":[{"embeddable":true,"href":"https:\/\/historiografija.hr\/index.php?rest_route=\/wp\/v2\/users\/2"}],"replies":[{"embeddable":true,"href":"https:\/\/historiografija.hr\/index.php?rest_route=%2Fwp%2Fv2%2Fcomments&post=42928"}],"version-history":[{"count":2,"href":"https:\/\/historiografija.hr\/index.php?rest_route=\/wp\/v2\/posts\/42928\/revisions"}],"predecessor-version":[{"id":44709,"href":"https:\/\/historiografija.hr\/index.php?rest_route=\/wp\/v2\/posts\/42928\/revisions\/44709"}],"wp:featuredmedia":[{"embeddable":true,"href":"https:\/\/historiografija.hr\/index.php?rest_route=\/wp\/v2\/media\/42929"}],"wp:attachment":[{"href":"https:\/\/historiografija.hr\/index.php?rest_route=%2Fwp%2Fv2%2Fmedia&parent=42928"}],"wp:term":[{"taxonomy":"category","embeddable":true,"href":"https:\/\/historiografija.hr\/index.php?rest_route=%2Fwp%2Fv2%2Fcategories&post=42928"},{"taxonomy":"post_tag","embeddable":true,"href":"https:\/\/historiografija.hr\/index.php?rest_route=%2Fwp%2Fv2%2Ftags&post=42928"}],"curies":[{"name":"wp","href":"https:\/\/api.w.org\/{rel}","templated":true}]}}