{"id":42925,"date":"2024-10-25T20:20:13","date_gmt":"2024-10-25T20:20:13","guid":{"rendered":"http:\/\/historiografija.hr\/?p=42925"},"modified":"2024-11-05T22:26:30","modified_gmt":"2024-11-05T22:26:30","slug":"medunarodni-strucno-znanstveni-simpozij-kultura-sjecanja-na-ratne-i-poratne-zrtve-bleiburske-tragedije-i-kriznog-puta-hrvatskog-naroda","status":"publish","type":"post","link":"https:\/\/historiografija.hr\/?p=42925","title":{"rendered":"Me\u0111unarodni stru\u010dno-znanstveni simpozij: Kultura sje\u0107anja na ratne i poratne \u017ertve Bleibur\u0161ke tragedije i Kri\u017enog puta hrvatskog naroda"},"content":{"rendered":"\n<p>U organizaciji Odsjeka za povijest i Znanstvenog zavoda Fakulteta hrvatskih studija Sveu\u010dili\u0161ta u Zagrebu te Po\u010dasnog bleibur\u0161kog voda i Hrvatske matice iseljenika odr\u017eat \u0107e se Me\u0111unarodni stru\u010dno-znanstveni simpozij \u201eKultura sje\u0107anja na ratne i poratne \u017ertve Bleibur\u0161ke tragedije i Kri\u017enog puta hrvatskog naroda\u201c 29. i 30. listopada 2024. u prostorijama Hrvatske matice iseljenika u Zagrebu (Trg Stjepana Radi\u0107a 3).<\/p>\n\n\n\n<p>Program simpozija predvi\u0111a dvadeset izlaganja, od \u010dega \u0107e \u010dak \u0161esnaest odr\u017eati doktori povijesnih znanosti i sveu\u010dili\u0161ni predava\u010di iz Hrvatske, Bosne i Hercegovine, Slovenije i Srbije.<\/p>\n\n\n\n<hr class=\"wp-block-separator\"\/>\n\n\n\n<p>Izvori i program:<\/p>\n\n\n\n<p><a href=\"https:\/\/www.fhs.unizg.hr\/obavijesti?@=21rk2#news_125014\">https:\/\/www.fhs.unizg.hr\/obavijesti?@=21rk2#news_125014<\/a><\/p>\n\n\n\n<figure class=\"wp-block-embed-wordpress wp-block-embed is-type-wp-embed is-provider-hrvatska-matica-iseljenika-hmi\"><div class=\"wp-block-embed__wrapper\">\n<blockquote class=\"wp-embedded-content\" data-secret=\"QHxkTdrOFH\"><a href=\"https:\/\/matis.hr\/novosti\/najava-medunarodni-strucno-znanstveni-simpozij-kultura-sjecanja-na-ratne-i-poratne-zrtve-bleiburske-tragedije-i-kriznog-puta-hrvatskog-naroda\/\">NAJAVA: Simpozij \u201eKultura sje\u0107anja na ratne i poratne \u017ertve Bleibur\u0161ke tragedije i Kri\u017enog puta hrvatskog naroda\u201c<\/a><\/blockquote><iframe loading=\"lazy\" class=\"wp-embedded-content\" sandbox=\"allow-scripts\" security=\"restricted\" style=\"position: absolute; clip: rect(1px, 1px, 1px, 1px);\" title=\"&#8220;NAJAVA: Simpozij \u201eKultura sje\u0107anja na ratne i poratne \u017ertve Bleibur\u0161ke tragedije i Kri\u017enog puta hrvatskog naroda\u201c&#8221; &#8212; HRVATSKA MATICA ISELJENIKA - HMI\" src=\"https:\/\/matis.hr\/novosti\/najava-medunarodni-strucno-znanstveni-simpozij-kultura-sjecanja-na-ratne-i-poratne-zrtve-bleiburske-tragedije-i-kriznog-puta-hrvatskog-naroda\/embed\/#?secret=kVxoxK1EuP#?secret=QHxkTdrOFH\" data-secret=\"QHxkTdrOFH\" width=\"600\" height=\"338\" frameborder=\"0\" marginwidth=\"0\" marginheight=\"0\" scrolling=\"no\"><\/iframe>\n<\/div><\/figure>\n\n\n\n<hr class=\"wp-block-separator\"\/>\n\n\n\n<p>Dodatne obavijesti:<\/p>\n\n\n\n<p><strong>Odr\u017ean dvodnevni me\u0111unarodni stru\u010dno-znanstveni simpozij o kulturi sje\u0107anja na Bleibur\u0161ku tragediju i Kri\u017eni put<\/strong><\/p>\n\n\n\n<p><a href=\"https:\/\/www.fhs.unizg.hr\/obavijesti?@=21rq3#news_125014\">https:\/\/www.fhs.unizg.hr\/obavijesti?@=21rq3#news_125014<\/a><\/p>\n\n\n\n<hr class=\"wp-block-separator\"\/>\n","protected":false},"excerpt":{"rendered":"","protected":false},"author":2,"featured_media":42926,"comment_status":"open","ping_status":"open","sticky":false,"template":"","format":"standard","meta":{"_acf_changed":false,"jetpack_post_was_ever_published":false,"_jetpack_newsletter_access":"","_jetpack_dont_email_post_to_subs":false,"_jetpack_newsletter_tier_id":0,"_jetpack_memberships_contains_paywalled_content":false,"_jetpack_memberships_contains_paid_content":false,"footnotes":"","jetpack_publicize_message":"","jetpack_publicize_feature_enabled":true,"jetpack_social_post_already_shared":true,"jetpack_social_options":{"image_generator_settings":{"template":"highway","default_image_id":0,"font":"","enabled":false},"version":2}},"categories":[3,9],"tags":[],"class_list":["post-42925","post","type-post","status-publish","format-standard","has-post-thumbnail","hentry","category-novosti","category-skupovi"],"acf":{"facebook_opis":""},"jetpack_publicize_connections":[],"jetpack_featured_media_url":"https:\/\/i0.wp.com\/historiografija.hr\/wp-content\/uploads\/2024\/10\/Skup_Bleiburg.jpg?fit=650%2C800&ssl=1","jetpack_sharing_enabled":true,"jetpack-related-posts":[],"_links":{"self":[{"href":"https:\/\/historiografija.hr\/index.php?rest_route=\/wp\/v2\/posts\/42925","targetHints":{"allow":["GET"]}}],"collection":[{"href":"https:\/\/historiografija.hr\/index.php?rest_route=\/wp\/v2\/posts"}],"about":[{"href":"https:\/\/historiografija.hr\/index.php?rest_route=\/wp\/v2\/types\/post"}],"author":[{"embeddable":true,"href":"https:\/\/historiografija.hr\/index.php?rest_route=\/wp\/v2\/users\/2"}],"replies":[{"embeddable":true,"href":"https:\/\/historiografija.hr\/index.php?rest_route=%2Fwp%2Fv2%2Fcomments&post=42925"}],"version-history":[{"count":2,"href":"https:\/\/historiografija.hr\/index.php?rest_route=\/wp\/v2\/posts\/42925\/revisions"}],"predecessor-version":[{"id":43087,"href":"https:\/\/historiografija.hr\/index.php?rest_route=\/wp\/v2\/posts\/42925\/revisions\/43087"}],"wp:featuredmedia":[{"embeddable":true,"href":"https:\/\/historiografija.hr\/index.php?rest_route=\/wp\/v2\/media\/42926"}],"wp:attachment":[{"href":"https:\/\/historiografija.hr\/index.php?rest_route=%2Fwp%2Fv2%2Fmedia&parent=42925"}],"wp:term":[{"taxonomy":"category","embeddable":true,"href":"https:\/\/historiografija.hr\/index.php?rest_route=%2Fwp%2Fv2%2Fcategories&post=42925"},{"taxonomy":"post_tag","embeddable":true,"href":"https:\/\/historiografija.hr\/index.php?rest_route=%2Fwp%2Fv2%2Ftags&post=42925"}],"curies":[{"name":"wp","href":"https:\/\/api.w.org\/{rel}","templated":true}]}}