{"id":42918,"date":"2024-10-24T17:36:20","date_gmt":"2024-10-24T17:36:20","guid":{"rendered":"http:\/\/historiografija.hr\/?p=42918"},"modified":"2024-10-24T17:36:20","modified_gmt":"2024-10-24T17:36:20","slug":"tomislav-kovacic-operacija-una-igra-karata-i-magla-rata-na-uni-i-savi-u-rujnu-1995-godine","status":"publish","type":"post","link":"https:\/\/historiografija.hr\/?p=42918","title":{"rendered":"Tomislav Kova\u010di\u0107, \u201eOPERACIJA &#8220;UNA&#8221; &#8211; Igra karata i magla rata na Uni i Savi u rujnu 1995. godine\u201c"},"content":{"rendered":"\n<p>U&nbsp;hrvatskoj javnosti jo\u0161 uvijek postoje brojne nepoznanice za\u0161to i kako se odvijao sraz Hrvatske vojske i Vojske Republike Srpske (VRS) u operaciji \u201cUna\u201d na obalama rijeka Une i Save 18. i 19. rujna 1995. godine. Izvode\u0107i takti\u010dki i operativno vrlo slo\u017eenu operaciju nepripremljenog nasilnog prijelaza rijeka, anga\u017eirane snage Hrvatske vojske su se nakon po\u010detnog uspjeha ve\u0107 drugog dana operacije izvukle na po\u010detne borbene polo\u017eaje. Najte\u017ea posljedica operacije \u201cUna\u201d je 50 poginulih ili nestalih hrvatskih vojnika, \u0161to je glavni motiv za rasvjetljavanje proturje\u010dnih i do sada uglavnom parcijalno i razli\u010dito prikazanih okolnosti u kojima je ona pokrenuta, pripremljena i vo\u0111ena.<\/p>\n\n\n\n<p>Operacija \u201cUna\u201d je vjerojatno najmanje istra\u017eena glavna operacija Hrvatske vojske u Domovinskom ratu. I gotovo tri desetlje\u0107a poslije, ona je neopravdano marginalizirana u hrvatskom kolektivnom sje\u0107anju i ostala je u sjeni niza drugih, uspje\u0161nih vojnih operacija u Hrvatskoj i Bosni i Hercegovini.<\/p>\n\n\n\n<hr class=\"wp-block-separator\"\/>\n\n\n\n<p>SADR\u017dAJ<\/p>\n\n\n\n<p>PREDGOVOR<\/p>\n\n\n\n<p>UVOD<\/p>\n\n\n\n<p>DIGRESIJA \u2013 O IZAZOVIMA RA\u0160\u010cLAMBE OPERACIJA IZ DOMOVINSKOG RATA<\/p>\n\n\n\n<p>O strategiji, operativnom umije\u0107u, taktici i doktrini<\/p>\n\n\n\n<p>O operaciji, pojmovnom naslje\u0111u i odnosima snaga<\/p>\n\n\n\n<p>O ra\u0161\u010dlambi i kritici<\/p>\n\n\n\n<p>O pogre\u0161kama, uspjehu i neuspjehu<\/p>\n\n\n\n<p>O nazivlju i preciznosti<\/p>\n\n\n\n<p>STRATE\u0160KA RAZINA \u2013 \u201eSAMO UNSKU PRUGU I NI\u0160TA VI\u0160E, NI\u0160TA VI\u0160E\u201c<\/p>\n\n\n\n<p>Zapovijedanje i vrhovno zapovijedanje<\/p>\n\n\n\n<p>Uloga SAD-a u pokretanju operacije Una<\/p>\n\n\n\n<p>Me\u0111uodnosi na hrvatskoj vojnoj strate\u0161koj razini<\/p>\n\n\n\n<p>Dono\u0161enje odluke o pokretanju operacije Una<\/p>\n\n\n\n<p>Zaklju\u010dno o doga\u0111ajima na strate\u0161koj razini<\/p>\n\n\n\n<p>&nbsp; OPERATIVNA RAZINA \u2013 \u201eAKO MUSLIMANI \u017dELE BORBU, IMAT \u0106E JE\u201c<\/p>\n\n\n\n<p>Operativna situacija i doktrina u doba Oluje<\/p>\n\n\n\n<p>Hrvatski vojni uspjesi<\/p>\n\n\n\n<p>Povoljne obavje\u0161tajne procjene?<\/p>\n\n\n\n<p>Op\u0107a ideja i zamisao operacije Una<\/p>\n\n\n\n<p>Zaklju\u010dno o doga\u0111ajima na operativnoj razini<\/p>\n\n\n\n<p>TAKTI\u010cKA RAZINA \u2013 \u201eNEPRIJATELJU PONEKAD MORA\u0160 ODATI PRIZNANJE\u201c<\/p>\n\n\n\n<p>Taktika i zamke metodizma i detaljnog planiranja<\/p>\n\n\n\n<p>Situacija, snage i razvoj operativnih zapovijedi<\/p>\n\n\n\n<p>Odnos snaga u operaciji Una<\/p>\n\n\n\n<p>Tijek operacije<\/p>\n\n\n\n<p>Zaklju\u010dno o doga\u0111ajima na takti\u010dkoj razini<\/p>\n\n\n\n<p>EPILOG<\/p>\n\n\n\n<p>ZAKLJU\u010cAK<\/p>\n\n\n\n<p>POPIS KRATICA I POKRATA<\/p>\n\n\n\n<p>TUMA\u010c SIMBOLA I OZNAKA<\/p>\n\n\n\n<p>IZVORI I LITERATURA<\/p>\n\n\n\n<p>BILJE\u0160KA O AUTORU<\/p>\n\n\n\n<hr class=\"wp-block-separator\"\/>\n\n\n\n<p>Tomislav Kova\u010di\u0107 je ro\u0111en 1973. godine u Kotor Varo\u0161u u Bosni i Hercegovini. U Domovinski rat se uklju\u010dio kao vojnik-gardist u 1. \u201eA\u201c brigadi Zbora narodne garde (kasnije 1. gardijska brigada Tigrovi) u \u010dijem sastavu je sudjelovao u operacijama osloba\u0111anja Dubrova\u010dkog zale\u0111a, u operaciji Maslenica na Velebitskom boji\u0161tu, u operaciji Bljesak-1 u zapadnoj Slavoniji, u operaciji Skok-2 na \u0160ator planini, u operaciji Oluja od Like, preko Korduna do Banovine, u operaciji Una na desantnom mjestu prijelaza Dvor, te u operativnom planiranju za vojnu operaciju Dunav u Nemetinu i Osijeku.<\/p>\n\n\n\n<p>Tijekom vi\u0161e od tri desetlje\u0107a vojne karijere slu\u017eio je na brojnim zapovjednim, sto\u017eernim, glavnosto\u017eernime i nastavni\u010dkim du\u017enostima. Temeljnu \u010dasni\u010dku izobrazbu za zapovjednika voda i satnije pje\u0161a\u0161tva zavr\u0161io je na Hrvatskom vojnom u\u010dili\u0161tu u Zagrebu. Zapovjedno-sto\u017eernu \u0161kolu Kopnene vojske Sjedinjenih Ameri\u010dkih Dr\u017eava (United States Army Command and General Staff College) zavr\u0161io je u Fort Leavenworthu, Kansas, 2001.\/2002. godine, a Ratnu \u0161kolu \u201eBan Josip Jela\u010di\u0107\u201c u Zagrebu 2016.\/2017. godine.<\/p>\n\n\n\n<p>U misiji ISAF-a u Afganistanu sudjelovao je 2010.\/2011. godine na du\u017enosti planera budu\u0107ih operacija u sastavu Zdru\u017eenog zapovjedni\u0161tva ISAF-a (ISAF Joint Command) u Kabulu. U misiji na Kosovu sudjelovao je 2018.\/2020. godine na du\u017enosti savjetnika za razvoj doktrine u NATO-vom timu za savjetovanje i vezu (NATO Advisory and Liaison Team). U \u010din brigadira pje\u0161a\u0161tva promaknut je 2018. godine.<\/p>\n\n\n\n<p>Nositelj je medalja Bljesak, Ljeto-95 i Oluja te medalja NATO Non-Article 5 medal for ISAF i NATO Non-Article 5 medal for the Balkans. Odlikovan je Spomenicom Domovinskog rata, Spomenicom domovinske&nbsp; zahvalnosti za pet godina \u010dasne i uzorne slu\u017ebe, Redom hrvatskog pletera i Redom hrvatskog trolista.<\/p>\n\n\n\n<p>Objavio je nekoliko znanstvenih i stru\u010dnih radova iz podru\u010dja vojne znanosti i umije\u0107a. Na du\u017enosti je nastavnika strategije na Hrvatskom vojnom u\u010dili\u0161tu \u201eDr. Franjo Tu\u0111man\u201c u Zagrebu od 2020. godine.<\/p>\n\n\n\n<hr class=\"wp-block-separator\"\/>\n\n\n\n<p>Izvor:<\/p>\n\n\n\n<figure class=\"wp-block-embed-wordpress wp-block-embed is-type-wp-embed is-provider-despot-infinitus-web-knjizara\"><div class=\"wp-block-embed__wrapper\">\n<blockquote class=\"wp-embedded-content\" data-secret=\"Fwa4SSHTs5\"><a href=\"https:\/\/despot-infinitus.com\/proizvod\/operacija-una-igra-karata-i-magla-rata-na-uni-i-savi-u-rujnu-1995-godine\/\">OPERACIJA &#8220;UNA&#8221; &#8211; Igra karata i magla rata na Uni i Savi u rujnu 1995. godine<\/a><\/blockquote><iframe loading=\"lazy\" class=\"wp-embedded-content\" sandbox=\"allow-scripts\" security=\"restricted\" style=\"position: absolute; clip: rect(1px, 1px, 1px, 1px);\" title=\"&#8220;OPERACIJA &#8220;UNA&#8221; &#8211; Igra karata i magla rata na Uni i Savi u rujnu 1995. godine&#8221; &#8212; Despot Infinitus - Web Knji\u017eara\" src=\"https:\/\/despot-infinitus.com\/proizvod\/operacija-una-igra-karata-i-magla-rata-na-uni-i-savi-u-rujnu-1995-godine\/embed\/#?secret=bSOVmQVppv#?secret=Fwa4SSHTs5\" data-secret=\"Fwa4SSHTs5\" width=\"600\" height=\"338\" frameborder=\"0\" marginwidth=\"0\" marginheight=\"0\" scrolling=\"no\"><\/iframe>\n<\/div><\/figure>\n\n\n\n<hr class=\"wp-block-separator\"\/>\n\n\n\n<p>Obavijest je objavljena i na portalu Historiografija.ba:<\/p>\n\n\n\n<p><a href=\"https:\/\/historiografija.ba\/knjige\/jugoistocna-evropa\/operacija-una-1995-godine\">https:\/\/historiografija.ba\/knjige\/jugoistocna-evropa\/operacija-una-1995-godine<\/a><\/p>\n\n\n\n<hr class=\"wp-block-separator\"\/>\n\n\n\n<p>Iz medija:<\/p>\n\n\n\n<p><a href=\"https:\/\/www.vecernji.hr\/vijesti\/zasto-nije-uspjela-operacija-hv-a-na-uni-mjesta-prijelaza-une-nisu-dobro-izabrana-a-nedostajalo-je-i-camaca-1801614\">https:\/\/www.vecernji.hr\/vijesti\/zasto-nije-uspjela-operacija-hv-a-na-uni-mjesta-prijelaza-une-nisu-dobro-izabrana-a-nedostajalo-je-i-camaca-1801614<\/a><\/p>\n\n\n\n<figure class=\"wp-block-embed-wordpress wp-block-embed is-type-wp-embed is-provider-nacional-hr\"><div class=\"wp-block-embed__wrapper\">\n<blockquote class=\"wp-embedded-content\" data-secret=\"idDny6gK0e\"><a href=\"https:\/\/www.nacional.hr\/feljton-detalji-neuspjesne-operacije-una-u-rujnu-1995-nakon-pobjedonosne-oluje\/\">FELJTON Detalji neuspje\u0161ne Operacije Una u rujnu 1995. nakon pobjedonosne Oluje<\/a><\/blockquote><iframe loading=\"lazy\" class=\"wp-embedded-content\" sandbox=\"allow-scripts\" security=\"restricted\" style=\"position: absolute; clip: rect(1px, 1px, 1px, 1px);\" title=\"&#8220;FELJTON Detalji neuspje\u0161ne Operacije Una u rujnu 1995. nakon pobjedonosne Oluje&#8221; &#8212; NACIONAL.HR\" src=\"https:\/\/www.nacional.hr\/feljton-detalji-neuspjesne-operacije-una-u-rujnu-1995-nakon-pobjedonosne-oluje\/embed\/#?secret=OHcMe5o2o2#?secret=idDny6gK0e\" data-secret=\"idDny6gK0e\" width=\"600\" height=\"338\" frameborder=\"0\" marginwidth=\"0\" marginheight=\"0\" scrolling=\"no\"><\/iframe>\n<\/div><\/figure>\n\n\n\n<figure class=\"wp-block-embed-wordpress wp-block-embed is-type-wp-embed is-provider-hkm\"><div class=\"wp-block-embed__wrapper\">\n<iframe loading=\"lazy\" class=\"wp-embedded-content\" sandbox=\"allow-scripts\" security=\"restricted\" title=\"&#8220;DOGA\u0110AJ TJEDNA Operacija Una&#8221; &#8212; HKM\" src=\"https:\/\/hkm.hr\/vijesti\/domovina\/dogadaj-tjedna-operacija-una\/embed\/#?secret=PfpFrEXl8P#?secret=rKbUrYxwAW\" data-secret=\"rKbUrYxwAW\" width=\"600\" height=\"338\" frameborder=\"0\" marginwidth=\"0\" marginheight=\"0\" scrolling=\"no\"><\/iframe>\n<\/div><\/figure>\n\n\n\n<hr class=\"wp-block-separator\"\/>\n","protected":false},"excerpt":{"rendered":"","protected":false},"author":2,"featured_media":42919,"comment_status":"open","ping_status":"open","sticky":false,"template":"","format":"standard","meta":{"_acf_changed":false,"jetpack_post_was_ever_published":false,"_jetpack_newsletter_access":"","_jetpack_dont_email_post_to_subs":false,"_jetpack_newsletter_tier_id":0,"_jetpack_memberships_contains_paywalled_content":false,"_jetpack_memberships_contains_paid_content":false,"footnotes":"","jetpack_publicize_message":"","jetpack_publicize_feature_enabled":true,"jetpack_social_post_already_shared":true,"jetpack_social_options":{"image_generator_settings":{"template":"highway","default_image_id":0,"font":"","enabled":false},"version":2}},"categories":[8,3],"tags":[],"class_list":["post-42918","post","type-post","status-publish","format-standard","has-post-thumbnail","hentry","category-knjige","category-novosti"],"acf":{"facebook_opis":""},"jetpack_publicize_connections":[],"jetpack_featured_media_url":"https:\/\/i0.wp.com\/historiografija.hr\/wp-content\/uploads\/2024\/10\/Operacija-Una.png?fit=768%2C757&ssl=1","jetpack_sharing_enabled":true,"jetpack-related-posts":[{"id":52631,"url":"https:\/\/historiografija.hr\/?p=52631","url_meta":{"origin":42918,"position":0},"title":"Predavanje Ivana Tepe\u0161a: Djelovanje hrvatske politi\u010dke emigracije","author":"Branimir Jankovi\u0107","date":"23. travnja 2026.","format":false,"excerpt":"Odjel za me\u0111unarodnu suradnju i iseljeni\u0161tvo Matice hrvatske Predavanje Ivana Tepe\u0161a: Djelovanje hrvatske politi\u010dke emigracije Utorak, 28. travnja 2026. u 18:00 sati, Dvorana Ljudevita Jonkea (Mala dvorana MH), Strossmayerov trg 4, Zagreb dr. sc. Ivan Tepe\u0161, Institut za istra\u017eivanje migracija Hrvatska politi\u010dka emigracija obilje\u017eila je polustoljetnu hrvatsku povijest u drugoj\u2026","rel":"","context":"U &quot;Novosti&quot;","block_context":{"text":"Novosti","link":"https:\/\/historiografija.hr\/?cat=3"},"img":{"alt_text":"","src":"","width":0,"height":0},"classes":[]},{"id":52616,"url":"https:\/\/historiografija.hr\/?p=52616","url_meta":{"origin":42918,"position":1},"title":"No\u0107 knjige 2026.","author":"Branimir Jankovi\u0107","date":"22. travnja 2026.","format":false,"excerpt":"Slavljeni\u010dka 15. No\u0107 knjige odr\u017eat \u0107e se 23. travnja diljem Hrvatske u povodu Svjetskog dana knjige i autorskih prava te Dana hrvatske knjige. S vi\u0161e od 1.000 prijavljenih programa i akcija s pravom nosi epitet najmasovnije doma\u0107e kulturne manifestacije, a ove \u0107e godine prote\u0107i u znaku mira, razumijevanja, tolerancije, srodnosti\u2026","rel":"","context":"U &quot;Novosti&quot;","block_context":{"text":"Novosti","link":"https:\/\/historiografija.hr\/?cat=3"},"img":{"alt_text":"","src":"https:\/\/i0.wp.com\/historiografija.hr\/wp-content\/uploads\/2026\/04\/noc_knjige_2026.jpg?fit=680%2C276&ssl=1&resize=350%2C200","width":350,"height":200,"srcset":"https:\/\/i0.wp.com\/historiografija.hr\/wp-content\/uploads\/2026\/04\/noc_knjige_2026.jpg?fit=680%2C276&ssl=1&resize=350%2C200 1x, https:\/\/i0.wp.com\/historiografija.hr\/wp-content\/uploads\/2026\/04\/noc_knjige_2026.jpg?fit=680%2C276&ssl=1&resize=525%2C300 1.5x"},"classes":[]},{"id":52592,"url":"https:\/\/historiografija.hr\/?p=52592","url_meta":{"origin":42918,"position":2},"title":"Predstavljanje knjige &#8220;Turska ku\u0107a u Rijeci&#8221; u Zagrebu","author":"Branimir Jankovi\u0107","date":"22. travnja 2026.","format":false,"excerpt":"U prostorijama Turskog kulturnog centra Yunus Emre u Zagrebu, u utorak 21. travnja 2026. godine, odr\u017eano je sve\u010dano predstavljanje dopunjenog izdanja knjige Turska ku\u0107a u Rijeci, u organizaciji Hrvatsko-turskog dru\u0161tva Rijeka i partnerstvu sa Skupinom prijateljstva Hrvatska-Turska Hrvatskog sabora, Veleposlanstvom Republike Turske u Republici Hrvatskoj te Turskim kulturnim centrom Yunus\u2026","rel":"","context":"U &quot;Novosti&quot;","block_context":{"text":"Novosti","link":"https:\/\/historiografija.hr\/?cat=3"},"img":{"alt_text":"","src":"https:\/\/i0.wp.com\/historiografija.hr\/wp-content\/uploads\/2026\/04\/Turska-kuca-ZG.jpg?fit=1200%2C800&ssl=1&resize=350%2C200","width":350,"height":200,"srcset":"https:\/\/i0.wp.com\/historiografija.hr\/wp-content\/uploads\/2026\/04\/Turska-kuca-ZG.jpg?fit=1200%2C800&ssl=1&resize=350%2C200 1x, https:\/\/i0.wp.com\/historiografija.hr\/wp-content\/uploads\/2026\/04\/Turska-kuca-ZG.jpg?fit=1200%2C800&ssl=1&resize=525%2C300 1.5x, https:\/\/i0.wp.com\/historiografija.hr\/wp-content\/uploads\/2026\/04\/Turska-kuca-ZG.jpg?fit=1200%2C800&ssl=1&resize=700%2C400 2x, https:\/\/i0.wp.com\/historiografija.hr\/wp-content\/uploads\/2026\/04\/Turska-kuca-ZG.jpg?fit=1200%2C800&ssl=1&resize=1050%2C600 3x"},"classes":[]},{"id":52499,"url":"https:\/\/historiografija.hr\/?p=52499","url_meta":{"origin":42918,"position":3},"title":"POTPISAN UGOVOR O ZNANSTVENO-ISTRA\u017dIVA\u010cKOJ SURADNJI: PROJEKT \u201eTEMELJI HRVATSKE SAMOSTALNOSTI\u201d","author":"Branimir Jankovi\u0107","date":"17. travnja 2026.","format":false,"excerpt":"Hrvatski institut za povijest, Sveu\u010dili\u0161te obrane i sigurnosti \u201eDr. Franjo Tu\u0111man\u201d, Institut dru\u0161tvenih znanosti Ivo Pilar i Hrvatski dr\u017eavni arhiv\u00a0potpisali su 23. o\u017eujka 2026.\u00a0Ugovor o znanstveno-istra\u017eiva\u010dkoj suradnji s ciljem provedbe projekta \u201eTemelji hrvatske samostalnosti\u201d. Tim projektom obuhva\u0107a se istra\u017eivanje arhivskoga gradiva, priprema znanstvenih publikacija, digitalizacija i javna prezentacija rezultata istra\u017eivanja\u2026","rel":"","context":"U &quot;Novosti&quot;","block_context":{"text":"Novosti","link":"https:\/\/historiografija.hr\/?cat=3"},"img":{"alt_text":"","src":"https:\/\/i0.wp.com\/historiografija.hr\/wp-content\/uploads\/2026\/04\/THS_sporazum.jpg?fit=1200%2C583&ssl=1&resize=350%2C200","width":350,"height":200,"srcset":"https:\/\/i0.wp.com\/historiografija.hr\/wp-content\/uploads\/2026\/04\/THS_sporazum.jpg?fit=1200%2C583&ssl=1&resize=350%2C200 1x, https:\/\/i0.wp.com\/historiografija.hr\/wp-content\/uploads\/2026\/04\/THS_sporazum.jpg?fit=1200%2C583&ssl=1&resize=525%2C300 1.5x, https:\/\/i0.wp.com\/historiografija.hr\/wp-content\/uploads\/2026\/04\/THS_sporazum.jpg?fit=1200%2C583&ssl=1&resize=700%2C400 2x, https:\/\/i0.wp.com\/historiografija.hr\/wp-content\/uploads\/2026\/04\/THS_sporazum.jpg?fit=1200%2C583&ssl=1&resize=1050%2C600 3x"},"classes":[]},{"id":52666,"url":"https:\/\/historiografija.hr\/?p=52666","url_meta":{"origin":42918,"position":4},"title":"Najava programa Festivala povijesti Kliofest (5-8. V. 2026)","author":"Branimir Jankovi\u0107","date":"24. travnja 2026.","format":false,"excerpt":"Po trinaesti put odr\u017eava se Festival povijesti Kliofest! Do petka \u0107emo odr\u017eati osam okruglih stolova i dva kolokvija te niz predstavljanja knjiga i projekata razli\u010dite tematike, od antike do suvremenosti. Bit \u0107e predstavljeno i nekoliko izlo\u017ebi te odr\u017ean jedan povijesni kviz. Prikazat \u0107emo i jedan film \u2013 o generalu Boroevi\u0107u.\u2026","rel":"","context":"U &quot;Novosti&quot;","block_context":{"text":"Novosti","link":"https:\/\/historiografija.hr\/?cat=3"},"img":{"alt_text":"","src":"https:\/\/i0.wp.com\/historiografija.hr\/wp-content\/uploads\/2026\/04\/Kliofest-2026.jpg?fit=526%2C526&ssl=1&resize=350%2C200","width":350,"height":200,"srcset":"https:\/\/i0.wp.com\/historiografija.hr\/wp-content\/uploads\/2026\/04\/Kliofest-2026.jpg?fit=526%2C526&ssl=1&resize=350%2C200 1x, https:\/\/i0.wp.com\/historiografija.hr\/wp-content\/uploads\/2026\/04\/Kliofest-2026.jpg?fit=526%2C526&ssl=1&resize=525%2C300 1.5x"},"classes":[]},{"id":52607,"url":"https:\/\/historiografija.hr\/?p=52607","url_meta":{"origin":42918,"position":5},"title":"No\u0107 knjige: Kako je prije 410 godina smr\u0107u Shakespearea i Cervantesa zavr\u0161ilo razdoblje renesanse u knji\u017eevnosti","author":"Branimir Jankovi\u0107","date":"22. travnja 2026.","format":false,"excerpt":"\u010cetvrtak, 23. travnja 2026. u 18:00 sati, Knji\u017eara Matice hrvatske, Ulica Matice hrvatske 2, Zagreb Uvodna rije\u010d: dr. sc.\u00a0Dubravka Brezak Stama\u0107, pro\u010delnica Odjela za knji\u017eevnost Matice hrvatske Prof. dr. sc. Ivan Lupi\u0107, redoviti profesor u Odsjeku za anglistiku i Odsjeku za kroatistiku Sveu\u010dili\u0161ta u RijeciShakespeare, kazali\u0161te, glazbaKada se susre\u0107emo sa\u2026","rel":"","context":"U &quot;Novosti&quot;","block_context":{"text":"Novosti","link":"https:\/\/historiografija.hr\/?cat=3"},"img":{"alt_text":"","src":"https:\/\/i0.wp.com\/historiografija.hr\/wp-content\/uploads\/2026\/04\/noc_knjige_2026.jpg?fit=680%2C276&ssl=1&resize=350%2C200","width":350,"height":200,"srcset":"https:\/\/i0.wp.com\/historiografija.hr\/wp-content\/uploads\/2026\/04\/noc_knjige_2026.jpg?fit=680%2C276&ssl=1&resize=350%2C200 1x, https:\/\/i0.wp.com\/historiografija.hr\/wp-content\/uploads\/2026\/04\/noc_knjige_2026.jpg?fit=680%2C276&ssl=1&resize=525%2C300 1.5x"},"classes":[]}],"_links":{"self":[{"href":"https:\/\/historiografija.hr\/index.php?rest_route=\/wp\/v2\/posts\/42918","targetHints":{"allow":["GET"]}}],"collection":[{"href":"https:\/\/historiografija.hr\/index.php?rest_route=\/wp\/v2\/posts"}],"about":[{"href":"https:\/\/historiografija.hr\/index.php?rest_route=\/wp\/v2\/types\/post"}],"author":[{"embeddable":true,"href":"https:\/\/historiografija.hr\/index.php?rest_route=\/wp\/v2\/users\/2"}],"replies":[{"embeddable":true,"href":"https:\/\/historiografija.hr\/index.php?rest_route=%2Fwp%2Fv2%2Fcomments&post=42918"}],"version-history":[{"count":1,"href":"https:\/\/historiografija.hr\/index.php?rest_route=\/wp\/v2\/posts\/42918\/revisions"}],"predecessor-version":[{"id":42920,"href":"https:\/\/historiografija.hr\/index.php?rest_route=\/wp\/v2\/posts\/42918\/revisions\/42920"}],"wp:featuredmedia":[{"embeddable":true,"href":"https:\/\/historiografija.hr\/index.php?rest_route=\/wp\/v2\/media\/42919"}],"wp:attachment":[{"href":"https:\/\/historiografija.hr\/index.php?rest_route=%2Fwp%2Fv2%2Fmedia&parent=42918"}],"wp:term":[{"taxonomy":"category","embeddable":true,"href":"https:\/\/historiografija.hr\/index.php?rest_route=%2Fwp%2Fv2%2Fcategories&post=42918"},{"taxonomy":"post_tag","embeddable":true,"href":"https:\/\/historiografija.hr\/index.php?rest_route=%2Fwp%2Fv2%2Ftags&post=42918"}],"curies":[{"name":"wp","href":"https:\/\/api.w.org\/{rel}","templated":true}]}}