{"id":42914,"date":"2024-10-24T17:19:56","date_gmt":"2024-10-24T17:19:56","guid":{"rendered":"http:\/\/historiografija.hr\/?p=42914"},"modified":"2024-10-24T17:20:41","modified_gmt":"2024-10-24T17:20:41","slug":"zenski-sud-feministicki-pristup-pravdi-slucaj-foca","status":"publish","type":"post","link":"https:\/\/historiografija.hr\/?p=42914","title":{"rendered":"\u017denski sud: feministi\u010dki pristup pravdi \u2013 slu\u010daj Fo\u010da"},"content":{"rendered":"\n<p>\u010cast nam je pozvati vas na Javnu prezentaciju i susret pod nazivom \u201c\u017denski sud: feministi\u010dki pristup pravdi \u2013 slu\u010daj Fo\u010da\u201d koji \u0107e se u Centru za \u017eenske studije u Zagrebu (Dolac 8) odr\u017eati 24. listopada 2024. godine u 19h.<\/p>\n\n\n\n<p><strong>\u017denski sud: feministi\u010dki pristup pravdi \u2013 slu\u010daj Fo\u010da<\/strong><br><strong>Javna prezentacija, Zagreb, 24. listopad 2024.<\/strong><br><strong>Centar za \u017eenske studije (19:00 \u2013 21:00)<\/strong><\/p>\n\n\n\n<p>Dana 26. lipnja 2023. godine, \u017dene u crnom i Autonomni \u017eenski centar organizirale su u Beogradu \u017denski sud-slu\u010daj Fo\u010da u Beogradu, u Prostoru Miljenko Dereta, uz podr\u0161ku feministi\u010dkih grupa iz: BiH (Horizonti, Tuzla, Fondacija CURE, Sarajevo); Crne Gore (Centar za \u017eensko i mirovno obrazovanje \u2013 Anima, Kotor); Hrvatske (Centar za \u017eene \u017ertve rata \u2013 ROSA, Zagreb); te umjetni\u010dko-aktivisti\u010dkih kolektiva: \u0160kart, Dah teatar, Prostor Miljenko Dereta, Beograd i Art klinika, Novi Sad.<\/p>\n\n\n\n<p>\u017denski sud \u2013 slu\u010daj Fo\u010da bio je posve\u0107en seksualnim zlo\u010dinima jer je tokom rata u Bosni i Hercegovini (1992.-1995.), Fo\u010da bila mjesto sistematskog seksualnog nasilja i silovanja u ratu u BiH. Zahvaljuju\u0107i hrabrosti \u017eena iz Fo\u010de i iz cijele BiH prokr\u010den je put \u017eenama \u0161irom planete u borbi za ka\u017enjivost ratnog zlo\u010dina silovanja. Me\u0111unarodni kazneni sud za biv\u0161u Jugoslaviju\/ ICTY je prvi put na slu\u010daju Fo\u010da utvrdio da se seksualno ropstvo smatra zlo\u010dinom protiv \u010dovje\u010dnosti. Ipak, i pored ove historijski zna\u010dajne presude, neki od seksualnih zlo\u010dina nad \u017eenama i mu\u0161karcima Fo\u010de, na\u017ealost, nisu objelodanjeni niti priznati, ve\u0107 su pre\u0161u\u0107eni i zaboravljeni\u2026 \u017denski sud \u2013 slu\u010daj Fo\u010da predstavlja nastavak borbe, zajedno sa \u017eenama i mu\u0161karcima Fo\u010de, za pravdu za \u017ertve seksualnih zlo\u010dina u Fo\u010di i \u0161ire. Na \u017denskom sudu \u2013 slu\u010daj Fo\u010da svjedo\u010dile su: Ilvana Konjo, Zenija Hajdarevi\u0107, Halida Konjo Uzunovi\u0107 i Kemalemir Fra\u0161to, dok su suradnice \u017dS tuma\u010dile politi\u010dki kontekst na osnovu njihovih svjedo\u010denja.<\/p>\n\n\n\n<p><strong>Program susreta<\/strong><\/p>\n\n\n\n<p><strong>19:00 \u2013 19:10<\/strong> \u2013 <strong>Pozdravna rije\u010d<\/strong> \u2013 Dorotea \u0160u\u0161ak, izvr\u0161na direktorica \u017denskih studija, Zagreb<\/p>\n\n\n\n<p><strong>19:10 \u2013 19:30<\/strong> \u2013 <strong>\u017denski sud: feministi\u010dki pristup pravdi<\/strong> (\u0160to je \u017denski sud\/\u017dS? \u0160to je feministi\u010dki pristup pravdi? Historijat, proces organiziranja \u017denskih sudova (Sarajevo, 2015.); aktivnosti u nastavku procesa, u\u010dinci \u017dS; \u017denski sud \u2013 slu\u010daj Fo\u010da, 2023.<br>Nela Pamukovi\u0107, Centar za \u017eene \u017ertve rata \u2013 ROSA, Zagreb, Renata Jambre\u0161i\u0107 Kirin, Centar za \u017eenske studije, Zagreb, Sta\u0161a Zajovi\u0107, \u017dene u crnom, Beograd<\/p>\n\n\n\n<p><strong>19:30 \u2013 20:10<\/strong> \u2013 <strong>\u017denski sud \u2013 feministi\u010dki pristup pravdi: slu\u010daj Fo\u010da<\/strong> \u2013 projekcija dokumentarnog filma (42 min.) u re\u017eiji Marije Aran\u0111elovi\u0107, produkciji \u017dena u crnom. Film govori o \u017denskom sudu \u2013 slu\u010daj Fo\u010da, odr\u017eanom u Beogradu (26. jun 2023.)<\/p>\n\n\n\n<p><strong>20:10 \u2013 20:50<\/strong> \u2013 <strong>Svjedokinje i svjedok govore o svom iskustvu svjedo\u010denja na \u017denskom sudu&nbsp;u Beogradu<\/strong> (\u0160to je za mene zna\u010dilo svjedo\u010denje na \u017denskom sudu?)<\/p>\n\n\n\n<p>Govore:<br>Halida Konjo Uzunovi\u0107, Fo\u010da\/Sarajevo<br>Kemalemir Fra\u0161to, Fo\u010da\/SAD (putem zoom-a)<br>Moderatorica: Sta\u017ea Zajovi\u0107, \u017dene u crnom, Beograd<\/p>\n\n\n\n<p><strong>20:50 -21:00<\/strong> \u2013 <strong>Razgovor sa publikom<\/strong> (U\u010dinci \u017denskog suda, nastavak procesa \u017dS\u2026)<br>Moderatorica: Jadranka Mili\u010devi\u0107, Fondacija CURE, Sarajevo<\/p>\n\n\n\n<p><strong>Zagreb\/Beograd, 24. listopad 2024.<\/strong><\/p>\n\n\n\n<hr class=\"wp-block-separator\"\/>\n\n\n\n<p>Izvor:<\/p>\n\n\n\n<figure class=\"wp-block-embed-wordpress wp-block-embed is-type-wp-embed is-provider-centar-za-zenske-studije\"><div class=\"wp-block-embed__wrapper\">\n<blockquote class=\"wp-embedded-content\" data-secret=\"pgpAvxxqnM\"><a href=\"https:\/\/zenstud.hr\/2024\/10\/18\/zenski-sud-feministicki-pristup-pravdi-slucaj-foca-24-listopad-2024\/\">\u017denski sud: feministi\u010dki pristup pravdi \u2013 slu\u010daj Fo\u010da, 24. listopad 2024.<\/a><\/blockquote><iframe loading=\"lazy\" class=\"wp-embedded-content\" sandbox=\"allow-scripts\" security=\"restricted\" style=\"position: absolute; clip: rect(1px, 1px, 1px, 1px);\" title=\"&#8220;\u017denski sud: feministi\u010dki pristup pravdi \u2013 slu\u010daj Fo\u010da, 24. listopad 2024.&#8221; &#8212; Centar za \u017eenske studije\" src=\"https:\/\/zenstud.hr\/2024\/10\/18\/zenski-sud-feministicki-pristup-pravdi-slucaj-foca-24-listopad-2024\/embed\/#?secret=pgpAvxxqnM\" data-secret=\"pgpAvxxqnM\" width=\"600\" height=\"338\" frameborder=\"0\" marginwidth=\"0\" marginheight=\"0\" scrolling=\"no\"><\/iframe>\n<\/div><\/figure>\n\n\n\n<hr class=\"wp-block-separator\"\/>\n","protected":false},"excerpt":{"rendered":"","protected":false},"author":2,"featured_media":42915,"comment_status":"open","ping_status":"open","sticky":false,"template":"","format":"standard","meta":{"_acf_changed":false,"jetpack_post_was_ever_published":false,"_jetpack_newsletter_access":"","_jetpack_dont_email_post_to_subs":false,"_jetpack_newsletter_tier_id":0,"_jetpack_memberships_contains_paywalled_content":false,"_jetpack_memberships_contains_paid_content":false,"footnotes":"","jetpack_publicize_message":"","jetpack_publicize_feature_enabled":true,"jetpack_social_post_already_shared":true,"jetpack_social_options":{"image_generator_settings":{"template":"highway","default_image_id":0,"font":"","enabled":false},"version":2}},"categories":[3],"tags":[],"class_list":["post-42914","post","type-post","status-publish","format-standard","has-post-thumbnail","hentry","category-novosti"],"acf":{"facebook_opis":""},"jetpack_publicize_connections":[],"jetpack_featured_media_url":"https:\/\/i0.wp.com\/historiografija.hr\/wp-content\/uploads\/2024\/10\/%C5%BDenski-sud_slu%C4%8Daj-Fo%C4%8Da.png?fit=987%2C572&ssl=1","jetpack_sharing_enabled":true,"jetpack-related-posts":[],"_links":{"self":[{"href":"https:\/\/historiografija.hr\/index.php?rest_route=\/wp\/v2\/posts\/42914","targetHints":{"allow":["GET"]}}],"collection":[{"href":"https:\/\/historiografija.hr\/index.php?rest_route=\/wp\/v2\/posts"}],"about":[{"href":"https:\/\/historiografija.hr\/index.php?rest_route=\/wp\/v2\/types\/post"}],"author":[{"embeddable":true,"href":"https:\/\/historiografija.hr\/index.php?rest_route=\/wp\/v2\/users\/2"}],"replies":[{"embeddable":true,"href":"https:\/\/historiografija.hr\/index.php?rest_route=%2Fwp%2Fv2%2Fcomments&post=42914"}],"version-history":[{"count":2,"href":"https:\/\/historiografija.hr\/index.php?rest_route=\/wp\/v2\/posts\/42914\/revisions"}],"predecessor-version":[{"id":42917,"href":"https:\/\/historiografija.hr\/index.php?rest_route=\/wp\/v2\/posts\/42914\/revisions\/42917"}],"wp:featuredmedia":[{"embeddable":true,"href":"https:\/\/historiografija.hr\/index.php?rest_route=\/wp\/v2\/media\/42915"}],"wp:attachment":[{"href":"https:\/\/historiografija.hr\/index.php?rest_route=%2Fwp%2Fv2%2Fmedia&parent=42914"}],"wp:term":[{"taxonomy":"category","embeddable":true,"href":"https:\/\/historiografija.hr\/index.php?rest_route=%2Fwp%2Fv2%2Fcategories&post=42914"},{"taxonomy":"post_tag","embeddable":true,"href":"https:\/\/historiografija.hr\/index.php?rest_route=%2Fwp%2Fv2%2Ftags&post=42914"}],"curies":[{"name":"wp","href":"https:\/\/api.w.org\/{rel}","templated":true}]}}