{"id":42908,"date":"2024-10-24T17:06:20","date_gmt":"2024-10-24T17:06:20","guid":{"rendered":"http:\/\/historiografija.hr\/?p=42908"},"modified":"2024-10-24T17:06:20","modified_gmt":"2024-10-24T17:06:20","slug":"zbornik-radova-domovinski-rat-i-raspad-jugoslavije","status":"publish","type":"post","link":"https:\/\/historiografija.hr\/?p=42908","title":{"rendered":"Zbornik radova \u201eDomovinski rat i raspad Jugoslavije\u201c"},"content":{"rendered":"\n<p>Uredile: Andriana Ben\u010di\u0107 Ku\u017enar, Julija Barun\u010di\u0107 Pletikosi\u0107<\/p>\n\n\n\n<hr class=\"wp-block-separator\"\/>\n\n\n\n<p><strong>Izdava\u010d<\/strong>: Hrvatska sveu\u010dili\u0161na naklada d.o.o.<br><strong>Godina izdavanja<\/strong>: 2024<br><strong>Op\u0107e informacije<\/strong>: 216 str.<\/p>\n\n\n\n<hr class=\"wp-block-separator\"\/>\n\n\n\n<p>Zbornik se sastoji od uredni\u010dkog uvoda te 11 radova eminentnih hrvatskih znanstvenika (A. Ben\u010di\u0107 Ku\u017enar, J. Barun\u010di\u0107 Pletikosi\u0107, Z. Radeli\u0107, \u017d. Kri\u017ee, A. Nazor, I. Rado\u0161, N. Martini\u0107 Jer\u010di\u0107, D. Marijan, N. Bari\u0107, A. Holjevac Tukovi\u0107, D. \u017divi\u0107) koji su istra\u017eivali Domovinski rat u Hrvatskoj (1991. &nbsp;\u0336 1995. &nbsp;\u0336 &nbsp;1998.). Mo\u017ee se podijeliti na nekoliko cjelina u kojima autori daju historiografski pregled uzroka, tijeka i posljedica Domovinskog rata.<\/p>\n\n\n\n<p>Povod za ovaj interdisciplinarni zbornik nije samo povjesni\u010darski ve\u0107 sociolo\u0161ki, demografski i viktimolo\u0161ki: jest prikazati doga\u0111aje vezane uz rat u Hrvatskoj, ali djelomi\u010dno i u susjednoj Bosni i Hercegovini, koji su (po)pra\u0107eni velikim ljudskim i materijalnim stradanjima. Ti su ratovi te stavovi o njima \u010desto (u doma\u0107oj, ali i u inozemnoj produkciji) bili objekt manipulacija i neutemeljenih zaklju\u010daka te nisu ocrtavali \u010dinjeni\u010dno stanje, ali su u\u0161li u javno mnijenje jer su objavljeni na nekom od svjetskih jezika (prvenstveno engleskom). Temeljna postavka Zbornika jest razjasniti do sada gotovo uvrije\u017eene tvrdnje, osobito u me\u0111unarodnoj zajednici da se na podru\u010dju Republike Hrvatske u navedenom razdoblju nije radilo npr. o gra\u0111anskom ratu. Unato\u010d tome ne treba \u201edemonizirati\u201c strane autore \u010dije je (ne)poznavanje (ju\u017eno)slavenskih jezika bio jedan od glavnih problema pri izradi znanstvenih studija, pa su se oslanjali na selektivne izvore i literaturu.<\/p>\n\n\n\n<p>U zadnjem radu \u201cDomovinski rat kroz sje\u0107anja neposrednih sudionica i sudionika\u201d Andriana Ben\u010di\u0107 Ku\u017enar i Julija Barun\u010di\u0107 Pletikosi\u0107 koriste bitnu, ali zanemarenu metodu analize oralne povijesti (oral history) koja je va\u017ena za stvaranje slike o Domovinskom ratu. Sje\u0107anja neposrednih sudionica i sudionika Domovinskog rata slu\u017ee rekonstrukciji pro\u0161lih doga\u0111aja iz perspektive onih koji su izravno sudjelovali u doga\u0111ajima. Time se pune \u201crupe\u201c izme\u0111u slu\u017ebene percepcije Domovinskog rata, koja se primarno temelji na kriti\u010dkoj analizi arhivskog gradiva, a manje na sje\u0107anjima i svjedo\u010danstvima o\u010devidaca i sudionika (ovi se izvori smatraju tercijarnim te im se posve\u0107uje nedovoljno pozornosti).<\/p>\n\n\n\n<p>Zbornik pridonosi boljem razumijevanju hrvatske, a susljedno tome i dijela europske i svjetske povijesti na kraju 20. stolje\u0107a te je prilog boljem razumijevanju postkomunisti\u010dkog i postsocijalisti\u010dkog razdoblja na prostorima biv\u0161e jugoslavenske federacije. Poznavanje naravi Domovinskog rata, s obzirom na gotovo stereotipno preuzimanje ve\u0107 utvr\u0111enih, a \u010desto neznanstvenih istra\u017eivanja u inozemstvu, koji su posljedica i nepoznavanja hrvatskog jezika, name\u0107e se kao imperativ u u\u010dvr\u0161\u0107ivanju i hrvatskog identiteta te boljega i cjelovitijega razumijevanja Domovinskog rata. Upravo tome \u0107e pridonijeti ovaj zbornik koji \u0107e se objaviti i na engleskom jeziku.<\/p>\n\n\n\n<hr class=\"wp-block-separator\"\/>\n\n\n\n<p>Izvor: <\/p>\n\n\n\n<p><a href=\"https:\/\/www.hsn.hr\/product\/1631\/domovinski-rat-i-raspad-jugoslavije\">https:\/\/www.hsn.hr\/product\/1631\/domovinski-rat-i-raspad-jugoslavije<\/a><\/p>\n\n\n\n<hr class=\"wp-block-separator\"\/>\n","protected":false},"excerpt":{"rendered":"","protected":false},"author":2,"featured_media":42909,"comment_status":"open","ping_status":"open","sticky":false,"template":"","format":"standard","meta":{"_acf_changed":false,"jetpack_post_was_ever_published":false,"_jetpack_newsletter_access":"","_jetpack_dont_email_post_to_subs":false,"_jetpack_newsletter_tier_id":0,"_jetpack_memberships_contains_paywalled_content":false,"_jetpack_memberships_contains_paid_content":false,"footnotes":"","jetpack_publicize_message":"","jetpack_publicize_feature_enabled":true,"jetpack_social_post_already_shared":true,"jetpack_social_options":{"image_generator_settings":{"template":"highway","default_image_id":0,"font":"","enabled":false},"version":2}},"categories":[8,3],"tags":[],"class_list":["post-42908","post","type-post","status-publish","format-standard","has-post-thumbnail","hentry","category-knjige","category-novosti"],"acf":{"facebook_opis":""},"jetpack_publicize_connections":[],"jetpack_featured_media_url":"https:\/\/i0.wp.com\/historiografija.hr\/wp-content\/uploads\/2024\/10\/DOMOVINSKI_RAT.png?fit=621%2C885&ssl=1","jetpack_sharing_enabled":true,"jetpack-related-posts":[],"_links":{"self":[{"href":"https:\/\/historiografija.hr\/index.php?rest_route=\/wp\/v2\/posts\/42908","targetHints":{"allow":["GET"]}}],"collection":[{"href":"https:\/\/historiografija.hr\/index.php?rest_route=\/wp\/v2\/posts"}],"about":[{"href":"https:\/\/historiografija.hr\/index.php?rest_route=\/wp\/v2\/types\/post"}],"author":[{"embeddable":true,"href":"https:\/\/historiografija.hr\/index.php?rest_route=\/wp\/v2\/users\/2"}],"replies":[{"embeddable":true,"href":"https:\/\/historiografija.hr\/index.php?rest_route=%2Fwp%2Fv2%2Fcomments&post=42908"}],"version-history":[{"count":1,"href":"https:\/\/historiografija.hr\/index.php?rest_route=\/wp\/v2\/posts\/42908\/revisions"}],"predecessor-version":[{"id":42910,"href":"https:\/\/historiografija.hr\/index.php?rest_route=\/wp\/v2\/posts\/42908\/revisions\/42910"}],"wp:featuredmedia":[{"embeddable":true,"href":"https:\/\/historiografija.hr\/index.php?rest_route=\/wp\/v2\/media\/42909"}],"wp:attachment":[{"href":"https:\/\/historiografija.hr\/index.php?rest_route=%2Fwp%2Fv2%2Fmedia&parent=42908"}],"wp:term":[{"taxonomy":"category","embeddable":true,"href":"https:\/\/historiografija.hr\/index.php?rest_route=%2Fwp%2Fv2%2Fcategories&post=42908"},{"taxonomy":"post_tag","embeddable":true,"href":"https:\/\/historiografija.hr\/index.php?rest_route=%2Fwp%2Fv2%2Ftags&post=42908"}],"curies":[{"name":"wp","href":"https:\/\/api.w.org\/{rel}","templated":true}]}}