{"id":42905,"date":"2024-10-24T16:59:28","date_gmt":"2024-10-24T16:59:28","guid":{"rendered":"http:\/\/historiografija.hr\/?p=42905"},"modified":"2024-10-24T16:59:28","modified_gmt":"2024-10-24T16:59:28","slug":"heike-karge-sarm-shizofenije-psihijatrija-rat-i-drustvo-na-hrvatskom-i-srpskom-prostoru","status":"publish","type":"post","link":"https:\/\/historiografija.hr\/?p=42905","title":{"rendered":"Heike Karge, \u201e\u0160arm shizofenije. Psihijatrija, rat i dru\u0161tvo na hrvatskom i srpskom prostoru\u201c"},"content":{"rendered":"\n<p>U ovoj se knjizi opisuje dugo razdoblje od 1870-ih do 1950-ih godina te se obja\u0161njava kako su se dijagnosticirale, tuma\u010dile i do\u017eivljavale mentalne bolesti u Trojednoj Kraljevini Hrvatskoj i Slavoniji odnosno Kne\u017eevini\/Kraljevini Srbiji te prvoj i drugoj Jugoslaviji tijekom rata i mira. Autorica ukazuje i na specifi\u010dne kulturne, institucionalne i dru\u0161vene kontekste. \u201cDoba tjeskobe\u201d nastupilo je kasno i njime je dominirala dijagnoza \u201cshizofrenija\u201d. Jedan je iznena\u0111uju\u0107i razlog za to bila dominacija pacijenata koji dolaze iz ruralnih podru\u010dja.<\/p>\n\n\n\n<hr class=\"wp-block-separator\"\/>\n\n\n\n<p>Izvori:<\/p>\n\n\n\n<figure class=\"wp-block-embed-wordpress wp-block-embed is-type-wp-embed is-provider-srednja-europa\"><div class=\"wp-block-embed__wrapper\">\n<blockquote class=\"wp-embedded-content\" data-secret=\"oM8qYU2Uhm\"><a href=\"https:\/\/srednja-europa.hr\/proizvod\/sarm-shizofrenije\/\">\u0160arm shizofrenije<\/a><\/blockquote><iframe loading=\"lazy\" class=\"wp-embedded-content\" sandbox=\"allow-scripts\" security=\"restricted\" style=\"position: absolute; clip: rect(1px, 1px, 1px, 1px);\" title=\"&#8220;\u0160arm shizofrenije&#8221; &#8212; Srednja Europa\" src=\"https:\/\/srednja-europa.hr\/proizvod\/sarm-shizofrenije\/embed\/#?secret=oM8qYU2Uhm\" data-secret=\"oM8qYU2Uhm\" width=\"600\" height=\"338\" frameborder=\"0\" marginwidth=\"0\" marginheight=\"0\" scrolling=\"no\"><\/iframe>\n<\/div><\/figure>\n\n\n\n<hr class=\"wp-block-separator\"\/>\n\n\n\n<p><a href=\"https:\/\/historiografija.ba\/knjige\/jugoistocna-evropa\/sarm-shizofrenije-psihijatrija-rat-i-drustvo-na-hrvatsko-srpskom-prostoru\">https:\/\/historiografija.ba\/knjige\/jugoistocna-evropa\/sarm-shizofrenije-psihijatrija-rat-i-drustvo-na-hrvatsko-srpskom-prostoru<\/a><\/p>\n\n\n\n<hr class=\"wp-block-separator\"\/>\n","protected":false},"excerpt":{"rendered":"","protected":false},"author":2,"featured_media":42906,"comment_status":"open","ping_status":"open","sticky":false,"template":"","format":"standard","meta":{"_acf_changed":false,"jetpack_post_was_ever_published":false,"_jetpack_newsletter_access":"","_jetpack_dont_email_post_to_subs":false,"_jetpack_newsletter_tier_id":0,"_jetpack_memberships_contains_paywalled_content":false,"_jetpack_memberships_contains_paid_content":false,"footnotes":"","jetpack_publicize_message":"","jetpack_publicize_feature_enabled":true,"jetpack_social_post_already_shared":true,"jetpack_social_options":{"image_generator_settings":{"template":"highway","default_image_id":0,"font":"","enabled":false},"version":2}},"categories":[8,3],"tags":[],"class_list":["post-42905","post","type-post","status-publish","format-standard","has-post-thumbnail","hentry","category-knjige","category-novosti"],"acf":{"facebook_opis":""},"jetpack_publicize_connections":[],"jetpack_featured_media_url":"https:\/\/i0.wp.com\/historiografija.hr\/wp-content\/uploads\/2024\/10\/Heike-Karge-%C5%A0arm-shizofrenije.jpg?fit=450%2C635&ssl=1","jetpack_sharing_enabled":true,"jetpack-related-posts":[],"_links":{"self":[{"href":"https:\/\/historiografija.hr\/index.php?rest_route=\/wp\/v2\/posts\/42905","targetHints":{"allow":["GET"]}}],"collection":[{"href":"https:\/\/historiografija.hr\/index.php?rest_route=\/wp\/v2\/posts"}],"about":[{"href":"https:\/\/historiografija.hr\/index.php?rest_route=\/wp\/v2\/types\/post"}],"author":[{"embeddable":true,"href":"https:\/\/historiografija.hr\/index.php?rest_route=\/wp\/v2\/users\/2"}],"replies":[{"embeddable":true,"href":"https:\/\/historiografija.hr\/index.php?rest_route=%2Fwp%2Fv2%2Fcomments&post=42905"}],"version-history":[{"count":1,"href":"https:\/\/historiografija.hr\/index.php?rest_route=\/wp\/v2\/posts\/42905\/revisions"}],"predecessor-version":[{"id":42907,"href":"https:\/\/historiografija.hr\/index.php?rest_route=\/wp\/v2\/posts\/42905\/revisions\/42907"}],"wp:featuredmedia":[{"embeddable":true,"href":"https:\/\/historiografija.hr\/index.php?rest_route=\/wp\/v2\/media\/42906"}],"wp:attachment":[{"href":"https:\/\/historiografija.hr\/index.php?rest_route=%2Fwp%2Fv2%2Fmedia&parent=42905"}],"wp:term":[{"taxonomy":"category","embeddable":true,"href":"https:\/\/historiografija.hr\/index.php?rest_route=%2Fwp%2Fv2%2Fcategories&post=42905"},{"taxonomy":"post_tag","embeddable":true,"href":"https:\/\/historiografija.hr\/index.php?rest_route=%2Fwp%2Fv2%2Ftags&post=42905"}],"curies":[{"name":"wp","href":"https:\/\/api.w.org\/{rel}","templated":true}]}}