{"id":42889,"date":"2024-10-23T21:20:30","date_gmt":"2024-10-23T21:20:30","guid":{"rendered":"http:\/\/historiografija.hr\/?p=42889"},"modified":"2024-10-23T21:20:30","modified_gmt":"2024-10-23T21:20:30","slug":"okrugli-stol-sarajevska-najpoznatija-javna-tajna-i-inkluzivna-memorijalizacija","status":"publish","type":"post","link":"https:\/\/historiografija.hr\/?p=42889","title":{"rendered":"Okrugli stol: \u201eSarajevska najpoznatija javna tajna\u201c i inkluzivna memorijalizacija"},"content":{"rendered":"\n<p>Povodom 31. godi\u0161njice zlo\u010dina na Kazanima i tre\u0107eg prera\u0111enog izdanja publikacije \u201eSarajevska najpoznatija javna tajna\u201c autora Nicolasa Molla, UDIK, FES i forumZFD BiH organizuju promociju publikacije, te okrugli sto o zna\u010daju inkluzivne komemoracije, izazovima konstruktivne memorijalizacije u procesu suo\u010davanja s pro\u0161lo\u0107u i tranzicijske pravde u Bosni i Hercegovini.<\/p>\n\n\n\n<p>Govornici: Nicolas Moll (autor i histori\u010dar); Vildana Selimbegovi\u0107 (glavna i odgovorna urednica dnevnog lista \u201eOslobo\u0111enje\u201c); Edisa Gazeti\u0107 (profesorica na Filozofskom fakultetu Univerziteta u Zenici); Pavle Mijovi\u0107 (profesor na Katoli\u010dkom bogoslovnom fakultetu Univerziteta u Sarajevu).<\/p>\n\n\n\n<p>Moderator: Nikola Vu\u010di\u0107.<\/p>\n\n\n\n<p><strong>Okrugli sto \u0107e se odr\u017eati 25.10.2024. od 18.00 do 20.00 sati u hotelu Holiday u Sarajevu (ul. Zmaja od Bosne br. 4).<\/strong><\/p>\n\n\n\n<p>Okrugli sto \u0107e se mo\u0107i pratiti u\u017eivo na YouTube kanalu forumZFD Bosnia and Herzegovina preko <a href=\"https:\/\/www.youtube.com\/@forumzfdbosniaandherzegovi6509\">linka<\/a><\/p>\n\n\n\n<hr class=\"wp-block-separator\"\/>\n\n\n\n<p>Izvor:<\/p>\n\n\n\n<p><a href=\"https:\/\/historiografija.ba\/historija-u-javnosti\/naucne-manifestacije\/okrugli-sto-o-zlocinu-na-kazanima-kod-sarajeva\">https:\/\/historiografija.ba\/historija-u-javnosti\/naucne-manifestacije\/okrugli-sto-o-zlocinu-na-kazanima-kod-sarajeva<\/a><\/p>\n\n\n\n<hr class=\"wp-block-separator\"\/>\n","protected":false},"excerpt":{"rendered":"","protected":false},"author":2,"featured_media":42890,"comment_status":"open","ping_status":"open","sticky":false,"template":"","format":"standard","meta":{"_acf_changed":false,"jetpack_post_was_ever_published":false,"_jetpack_newsletter_access":"","_jetpack_dont_email_post_to_subs":false,"_jetpack_newsletter_tier_id":0,"_jetpack_memberships_contains_paywalled_content":false,"_jetpack_memberships_contains_paid_content":false,"footnotes":"","jetpack_publicize_message":"","jetpack_publicize_feature_enabled":true,"jetpack_social_post_already_shared":true,"jetpack_social_options":{"image_generator_settings":{"template":"highway","default_image_id":0,"font":"","enabled":false},"version":2}},"categories":[3],"tags":[],"class_list":["post-42889","post","type-post","status-publish","format-standard","has-post-thumbnail","hentry","category-novosti"],"acf":{"facebook_opis":""},"jetpack_publicize_connections":[],"jetpack_featured_media_url":"https:\/\/i0.wp.com\/historiografija.hr\/wp-content\/uploads\/2024\/10\/kazani-okrugli-sto.jpg?fit=555%2C342&ssl=1","jetpack_sharing_enabled":true,"jetpack-related-posts":[],"_links":{"self":[{"href":"https:\/\/historiografija.hr\/index.php?rest_route=\/wp\/v2\/posts\/42889","targetHints":{"allow":["GET"]}}],"collection":[{"href":"https:\/\/historiografija.hr\/index.php?rest_route=\/wp\/v2\/posts"}],"about":[{"href":"https:\/\/historiografija.hr\/index.php?rest_route=\/wp\/v2\/types\/post"}],"author":[{"embeddable":true,"href":"https:\/\/historiografija.hr\/index.php?rest_route=\/wp\/v2\/users\/2"}],"replies":[{"embeddable":true,"href":"https:\/\/historiografija.hr\/index.php?rest_route=%2Fwp%2Fv2%2Fcomments&post=42889"}],"version-history":[{"count":1,"href":"https:\/\/historiografija.hr\/index.php?rest_route=\/wp\/v2\/posts\/42889\/revisions"}],"predecessor-version":[{"id":42891,"href":"https:\/\/historiografija.hr\/index.php?rest_route=\/wp\/v2\/posts\/42889\/revisions\/42891"}],"wp:featuredmedia":[{"embeddable":true,"href":"https:\/\/historiografija.hr\/index.php?rest_route=\/wp\/v2\/media\/42890"}],"wp:attachment":[{"href":"https:\/\/historiografija.hr\/index.php?rest_route=%2Fwp%2Fv2%2Fmedia&parent=42889"}],"wp:term":[{"taxonomy":"category","embeddable":true,"href":"https:\/\/historiografija.hr\/index.php?rest_route=%2Fwp%2Fv2%2Fcategories&post=42889"},{"taxonomy":"post_tag","embeddable":true,"href":"https:\/\/historiografija.hr\/index.php?rest_route=%2Fwp%2Fv2%2Ftags&post=42889"}],"curies":[{"name":"wp","href":"https:\/\/api.w.org\/{rel}","templated":true}]}}