{"id":42882,"date":"2024-10-23T21:29:25","date_gmt":"2024-10-23T21:29:25","guid":{"rendered":"http:\/\/historiografija.hr\/?p=42882"},"modified":"2024-11-07T22:18:59","modified_gmt":"2024-11-07T22:18:59","slug":"institucionalno-sjecanje-na-ustaske-logore-u-drugom-svjetskom-ratu-u-republici-hrvatskoj-izazovi-i-prilike-u-21-stoljecu","status":"publish","type":"post","link":"https:\/\/historiografija.hr\/?p=42882","title":{"rendered":"\u201eInstitucionalno sje\u0107anje na usta\u0161ke logore u Drugom svjetskom ratu u Republici Hrvatskoj: izazovi i prilike u 21. stolje\u0107u\u201d"},"content":{"rendered":"\n<p>Pozivamo vas na jednodnevni doga\u0111aj&nbsp;<strong>\u201eInstitucionalno sje\u0107anje na usta\u0161ke logore u Drugom svjetskom ratu u Republici Hrvatskoj: izazovi i prilike u 21. stolje\u0107u\u201d<\/strong>&nbsp;koji \u0107e se odr\u017eati u&nbsp;<strong>ponedjeljak, 28. listopada 2024. godine&nbsp;<\/strong>u prostorijama Kulturno informativnog centra \u2013 KIC u Zagrebu od<strong>&nbsp;9:00 \u2013 13:30.<\/strong><\/p>\n\n\n\n<p>Suo\u010deni s izazovima revizije pro\u0161losti, kreiranja politiziranih narativa o kolektivnom sje\u0107anju, ali i novih pristupa i metoda u institucionalizaciji sje\u0107anja, ovaj doga\u0111aj okuplja vode\u0107e stru\u010dnjake u podru\u010dju istra\u017eivanja povijesti i sje\u0107anja na zlo\u010dine usta\u0161kog re\u017eima i pru\u017ea im platformu za raspravu o izazovima u komemoriranju razli\u010ditih mjesta stradanja na podru\u010dju Republike Hrvatske, te prilikama da Hrvatska postane regionalni primjer historiografske i memorijalne prakse 21. stolje\u0107a.<\/p>\n\n\n\n<p>Doga\u0111aj organiziraju Centar za istra\u017eivanje Holokausta i genocida na jugoistoku Europe pri Filozofskom fakultetu Sveu\u010dili\u0161ta u Rijeci, <em>Documenta&nbsp;<\/em>\u2013 Centar za suo\u010davanje s pro\u0161lo\u0161\u0107u i Kulturno informativni centar \u2013 KIC.<\/p>\n\n\n\n<p><a rel=\"noreferrer noopener\" href=\"https:\/\/documenta.hr\/wp-content\/uploads\/2024\/10\/Konferencija-2024-10-28-finalni-program-1.pdf\" target=\"_blank\">Konferencija &#8211; 2024 10 28 &#8211; finalni program<\/a><\/p>\n\n\n\n<hr class=\"wp-block-separator\"\/>\n\n\n\n<p>Izvori:<\/p>\n\n\n\n<figure class=\"wp-block-embed-wordpress wp-block-embed is-type-wp-embed is-provider-documenta\"><div class=\"wp-block-embed__wrapper\">\n<blockquote class=\"wp-embedded-content\" data-secret=\"AUnF8CaQOj\"><a href=\"https:\/\/documenta.hr\/novosti\/konferencija-institucionalno-sjecanje\/\">Konferencija \u201eInstitucionalno sje\u0107anje\u201c<\/a><\/blockquote><iframe loading=\"lazy\" class=\"wp-embedded-content\" sandbox=\"allow-scripts\" security=\"restricted\" style=\"position: absolute; clip: rect(1px, 1px, 1px, 1px);\" title=\"&#8220;Konferencija \u201eInstitucionalno sje\u0107anje\u201c&#8221; &#8212; Documenta\" src=\"https:\/\/documenta.hr\/novosti\/konferencija-institucionalno-sjecanje\/embed\/#?secret=AUnF8CaQOj\" data-secret=\"AUnF8CaQOj\" width=\"600\" height=\"338\" frameborder=\"0\" marginwidth=\"0\" marginheight=\"0\" scrolling=\"no\"><\/iframe>\n<\/div><\/figure>\n\n\n\n<figure class=\"wp-block-embed-wordpress wp-block-embed is-type-wp-embed is-provider-location\"><div class=\"wp-block-embed__wrapper\">\n<blockquote class=\"wp-embedded-content\" data-secret=\"nHjqf6Vdnz\"><a href=\"https:\/\/chgrse.wordpress.com\/institucionalno-sjecanje-na-ustaske-logore-u-drugom-svjetskom-ratu-u-republici-hrvatskoj-izazovi-i-prilike-u-21-stoljecu\/\">Institucionalno sje\u0107anje na usta\u0161ke logore u Drugom svjetskom ratu u Republici Hrvatskoj: izazovi i prilike u 21.&nbsp;stolje\u0107u<\/a><\/blockquote><iframe loading=\"lazy\" class=\"wp-embedded-content\" sandbox=\"allow-scripts\" security=\"restricted\" style=\"position: absolute; clip: rect(1px, 1px, 1px, 1px);\" title=\"&#8220;Institucionalno sje\u0107anje na usta\u0161ke logore u Drugom svjetskom ratu u Republici Hrvatskoj: izazovi i prilike u 21.&nbsp;stolje\u0107u&#8221; &#8212; Location\" src=\"https:\/\/chgrse.wordpress.com\/institucionalno-sjecanje-na-ustaske-logore-u-drugom-svjetskom-ratu-u-republici-hrvatskoj-izazovi-i-prilike-u-21-stoljecu\/embed\/#?secret=UZLPwVSS7j#?secret=nHjqf6Vdnz\" data-secret=\"nHjqf6Vdnz\" width=\"600\" height=\"338\" frameborder=\"0\" marginwidth=\"0\" marginheight=\"0\" scrolling=\"no\"><\/iframe>\n<\/div><\/figure>\n\n\n\n<p><a href=\"https:\/\/historiografija.ba\/historija-u-javnosti\/naucne-manifestacije\/institucionalno-sjecanje-na-ustaske-logore-u-drugom-svjetskom-ratu\">https:\/\/historiografija.ba\/historija-u-javnosti\/naucne-manifestacije\/institucionalno-sjecanje-na-ustaske-logore-u-drugom-svjetskom-ratu<\/a><\/p>\n\n\n\n<hr class=\"wp-block-separator\"\/>\n","protected":false},"excerpt":{"rendered":"","protected":false},"author":2,"featured_media":42883,"comment_status":"open","ping_status":"open","sticky":false,"template":"","format":"standard","meta":{"_acf_changed":false,"jetpack_post_was_ever_published":false,"_jetpack_newsletter_access":"","_jetpack_dont_email_post_to_subs":false,"_jetpack_newsletter_tier_id":0,"_jetpack_memberships_contains_paywalled_content":false,"_jetpack_memberships_contains_paid_content":false,"footnotes":"","jetpack_publicize_message":"","jetpack_publicize_feature_enabled":true,"jetpack_social_post_already_shared":true,"jetpack_social_options":{"image_generator_settings":{"template":"highway","default_image_id":0,"font":"","enabled":false},"version":2}},"categories":[3,9],"tags":[],"class_list":["post-42882","post","type-post","status-publish","format-standard","has-post-thumbnail","hentry","category-novosti","category-skupovi"],"acf":{"facebook_opis":""},"jetpack_publicize_connections":[],"jetpack_featured_media_url":"https:\/\/i0.wp.com\/historiografija.hr\/wp-content\/uploads\/2024\/10\/institucionalno-sjecanje.jpg?fit=937%2C703&ssl=1","jetpack_sharing_enabled":true,"jetpack-related-posts":[],"_links":{"self":[{"href":"https:\/\/historiografija.hr\/index.php?rest_route=\/wp\/v2\/posts\/42882","targetHints":{"allow":["GET"]}}],"collection":[{"href":"https:\/\/historiografija.hr\/index.php?rest_route=\/wp\/v2\/posts"}],"about":[{"href":"https:\/\/historiografija.hr\/index.php?rest_route=\/wp\/v2\/types\/post"}],"author":[{"embeddable":true,"href":"https:\/\/historiografija.hr\/index.php?rest_route=\/wp\/v2\/users\/2"}],"replies":[{"embeddable":true,"href":"https:\/\/historiografija.hr\/index.php?rest_route=%2Fwp%2Fv2%2Fcomments&post=42882"}],"version-history":[{"count":1,"href":"https:\/\/historiografija.hr\/index.php?rest_route=\/wp\/v2\/posts\/42882\/revisions"}],"predecessor-version":[{"id":42884,"href":"https:\/\/historiografija.hr\/index.php?rest_route=\/wp\/v2\/posts\/42882\/revisions\/42884"}],"wp:featuredmedia":[{"embeddable":true,"href":"https:\/\/historiografija.hr\/index.php?rest_route=\/wp\/v2\/media\/42883"}],"wp:attachment":[{"href":"https:\/\/historiografija.hr\/index.php?rest_route=%2Fwp%2Fv2%2Fmedia&parent=42882"}],"wp:term":[{"taxonomy":"category","embeddable":true,"href":"https:\/\/historiografija.hr\/index.php?rest_route=%2Fwp%2Fv2%2Fcategories&post=42882"},{"taxonomy":"post_tag","embeddable":true,"href":"https:\/\/historiografija.hr\/index.php?rest_route=%2Fwp%2Fv2%2Ftags&post=42882"}],"curies":[{"name":"wp","href":"https:\/\/api.w.org\/{rel}","templated":true}]}}