{"id":42876,"date":"2024-10-22T21:17:18","date_gmt":"2024-10-22T21:17:18","guid":{"rendered":"http:\/\/historiografija.hr\/?p=42876"},"modified":"2024-10-22T21:17:18","modified_gmt":"2024-10-22T21:17:18","slug":"xvi-medunarodni-sajam-biblioteke-xx-vek","status":"publish","type":"post","link":"https:\/\/historiografija.hr\/?p=42876","title":{"rendered":"XVI me\u0111unarodni sajam Biblioteke XX vek"},"content":{"rendered":"\n<p>Centar za kulturnu dekontaminaciju i Biblioteka XX vek pozivaju vas na<\/p>\n\n\n\n<p><strong>XVI ME\u0110UNARODNI SAJAM BIBLIOTEKE XX VEK<\/strong><\/p>\n\n\n\n<p>\u010cetvrtak 24. oktobar 2024, od 19 do 21,00 h u <a href=\"https:\/\/www.czkd.org\/\" target=\"_blank\" rel=\"noreferrer noopener\">CZKD<\/a><\/p>\n\n\n\n<p>(Bir\u010daninova 21, Beograd)<\/p>\n\n\n\n<p>Sajam \u0107e u 19,00 h sve\u010dano otvoriti Aleksej Ki\u0161juhas,<\/p>\n\n\n\n<p>profesor sociologije na Filozofskom fakultetu u Novom Sadu.<\/p>\n\n\n\n<p>Brojeve tradicionalne sajamske tombole izvla\u010de Sofija Todorovi\u0107, direktorka Inicijative mladih za ljudska prava i Marko Milosavljevi\u0107, programski koordinator Inicijative mladih za ljudska prava<\/p>\n\n\n\n<p>Pored velikog broja ranije objavljenih knjiga, na sajmu \u0107e prvi put biti izlo\u017eeno i \u0161est novih knjiga:<\/p>\n\n\n\n<p>Albert B. Lord: HOMER I HUSO<\/p>\n\n\n\n<p>Branko Sekuli\u0107: PRODOR U SRCE SAKRALIZIRANOG ZLO\u010cINA<\/p>\n\n\n\n<p>Dragan Markovina: PROGRAMIRANI ZABORAV<\/p>\n\n\n\n<p>Dragan Popovi\u0107: RAT SE\u0106ANJA U SRBIJI 1989 \u2013 1990<\/p>\n\n\n\n<p>Mitja Velikonja: UKRAJINSKE VINJETE<\/p>\n\n\n\n<p>Vojko Gorjanc (ur.): KRITI\u010cKA LEKSIKOGRAFIJA<\/p>\n\n\n\n<p>O\u010dekujemo prisustvo ve\u0107eg broja na\u0161ih autora i drugih saradnika.<\/p>\n\n\n\n<p>I bi\u0107e, na kraju, koktel.<\/p>\n\n\n\n<hr class=\"wp-block-separator\"\/>\n\n\n\n<p>Izvor:<\/p>\n\n\n\n<figure class=\"wp-block-embed-wordpress wp-block-embed is-type-wp-embed is-provider-biblioteka-xx-vek\"><div class=\"wp-block-embed__wrapper\">\n<blockquote class=\"wp-embedded-content\" data-secret=\"TTjTKuzAhx\"><a href=\"https:\/\/www.bibliotekaxxvek.com\/xvi-medunarodni-sajam-biblioteke-xx-vek\/\">XVI ME\u0110UNARODNI SAJAM BIBLIOTEKE XX VEK<\/a><\/blockquote><iframe loading=\"lazy\" class=\"wp-embedded-content\" sandbox=\"allow-scripts\" security=\"restricted\" style=\"position: absolute; clip: rect(1px, 1px, 1px, 1px);\" title=\"&#8220;XVI ME\u0110UNARODNI SAJAM BIBLIOTEKE XX VEK&#8221; &#8212; Biblioteka XX vek\" src=\"https:\/\/www.bibliotekaxxvek.com\/xvi-medunarodni-sajam-biblioteke-xx-vek\/embed\/#?secret=TTjTKuzAhx\" data-secret=\"TTjTKuzAhx\" width=\"600\" height=\"338\" frameborder=\"0\" marginwidth=\"0\" marginheight=\"0\" scrolling=\"no\"><\/iframe>\n<\/div><\/figure>\n\n\n\n<hr class=\"wp-block-separator\"\/>\n","protected":false},"excerpt":{"rendered":"","protected":false},"author":2,"featured_media":42877,"comment_status":"open","ping_status":"open","sticky":false,"template":"","format":"standard","meta":{"_acf_changed":false,"jetpack_post_was_ever_published":false,"_jetpack_newsletter_access":"","_jetpack_dont_email_post_to_subs":false,"_jetpack_newsletter_tier_id":0,"_jetpack_memberships_contains_paywalled_content":false,"_jetpack_memberships_contains_paid_content":false,"footnotes":"","jetpack_publicize_message":"","jetpack_publicize_feature_enabled":true,"jetpack_social_post_already_shared":true,"jetpack_social_options":{"image_generator_settings":{"template":"highway","default_image_id":0,"font":"","enabled":false},"version":2}},"categories":[3],"tags":[],"class_list":["post-42876","post","type-post","status-publish","format-standard","has-post-thumbnail","hentry","category-novosti"],"acf":{"facebook_opis":""},"jetpack_publicize_connections":[],"jetpack_featured_media_url":"https:\/\/i0.wp.com\/historiografija.hr\/wp-content\/uploads\/2024\/10\/Sajam_XX_vek.jpg?fit=1024%2C682&ssl=1","jetpack_sharing_enabled":true,"jetpack-related-posts":[],"_links":{"self":[{"href":"https:\/\/historiografija.hr\/index.php?rest_route=\/wp\/v2\/posts\/42876","targetHints":{"allow":["GET"]}}],"collection":[{"href":"https:\/\/historiografija.hr\/index.php?rest_route=\/wp\/v2\/posts"}],"about":[{"href":"https:\/\/historiografija.hr\/index.php?rest_route=\/wp\/v2\/types\/post"}],"author":[{"embeddable":true,"href":"https:\/\/historiografija.hr\/index.php?rest_route=\/wp\/v2\/users\/2"}],"replies":[{"embeddable":true,"href":"https:\/\/historiografija.hr\/index.php?rest_route=%2Fwp%2Fv2%2Fcomments&post=42876"}],"version-history":[{"count":1,"href":"https:\/\/historiografija.hr\/index.php?rest_route=\/wp\/v2\/posts\/42876\/revisions"}],"predecessor-version":[{"id":42878,"href":"https:\/\/historiografija.hr\/index.php?rest_route=\/wp\/v2\/posts\/42876\/revisions\/42878"}],"wp:featuredmedia":[{"embeddable":true,"href":"https:\/\/historiografija.hr\/index.php?rest_route=\/wp\/v2\/media\/42877"}],"wp:attachment":[{"href":"https:\/\/historiografija.hr\/index.php?rest_route=%2Fwp%2Fv2%2Fmedia&parent=42876"}],"wp:term":[{"taxonomy":"category","embeddable":true,"href":"https:\/\/historiografija.hr\/index.php?rest_route=%2Fwp%2Fv2%2Fcategories&post=42876"},{"taxonomy":"post_tag","embeddable":true,"href":"https:\/\/historiografija.hr\/index.php?rest_route=%2Fwp%2Fv2%2Ftags&post=42876"}],"curies":[{"name":"wp","href":"https:\/\/api.w.org\/{rel}","templated":true}]}}