{"id":42873,"date":"2024-10-22T21:11:36","date_gmt":"2024-10-22T21:11:36","guid":{"rendered":"http:\/\/historiografija.hr\/?p=42873"},"modified":"2024-10-22T21:11:36","modified_gmt":"2024-10-22T21:11:36","slug":"67-medunarodni-beogradski-sajam-knjiga","status":"publish","type":"post","link":"https:\/\/historiografija.hr\/?p=42873","title":{"rendered":"67. me\u0111unarodni beogradski sajam knjiga"},"content":{"rendered":"\n<p>67. me\u0111unarodni beogradski sajam knjiga odr\u017eava se od 19. do 27. listopada 2024. pod sloganom \u201eRe\u010d je slobodna\u201c. Ovogodi\u0161nja zemlja po\u010dasni gost je Republika Kuba.<\/p>\n\n\n\n<hr class=\"wp-block-separator\"\/>\n\n\n\n<p>Op\u0161irnije:<\/p>\n\n\n\n<figure class=\"wp-block-embed-wordpress wp-block-embed is-type-wp-embed is-provider-medunarodni-beogradski-sajam-knjiga-praznik-knjige\"><div class=\"wp-block-embed__wrapper\">\n<blockquote class=\"wp-embedded-content\" data-secret=\"esqjiOjYej\"><a href=\"https:\/\/sajamknjiga.rs\/sr\/novosti-2024-sr\/poceo-67-medjunarodni-beogradski-sajam-knjiga-rec-je-slobodna\/\">Po\u010deo 67. Me\u0111unarodni beogradski sajam knjiga: Re\u010d je slobod(n)a<\/a><\/blockquote><iframe loading=\"lazy\" class=\"wp-embedded-content\" sandbox=\"allow-scripts\" security=\"restricted\" style=\"position: absolute; clip: rect(1px, 1px, 1px, 1px);\" title=\"&#8220;Po\u010deo 67. Me\u0111unarodni beogradski sajam knjiga: Re\u010d je slobod(n)a&#8221; &#8212; Me\u0111unarodni beogradski sajam knjiga - Praznik knjige!\" src=\"https:\/\/sajamknjiga.rs\/sr\/novosti-2024-sr\/poceo-67-medjunarodni-beogradski-sajam-knjiga-rec-je-slobodna\/embed\/#?secret=LhvWkcwbFa#?secret=esqjiOjYej\" data-secret=\"esqjiOjYej\" width=\"600\" height=\"338\" frameborder=\"0\" marginwidth=\"0\" marginheight=\"0\" scrolling=\"no\"><\/iframe>\n<\/div><\/figure>\n\n\n\n<figure class=\"wp-block-embed-wordpress wp-block-embed is-type-wp-embed is-provider-medunarodni-beogradski-sajam-knjiga-praznik-knjige\"><div class=\"wp-block-embed__wrapper\">\n<blockquote class=\"wp-embedded-content\" data-secret=\"GNy3ZJGKlu\"><a href=\"https:\/\/sajamknjiga.rs\/sr\/pocetna\/\">Po\u010detna<\/a><\/blockquote><iframe loading=\"lazy\" class=\"wp-embedded-content\" sandbox=\"allow-scripts\" security=\"restricted\" style=\"position: absolute; clip: rect(1px, 1px, 1px, 1px);\" title=\"&#8220;Po\u010detna&#8221; &#8212; Me\u0111unarodni beogradski sajam knjiga - Praznik knjige!\" src=\"https:\/\/sajamknjiga.rs\/sr\/pocetna\/embed\/#?secret=9vtVBv5k21#?secret=GNy3ZJGKlu\" data-secret=\"GNy3ZJGKlu\" width=\"600\" height=\"338\" frameborder=\"0\" marginwidth=\"0\" marginheight=\"0\" scrolling=\"no\"><\/iframe>\n<\/div><\/figure>\n\n\n\n<hr class=\"wp-block-separator\"\/>\n","protected":false},"excerpt":{"rendered":"","protected":false},"author":2,"featured_media":42874,"comment_status":"open","ping_status":"open","sticky":false,"template":"","format":"standard","meta":{"_acf_changed":false,"jetpack_post_was_ever_published":false,"_jetpack_newsletter_access":"","_jetpack_dont_email_post_to_subs":false,"_jetpack_newsletter_tier_id":0,"_jetpack_memberships_contains_paywalled_content":false,"_jetpack_memberships_contains_paid_content":false,"footnotes":"","jetpack_publicize_message":"","jetpack_publicize_feature_enabled":true,"jetpack_social_post_already_shared":true,"jetpack_social_options":{"image_generator_settings":{"template":"highway","default_image_id":0,"font":"","enabled":false},"version":2}},"categories":[3],"tags":[],"class_list":["post-42873","post","type-post","status-publish","format-standard","has-post-thumbnail","hentry","category-novosti"],"acf":{"facebook_opis":""},"jetpack_publicize_connections":[],"jetpack_featured_media_url":"https:\/\/i0.wp.com\/historiografija.hr\/wp-content\/uploads\/2024\/10\/Sajam.png?fit=1898%2C637&ssl=1","jetpack_sharing_enabled":true,"jetpack-related-posts":[],"_links":{"self":[{"href":"https:\/\/historiografija.hr\/index.php?rest_route=\/wp\/v2\/posts\/42873","targetHints":{"allow":["GET"]}}],"collection":[{"href":"https:\/\/historiografija.hr\/index.php?rest_route=\/wp\/v2\/posts"}],"about":[{"href":"https:\/\/historiografija.hr\/index.php?rest_route=\/wp\/v2\/types\/post"}],"author":[{"embeddable":true,"href":"https:\/\/historiografija.hr\/index.php?rest_route=\/wp\/v2\/users\/2"}],"replies":[{"embeddable":true,"href":"https:\/\/historiografija.hr\/index.php?rest_route=%2Fwp%2Fv2%2Fcomments&post=42873"}],"version-history":[{"count":1,"href":"https:\/\/historiografija.hr\/index.php?rest_route=\/wp\/v2\/posts\/42873\/revisions"}],"predecessor-version":[{"id":42875,"href":"https:\/\/historiografija.hr\/index.php?rest_route=\/wp\/v2\/posts\/42873\/revisions\/42875"}],"wp:featuredmedia":[{"embeddable":true,"href":"https:\/\/historiografija.hr\/index.php?rest_route=\/wp\/v2\/media\/42874"}],"wp:attachment":[{"href":"https:\/\/historiografija.hr\/index.php?rest_route=%2Fwp%2Fv2%2Fmedia&parent=42873"}],"wp:term":[{"taxonomy":"category","embeddable":true,"href":"https:\/\/historiografija.hr\/index.php?rest_route=%2Fwp%2Fv2%2Fcategories&post=42873"},{"taxonomy":"post_tag","embeddable":true,"href":"https:\/\/historiografija.hr\/index.php?rest_route=%2Fwp%2Fv2%2Ftags&post=42873"}],"curies":[{"name":"wp","href":"https:\/\/api.w.org\/{rel}","templated":true}]}}