{"id":42864,"date":"2024-10-22T20:38:50","date_gmt":"2024-10-22T20:38:50","guid":{"rendered":"http:\/\/historiografija.hr\/?p=42864"},"modified":"2024-10-22T20:38:50","modified_gmt":"2024-10-22T20:38:50","slug":"predstavljanje-knjige-martine-pavkovic-arhitekt-vjekoslav-bastl","status":"publish","type":"post","link":"https:\/\/historiografija.hr\/?p=42864","title":{"rendered":"Predstavljanje knjige Martine Pavkovi\u0107 \u201eArhitekt Vjekoslav Bastl\u201c"},"content":{"rendered":"\n<p>Institut za povijest umjetnosti i Etnografski muzej u Zagrebu pozivaju Vas na predstavljanje monografije \u201eArhitekt Vjekoslav Bastl\u201c autorice Martine Pavkovi\u0107, koje \u0107e se odr\u017eati u ponedjeljak, 28. listopada 2024., s po\u010detkom u 18:00 sati u zgradi Etnografskoga muzeja (Trg Ma\u017eurani\u0107a 14, Zagreb).<\/p>\n\n\n\n<p>Knjigu \u0107e predstaviti autorica dr. sc. Martina Pavkovi\u0107, recenzentica dr. sc. Irena Kra\u0161evac, prof. dr. sc. Zlatko Juri\u0107 i urednik Boris Dundovi\u0107.<\/p>\n\n\n\n<hr class=\"wp-block-separator\"\/>\n\n\n\n<p>Arhitekt Vjekoslav Bastl (1872.\u20131947.) \u017eivotom se i djelom utkao u hrvatski arhitektonski, kulturni i dru\u0161tveni krajolik prve polovine 20. stolje\u0107a. Svojim je brojnim projektantskim ostvarenjima bio vezan dominantno za Zagreb te njima oplemenio gradsko tkivo. U profesionalnim je po\u010decima bio sna\u017eno obilje\u017een suradnjom s renomiranim zagreba\u010dkim arhitektonskim poduze\u0107em H\u00f6nigsberg i Deutsch te usmjeren mentorstvom Otta Wagnera na Akademiji likovnih umjetnosti u Be\u010du, a od 1906. projektirao je samostalno. Bogatim arhitektonskim opusom i djelovanjem odigrao je klju\u010dnu ulogu ne samo u prijenosu moderne arhitekture na na\u0161e prostore nego i u obrazovanju novih generacija hrvatskih arhitekata i graditelja. Kao suosniva\u010d Kluba hrvatskih arhitekta 1905. te kao nastavnik velik je doprinos dao formiranju struke i promicanju hrvatske arhitekture. Bastlovo ime stoga je neizostavno u prou\u010davanju povijesti hrvatske arhitekture od kasnog historicizma do modernizma, ostaviv\u0161i u svakoj od stvarateljskih faza trajan pe\u010dat na arhitektonskim ostvarenjima i ambijentima koje ba\u0161tinimo.<\/p>\n\n\n\n<hr class=\"wp-block-separator\"\/>\n\n\n\n<p>Op\u0161irnije:<\/p>\n\n\n\n<p><a href=\"https:\/\/www.ipu.hr\/article\/hr\/1798\/arhitekt-vjekoslav-bastl\">https:\/\/www.ipu.hr\/article\/hr\/1798\/arhitekt-vjekoslav-bastl<\/a><\/p>\n\n\n\n<p><a href=\"https:\/\/www.ipu.hr\/article\/hr\/1727\/arhitekt-vjekoslav-bastl\">https:\/\/www.ipu.hr\/article\/hr\/1727\/arhitekt-vjekoslav-bastl<\/a><\/p>\n\n\n\n<hr class=\"wp-block-separator\"\/>\n","protected":false},"excerpt":{"rendered":"","protected":false},"author":2,"featured_media":42865,"comment_status":"open","ping_status":"open","sticky":false,"template":"","format":"standard","meta":{"_acf_changed":false,"jetpack_post_was_ever_published":false,"_jetpack_newsletter_access":"","_jetpack_dont_email_post_to_subs":false,"_jetpack_newsletter_tier_id":0,"_jetpack_memberships_contains_paywalled_content":false,"_jetpack_memberships_contains_paid_content":false,"footnotes":"","jetpack_publicize_message":"","jetpack_publicize_feature_enabled":true,"jetpack_social_post_already_shared":true,"jetpack_social_options":{"image_generator_settings":{"template":"highway","default_image_id":0,"font":"","enabled":false},"version":2}},"categories":[3],"tags":[],"class_list":["post-42864","post","type-post","status-publish","format-standard","has-post-thumbnail","hentry","category-novosti"],"acf":{"facebook_opis":""},"jetpack_publicize_connections":[],"jetpack_featured_media_url":"https:\/\/i0.wp.com\/historiografija.hr\/wp-content\/uploads\/2024\/10\/Monografija-Vjekoslav-Bastl.jpg?fit=2178%2C1361&ssl=1","jetpack_sharing_enabled":true,"jetpack-related-posts":[],"_links":{"self":[{"href":"https:\/\/historiografija.hr\/index.php?rest_route=\/wp\/v2\/posts\/42864","targetHints":{"allow":["GET"]}}],"collection":[{"href":"https:\/\/historiografija.hr\/index.php?rest_route=\/wp\/v2\/posts"}],"about":[{"href":"https:\/\/historiografija.hr\/index.php?rest_route=\/wp\/v2\/types\/post"}],"author":[{"embeddable":true,"href":"https:\/\/historiografija.hr\/index.php?rest_route=\/wp\/v2\/users\/2"}],"replies":[{"embeddable":true,"href":"https:\/\/historiografija.hr\/index.php?rest_route=%2Fwp%2Fv2%2Fcomments&post=42864"}],"version-history":[{"count":1,"href":"https:\/\/historiografija.hr\/index.php?rest_route=\/wp\/v2\/posts\/42864\/revisions"}],"predecessor-version":[{"id":42866,"href":"https:\/\/historiografija.hr\/index.php?rest_route=\/wp\/v2\/posts\/42864\/revisions\/42866"}],"wp:featuredmedia":[{"embeddable":true,"href":"https:\/\/historiografija.hr\/index.php?rest_route=\/wp\/v2\/media\/42865"}],"wp:attachment":[{"href":"https:\/\/historiografija.hr\/index.php?rest_route=%2Fwp%2Fv2%2Fmedia&parent=42864"}],"wp:term":[{"taxonomy":"category","embeddable":true,"href":"https:\/\/historiografija.hr\/index.php?rest_route=%2Fwp%2Fv2%2Fcategories&post=42864"},{"taxonomy":"post_tag","embeddable":true,"href":"https:\/\/historiografija.hr\/index.php?rest_route=%2Fwp%2Fv2%2Ftags&post=42864"}],"curies":[{"name":"wp","href":"https:\/\/api.w.org\/{rel}","templated":true}]}}