{"id":42861,"date":"2024-10-22T20:31:59","date_gmt":"2024-10-22T20:31:59","guid":{"rendered":"http:\/\/historiografija.hr\/?p=42861"},"modified":"2024-10-22T20:31:59","modified_gmt":"2024-10-22T20:31:59","slug":"izlozba-ideal-i-stvarnost-prvo-zlatno-doba-madarskog-slikarstva-i-zaceci-hrvatske-moderne-umjetnosti","status":"publish","type":"post","link":"https:\/\/historiografija.hr\/?p=42861","title":{"rendered":"Izlo\u017eba \u201eIdeal i stvarnost: Prvo zlatno doba ma\u0111arskog slikarstva i za\u010deci hrvatske moderne umjetnosti\u201c"},"content":{"rendered":"\n<p>Galerija Klovi\u0107evi dvori u suradnji s Muzejom lijepih umjetnosti \/ Ma\u0111arskom nacionalnom galerijom iz Budimpe\u0161te predstavlja zajedni\u010dki izlo\u017ebeni projekt pod naslovom \u201eIdeal i stvarnost: Prvo zlatno doba ma\u0111arskog slikarstva i za\u010deci hrvatske moderne umjetnosti\u201c.<\/p>\n\n\n\n<p>Izlo\u017eba se odr\u017eava u prigodi predsjedanja Ma\u0111arske Vije\u0107em Europske unije, a traje od 23. listopada 2024. do 19. sije\u010dnja 2025. godine.<\/p>\n\n\n\n<p>Reprezentativnim izborom od 80-ak remek-djela ma\u0111arskog slikarstva 19. stolje\u0107a iz stalnog postava najzna\u010dajnijih muzejskih institucija Ma\u0111arske (Muzeja lijepih umjetnosti i Ma\u0111arske nacionalne galerije) izlo\u017eba predstavlja zlatno doba ma\u0111arskog slikarstva u \u0161irokom stilskom i tematskom presjeku razdoblja kroz djela slavnih umjetnika: Mih\u00e1lyja Munk\u00e1csyja, P\u00e1la Szinyeija Mersea, L\u00e1szla Medny\u00e1nszkyja, Viktora Madar\u00e1sza, Gyule Bencz\u00fara, Bertalana Sz\u00e9kelyja, K\u00e1rolya Lotza, L\u00e1szla Pa\u00e1la, Lajosa De\u00e1ka-\u00c9bnera i Tivadara Zempl\u00e9nyija.<\/p>\n\n\n\n<p>Ma\u0111arskim umjetnicima pridru\u017eeni su i hrvatski umjetnici druge polovice 19. stolje\u0107a (Antun Aron, Joso Bu\u017ean, Ivan Ti\u0161ov, Nikola Ma\u0161i\u0107, Bela Csikos Sesia, Vlaho Bukovac, Mato Celestin Medovi\u0107, Emanuel Vidovi\u0107, Menci Clement Crn\u010di\u0107, Dragan Melkus, Oton Ivekovi\u0107) koji su postavili temelje razvoja slikarskoga modernizma u Hrvatskoj.<\/p>\n\n\n\n<p>Odabrani umjetnici u ma\u0111arskoj i hrvatskoj selekciji te njihova djela svjedo\u010de o neponovljivom razdoblju kulturnog prosperiteta kada su Be\u010d, Budimpe\u0161ta pa i Zagreb postajali prave kulturne prijestolnice te kako su lokalni ukusi i teme o\u017eivjeli pod europskim utjecajima, stvaraju\u0107i raznolikost tako karakteristi\u010dnu za umjetnost Srednje Europe.<\/p>\n\n\n\n<p>Posjetitelji \u0107e imati priliku upoznati se s monumentalnim remek-djelima iz najzna\u010dajnijih muzejsko-galerijskih institucija koja su u prigodi ove kulturne razmjene ekskluzivno napustila svoje ma\u0111arske prostore, a posebna nam je \u010dast \u0161to se izlo\u017ebom uklju\u010dujemo u obilje\u017eavanje 180. obljetnice ro\u0111enja velikog ma\u0111arskog umjetnika svjetskoga glasa Mih\u00e1lyja Munk\u00e1csyja.<\/p>\n\n\n\n<p>Autorice izlo\u017ebe su R\u00e9ka Krasznai iz Muzeja lijepih umjetnosti u Budimpe\u0161ti i dr. sc. Petra Vugrinec iz Galerije Klovi\u0107evi dvori, a kustosica izlo\u017ebe Iva Sudec Andreis.<\/p>\n\n\n\n<p><strong>O IZLO\u017dBI<\/strong><\/p>\n\n\n\n<p>Izlo\u017eba predstavlja sedam tematskih cjelina \u2013 povijest i romanticizam, mitologiju i arkadiju, Munk\u00e1csyja i tradiciju realizma, prizore ruralnog \u017eivota, Szinyeija Mersea i uvod u modernu, veli\u010danstvene krajolike i cjelinu manifest ljepote u okviru kojih \u0107e se otkriti sli\u010dnosti i posebnosti ma\u0111arskog i hrvatskog slikarstva te razvoja u vrijeme Dualizma, kada je umjetnost postajala sredi\u0161njim podru\u010djem nacionalnog integriteta i srednjoeuropskog identiteta.<\/p>\n\n\n\n<p><strong>KONTEKST RAZDOBLJA<\/strong><\/p>\n\n\n\n<p><strong>MA\u0110ARSKA<\/strong><\/p>\n\n\n\n<p>Po\u010detkom stolje\u0107a, Kraljevina Ugarska bila je dio Habsbur\u0161ke Monarhije. Reformisti\u010dki pokret u Ma\u0111arskoj, koji je zapo\u010deo u 1820-im godinama, potaknuo je razvoj nacionalne svijesti. Tijekom razdoblja reformi postavljeni su zahtjevi za niz va\u017enih promjena, koje su zakonodavno potvr\u0111ene 1848. godine (Travanjski zakoni). Ostale zna\u010dajne prekretnice uklju\u010duju 1823. godinu, kada je napisana ma\u0111arska nacionalna himna, i 1844. godinu, kada je ma\u0111arski usvojen kao slu\u017ebeni jezik.<\/p>\n\n\n\n<p>Tijekom revolucije 1848. \u2013 1849., ma\u0111arska borba za neovisnost od Austrije ugu\u0161ena je od strane Habsburgovaca, uz podr\u0161ku Rusije. Nakon toga je uslijedilo razdoblje apsolutisti\u010dke vladavine, sve dok Nagodba iz 1867. nije Ma\u0111arskoj osigurala unutarnju autonomiju i ravnopravan status s Austrijom. Godinu dana kasnije, 1868., sklopljena je Hrvatsko-ugarska nagodba, kojom je ma\u0111arska politi\u010dka elita priznala Hrvatsku kao politi\u010dku naciju. Hrvatska i Slavonija dobile su punu autonomiju na podru\u010dju unutarnjih poslova, hrvatski je postao slu\u017ebeni jezik u unutarnjoj javnoj upravi, a u Zagrebu je osnovana neovisna hrvatska vlada na \u010delu s banom. Ure\u0111enjem odnosa me\u0111u zemljama unutar carskog podru\u010dja, razdoblje Austro-Ugarske Monarhije (1867. \u2013 1918.) postalo je poznato kao \u201esretno doba mira\u201c, tijekom kojeg je Ma\u0111arska ostvarila zna\u010dajan napredak na raznim poljima.<\/p>\n\n\n\n<p><strong>HRVATSKA<\/strong><\/p>\n\n\n\n<p>U posebnom odnosu prema Be\u010du i Budimpe\u0161ti, Zagreb se u drugoj polovini 19. stolje\u0107a, a to je vrijeme vi\u0161e-manje odre\u0111eno dvjema nagodbama, Austro- ugarskom (1867.) i Hrvatsko-ugarskom (1868.), unato\u010d politi\u010dkim prijeporima i nezadovoljstvima na \u0161irem politi\u010dkom planu, razvija u administrativno sredi\u0161te privla\u010de\u0107i mnoge stanovnike koji se iz redova obrtni\u0161tva i trgovine pretvaraju u gospodarsku elitu \u0161to \u0107e zapo\u010deti proces industrijalizacije, koja \u0107e za posljedicu imati promjene na urbanisti\u010dko-arhitektonskom, socijalno-ekonomskom, pa i kulturno-umjetni\u010dkom planu.<\/p>\n\n\n\n<p>Za prepoznavanje Zagreba kao grada koji bezrezervno pripada fenomenu habsbur\u0161ke, tj. monarhijske, uljudbe i specifi\u010dnog duha vremena,&nbsp;<em>Zeitgeista<\/em>, a njegovih protagonista kao pripadnika istog nara\u0161taja i srodnog&nbsp;<em>Weltanschaunga<\/em>, iznimno su zna\u010dajne izlo\u017ebe koje uspore\u0111uju umjetni\u010dke pojave u istom razdoblju na razli\u010ditim mjestima, poput Zagreba i Be\u010da, Zagreba i Budimpe\u0161te, Zagreba i Praga i sli\u010dne, pru\u017eaju\u0107i to\u010dan uvid u komparativne istobitnosti dviju umjetni\u010dkih cjelina ili\/i autohtone neponovljivosti svake ponaosob.<\/p>\n\n\n\n<p>Stoga, nakon izlo\u017ebe\u00a0<em>Ars et virtus. Hrvatska \u2013 Ma\u0111arska. 800 godina zajedni\u010dke kulturne ba\u0161tine<\/em>\u00a0koja je pru\u017eila presjek kontinuiranih spona dviju zemalja tijekom kulturno-umjetni\u010dke pro\u0161losti, usporedbom tematsko-stilskih odrednica slikarstva Ma\u0111arske i Hrvatske uvi\u0111amo sli\u010dnosti i razlike percepcije istoga trenutka na razli\u010ditim prostorima, dobivaju\u0107i slikovit (u doslovnom smislu rije\u010di) uvid u stilsko-tematske istozna\u010dnosti dvaju umjetn(i\u010dk)ih svjetova.<\/p>\n\n\n\n<hr class=\"wp-block-separator\"\/>\n\n\n\n<p>Op\u0161irnije:<\/p>\n\n\n\n<figure class=\"wp-block-embed-wordpress wp-block-embed is-type-wp-embed is-provider-galerija-klovicevi-dvori\"><div class=\"wp-block-embed__wrapper\">\n<blockquote class=\"wp-embedded-content\" data-secret=\"fVi327cdYh\"><a href=\"https:\/\/gkd.hr\/2024\/10\/11\/izlozba-ideal-i-stvarnost-prvo-zlatno-doba-madarskog-slikarstva-i-zacetci-hrvatske-moderne-umjetnosti-23-listopad-2024-19-sijecanj-2025\/\">Izlo\u017eba IDEAL I STVARNOST: PRVO ZLATNO DOBA MA\u0110ARSKOG SLIKARSTVA I ZA\u010cECI HRVATSKE MODERNE UMJETNOSTI [23. listopad 2024. &#8211; 19. sije\u010danj 2025.]<\/a><\/blockquote><iframe loading=\"lazy\" class=\"wp-embedded-content\" sandbox=\"allow-scripts\" security=\"restricted\" style=\"position: absolute; clip: rect(1px, 1px, 1px, 1px);\" title=\"&#8220;Izlo\u017eba IDEAL I STVARNOST: PRVO ZLATNO DOBA MA\u0110ARSKOG SLIKARSTVA I ZA\u010cECI HRVATSKE MODERNE UMJETNOSTI [23. listopad 2024. &#8211; 19. sije\u010danj 2025.]&#8221; &#8212; Galerija Klovi\u0107evi dvori\" src=\"https:\/\/gkd.hr\/2024\/10\/11\/izlozba-ideal-i-stvarnost-prvo-zlatno-doba-madarskog-slikarstva-i-zacetci-hrvatske-moderne-umjetnosti-23-listopad-2024-19-sijecanj-2025\/embed\/#?secret=Yyd4quZuPQ#?secret=fVi327cdYh\" data-secret=\"fVi327cdYh\" width=\"600\" height=\"338\" frameborder=\"0\" marginwidth=\"0\" marginheight=\"0\" scrolling=\"no\"><\/iframe>\n<\/div><\/figure>\n\n\n\n<hr class=\"wp-block-separator\"\/>\n","protected":false},"excerpt":{"rendered":"","protected":false},"author":2,"featured_media":42862,"comment_status":"open","ping_status":"open","sticky":false,"template":"","format":"standard","meta":{"_acf_changed":false,"jetpack_post_was_ever_published":false,"_jetpack_newsletter_access":"","_jetpack_dont_email_post_to_subs":false,"_jetpack_newsletter_tier_id":0,"_jetpack_memberships_contains_paywalled_content":false,"_jetpack_memberships_contains_paid_content":false,"footnotes":"","jetpack_publicize_message":"","jetpack_publicize_feature_enabled":true,"jetpack_social_post_already_shared":true,"jetpack_social_options":{"image_generator_settings":{"template":"highway","default_image_id":0,"font":"","enabled":false},"version":2}},"categories":[10,3],"tags":[],"class_list":["post-42861","post","type-post","status-publish","format-standard","has-post-thumbnail","hentry","category-izlozbe","category-novosti"],"acf":{"facebook_opis":""},"jetpack_publicize_connections":[],"jetpack_featured_media_url":"https:\/\/i0.wp.com\/historiografija.hr\/wp-content\/uploads\/2024\/10\/Plakat_izlo%C5%BEba.png?fit=1000%2C1441&ssl=1","jetpack_sharing_enabled":true,"jetpack-related-posts":[],"_links":{"self":[{"href":"https:\/\/historiografija.hr\/index.php?rest_route=\/wp\/v2\/posts\/42861","targetHints":{"allow":["GET"]}}],"collection":[{"href":"https:\/\/historiografija.hr\/index.php?rest_route=\/wp\/v2\/posts"}],"about":[{"href":"https:\/\/historiografija.hr\/index.php?rest_route=\/wp\/v2\/types\/post"}],"author":[{"embeddable":true,"href":"https:\/\/historiografija.hr\/index.php?rest_route=\/wp\/v2\/users\/2"}],"replies":[{"embeddable":true,"href":"https:\/\/historiografija.hr\/index.php?rest_route=%2Fwp%2Fv2%2Fcomments&post=42861"}],"version-history":[{"count":1,"href":"https:\/\/historiografija.hr\/index.php?rest_route=\/wp\/v2\/posts\/42861\/revisions"}],"predecessor-version":[{"id":42863,"href":"https:\/\/historiografija.hr\/index.php?rest_route=\/wp\/v2\/posts\/42861\/revisions\/42863"}],"wp:featuredmedia":[{"embeddable":true,"href":"https:\/\/historiografija.hr\/index.php?rest_route=\/wp\/v2\/media\/42862"}],"wp:attachment":[{"href":"https:\/\/historiografija.hr\/index.php?rest_route=%2Fwp%2Fv2%2Fmedia&parent=42861"}],"wp:term":[{"taxonomy":"category","embeddable":true,"href":"https:\/\/historiografija.hr\/index.php?rest_route=%2Fwp%2Fv2%2Fcategories&post=42861"},{"taxonomy":"post_tag","embeddable":true,"href":"https:\/\/historiografija.hr\/index.php?rest_route=%2Fwp%2Fv2%2Ftags&post=42861"}],"curies":[{"name":"wp","href":"https:\/\/api.w.org\/{rel}","templated":true}]}}