{"id":42858,"date":"2024-10-22T20:21:36","date_gmt":"2024-10-22T20:21:36","guid":{"rendered":"http:\/\/historiografija.hr\/?p=42858"},"modified":"2024-10-22T20:21:36","modified_gmt":"2024-10-22T20:21:36","slug":"han-kang-ljudska-djela","status":"publish","type":"post","link":"https:\/\/historiografija.hr\/?p=42858","title":{"rendered":"Han Kang, \u201eLjudska djela\u201c"},"content":{"rendered":"\n<p>Prevela s engleskog Mirna \u010cubrani\u0107<\/p>\n\n\n\n<p>Broj stranica: 240<\/p>\n\n\n\n<p>Godina izdanja: studeni 2024.<\/p>\n\n\n\n<hr class=\"wp-block-separator\"\/>\n\n\n\n<p><em>Najednom se zapita\u0161: kad tijelo umre, \u0161to se dogodi s du\u0161om? Koliko se dugo zadr\u017ei uz svoj nekada\u0161nji dom?<\/em><\/p>\n\n\n\n<p>U jeku krvlju ugu\u0161enog studentskog ustanka u Gwangjuu 1980., petnaestogodi\u0161nji dje\u010dak Dong Ho nemilosrdno je ubijen. Njegova smrt u romanu figurira kao ulazna i izlazna rana, a kroz vizure njegova prijatelja, urednice koja se bori s cenzurom, biv\u0161eg zatvorenika i tugom shrvane dje\u010dakove majke rasplest \u0107e se Dong Hoova pri\u010da, ali i sudbine mnogih drugih zahva\u0107enih ovom povijesnom epizodom krutog re\u017eima, politi\u010dke brutalnosti i nehumanosti. Pitanje koje se neizbje\u017eno name\u0107e jest: kako dijametralno suprotna ljudska djela \u2013 nasilje i dostojanstvo \u2013 mogu supostojati?<\/p>\n\n\n\n<p>Ovaj briljantni roman, premda posve tematski druk\u010diji od prethodne <em>Vegetarijanke<\/em>, nastavak je autori\u010dine poetike nasilja. Iako je pritisnuta bremenom stvarnih povijesnih doga\u0111aja, rije\u010d je o punokrvnoj pri\u010di koja se \u010dita vi\u0161e kao izvrsno ispisana kolektivna povijest nasilja negoli kao politi\u010dka kritika.<\/p>\n\n\n\n<hr class=\"wp-block-separator\"\/>\n\n\n\n<p>&nbsp;\u201e&#8230;za njezinu intenzivnu poetsku prozu koja se suo\u010dava s povijesnim traumama i razotkriva krhkost ljudskog \u017eivota.\u201c<\/p>\n\n\n\n<p>Obrazlo\u017eenje Odbora Nobelove nagrade za knji\u017eevnost 2024.<\/p>\n\n\n\n<p>\u201eZadivljuju\u0107e \u010ditak, univerzalno va\u017ean i duboko rezonantan roman\u2026 Razdire, proganja, sanja i \u017ealuje\u2026 <em>Ljudska djela<\/em> podjednako su predivno i va\u017eno djelo.\u201c<br><em>New York Times Review<\/em><\/p>\n\n\n\n<p>\u201eNovi roman Han Kang, <em>Ljudska djela<\/em>, oslikava isti onaj talent za pisanje o fizi\u010dkom nasilju, ovaj put u kontekstu ustanka u Gwangjuu 1980.\u201c&nbsp;<br><em>TIME Magazine<\/em><\/p>\n\n\n\n<p>\u201eHan Kang istra\u017euje pro\u0161irenu traumu izazvanu politi\u010dkom brutalno\u0161\u0107u, impresivno nijansiraju\u0107i i s prodornom emocionalnom istinom isprepletenom s majstorskom fikcijom\u2026 divlje ispisano, duboko uznemiruju\u0107e i predivno \u010dovje\u010dno djelo.\u201c&nbsp;<br><em>Kirkus Reviews<\/em><\/p>\n\n\n\n<p>\u201eInventivno, intenzivno i provokativno\u2026 djelo zadivljuju\u0107e hrabrosti\u2026<em> Ljudska djela <\/em>sna\u017ean su protest u svojoj su\u0161tini.\u201c&nbsp;<br><em>Newsday<\/em><\/p>\n\n\n\n<p>\u201eHanina <em>Ljudska djela<\/em> usredoto\u010dena su na korejski ustanak u Gwangjuu 1980., kada su mje\u0161tani uzeli oru\u017eje u ruke da osvete pokolj studenata koji su protestirali. Kang nastoji rasplesti \u2018dvije nerje\u0161ive zagonetke\u2019 \u2013 preklapanje dviju uro\u0111enih ljudskih sklonosti koje su vrlo razli\u010dite, a to su sposobnost za okrutnost s jedne, i nesebi\u010dnost i dostojanstvo s druge strane.\u201c<br><em>The Millions<\/em><\/p>\n\n\n\n<p>\u201eUznemiruju\u0107e djelo\u2026 Roman Han Kang poku\u0161aj je da se verbalizira ono neizrecivo. Ona humanizira stravi\u010dne zlo\u010dine i usredoto\u010duje se na svakodnevnije aspekte: njegovanje i prijevoz le\u0161eva te poku\u0161aj \u017ertava da rade obi\u010dan posao godinama kasnije. Smje\u0161taju\u0107i \u010ditatelja u sje\u0107anja na Dong Hoa, sa\u010duvana kroz njegovu obitelj i prijatelje, Han je dala glas onima koji su izgubljeni.\u201c\u00a0<br><em>Publishers Weekly<\/em><\/p>\n\n\n\n<hr class=\"wp-block-separator\"\/>\n\n\n\n<p>Izvori:<\/p>\n\n\n\n<p><a href=\"https:\/\/hena-com.hr\/knjige\/cijena\/ljudska-djela\">https:\/\/hena-com.hr\/knjige\/cijena\/ljudska-djela<\/a><\/p>\n\n\n\n<p><a href=\"https:\/\/hena-com.hr\/blog\/knjige\/han-kang-glas-koreje-koji-odjekuje-svijetom\">https:\/\/hena-com.hr\/blog\/knjige\/han-kang-glas-koreje-koji-odjekuje-svijetom<\/a><\/p>\n\n\n\n<hr class=\"wp-block-separator\"\/>\n","protected":false},"excerpt":{"rendered":"","protected":false},"author":2,"featured_media":42859,"comment_status":"open","ping_status":"open","sticky":false,"template":"","format":"standard","meta":{"_acf_changed":false,"jetpack_post_was_ever_published":false,"_jetpack_newsletter_access":"","_jetpack_dont_email_post_to_subs":false,"_jetpack_newsletter_tier_id":0,"_jetpack_memberships_contains_paywalled_content":false,"_jetpack_memberships_contains_paid_content":false,"footnotes":"","jetpack_publicize_message":"","jetpack_publicize_feature_enabled":true,"jetpack_social_post_already_shared":true,"jetpack_social_options":{"image_generator_settings":{"template":"highway","default_image_id":0,"font":"","enabled":false},"version":2}},"categories":[3,12],"tags":[],"class_list":["post-42858","post","type-post","status-publish","format-standard","has-post-thumbnail","hentry","category-novosti","category-knjizevnost"],"acf":{"facebook_opis":""},"jetpack_publicize_connections":[],"jetpack_featured_media_url":"https:\/\/i0.wp.com\/historiografija.hr\/wp-content\/uploads\/2024\/10\/ljudska_djela.jpg?fit=544%2C844&ssl=1","jetpack_sharing_enabled":true,"jetpack-related-posts":[],"_links":{"self":[{"href":"https:\/\/historiografija.hr\/index.php?rest_route=\/wp\/v2\/posts\/42858","targetHints":{"allow":["GET"]}}],"collection":[{"href":"https:\/\/historiografija.hr\/index.php?rest_route=\/wp\/v2\/posts"}],"about":[{"href":"https:\/\/historiografija.hr\/index.php?rest_route=\/wp\/v2\/types\/post"}],"author":[{"embeddable":true,"href":"https:\/\/historiografija.hr\/index.php?rest_route=\/wp\/v2\/users\/2"}],"replies":[{"embeddable":true,"href":"https:\/\/historiografija.hr\/index.php?rest_route=%2Fwp%2Fv2%2Fcomments&post=42858"}],"version-history":[{"count":1,"href":"https:\/\/historiografija.hr\/index.php?rest_route=\/wp\/v2\/posts\/42858\/revisions"}],"predecessor-version":[{"id":42860,"href":"https:\/\/historiografija.hr\/index.php?rest_route=\/wp\/v2\/posts\/42858\/revisions\/42860"}],"wp:featuredmedia":[{"embeddable":true,"href":"https:\/\/historiografija.hr\/index.php?rest_route=\/wp\/v2\/media\/42859"}],"wp:attachment":[{"href":"https:\/\/historiografija.hr\/index.php?rest_route=%2Fwp%2Fv2%2Fmedia&parent=42858"}],"wp:term":[{"taxonomy":"category","embeddable":true,"href":"https:\/\/historiografija.hr\/index.php?rest_route=%2Fwp%2Fv2%2Fcategories&post=42858"},{"taxonomy":"post_tag","embeddable":true,"href":"https:\/\/historiografija.hr\/index.php?rest_route=%2Fwp%2Fv2%2Ftags&post=42858"}],"curies":[{"name":"wp","href":"https:\/\/api.w.org\/{rel}","templated":true}]}}