{"id":42839,"date":"2024-10-21T20:15:57","date_gmt":"2024-10-21T20:15:57","guid":{"rendered":"http:\/\/historiografija.hr\/?p=42839"},"modified":"2024-10-21T20:17:08","modified_gmt":"2024-10-21T20:17:08","slug":"okrugli-stol-sto-je-normalnost-a-sto-nelagoda-u-doba-permakrize","status":"publish","type":"post","link":"https:\/\/historiografija.hr\/?p=42839","title":{"rendered":"Okrugli stol \u201e\u0160to je normalnost, a \u0161to nelagoda u doba permakrize\u201c"},"content":{"rendered":"\n<p>Na okruglom stolu \u201e\u0160to je normalnost, a \u0161to nelagoda u doba permakrize\u201c koji \u0107e se odr\u017eati u Knji\u017enici Instituta za etnologiju i folkloristiku u Zagrebu u utorak, 22. listopada 2024. od 18:00 do 20:30 sati gostuju povjesni\u010dar Vinko Korotaj Dra\u010da te Goran Pe\u0107anec, Tomislav Pletenac i Zora Suboti\u0107, kao i druge sugovornice.<\/p>\n\n\n\n<hr class=\"wp-block-separator\"\/>\n\n\n\n<p>Op\u0161irnije:<\/p>\n\n\n\n<p><a href=\"https:\/\/www.ief.hr\/wp-content\/uploads\/2024\/10\/Okrugli-stol_NORMANEL.pdf\">https:\/\/www.ief.hr\/wp-content\/uploads\/2024\/10\/Okrugli-stol_NORMANEL.pdf<\/a><\/p>\n\n\n\n<figure class=\"wp-block-embed-wordpress wp-block-embed is-type-wp-embed is-provider-institut-za-etnologiju-i-folkloristiku\"><div class=\"wp-block-embed__wrapper\">\n<blockquote class=\"wp-embedded-content\" data-secret=\"bYhAvQ5bjO\"><a href=\"https:\/\/www.ief.hr\/\">Naslovna<\/a><\/blockquote><iframe loading=\"lazy\" class=\"wp-embedded-content\" sandbox=\"allow-scripts\" security=\"restricted\" style=\"position: absolute; clip: rect(1px, 1px, 1px, 1px);\" title=\"&#8220;Naslovna&#8221; &#8212; Institut za etnologiju i folkloristiku\" src=\"https:\/\/www.ief.hr\/embed\/#?secret=bYhAvQ5bjO\" data-secret=\"bYhAvQ5bjO\" width=\"600\" height=\"338\" frameborder=\"0\" marginwidth=\"0\" marginheight=\"0\" scrolling=\"no\"><\/iframe>\n<\/div><\/figure>\n\n\n\n<p><a href=\"https:\/\/www.facebook.com\/institutzaetnologijuifolkloristiku\">https:\/\/www.facebook.com\/institutzaetnologijuifolkloristiku<\/a><\/p>\n\n\n\n<hr class=\"wp-block-separator\"\/>\n","protected":false},"excerpt":{"rendered":"","protected":false},"author":2,"featured_media":42840,"comment_status":"open","ping_status":"open","sticky":false,"template":"","format":"standard","meta":{"_acf_changed":false,"jetpack_post_was_ever_published":false,"_jetpack_newsletter_access":"","_jetpack_dont_email_post_to_subs":false,"_jetpack_newsletter_tier_id":0,"_jetpack_memberships_contains_paywalled_content":false,"_jetpack_memberships_contains_paid_content":false,"footnotes":"","jetpack_publicize_message":"","jetpack_publicize_feature_enabled":true,"jetpack_social_post_already_shared":true,"jetpack_social_options":{"image_generator_settings":{"template":"highway","default_image_id":0,"font":"","enabled":false},"version":2}},"categories":[3],"tags":[],"class_list":["post-42839","post","type-post","status-publish","format-standard","has-post-thumbnail","hentry","category-novosti"],"acf":{"facebook_opis":""},"jetpack_publicize_connections":[],"jetpack_featured_media_url":"https:\/\/i0.wp.com\/historiografija.hr\/wp-content\/uploads\/2024\/10\/Okrugli-stol_IEF.jpg?fit=509%2C720&ssl=1","jetpack_sharing_enabled":true,"jetpack-related-posts":[],"_links":{"self":[{"href":"https:\/\/historiografija.hr\/index.php?rest_route=\/wp\/v2\/posts\/42839","targetHints":{"allow":["GET"]}}],"collection":[{"href":"https:\/\/historiografija.hr\/index.php?rest_route=\/wp\/v2\/posts"}],"about":[{"href":"https:\/\/historiografija.hr\/index.php?rest_route=\/wp\/v2\/types\/post"}],"author":[{"embeddable":true,"href":"https:\/\/historiografija.hr\/index.php?rest_route=\/wp\/v2\/users\/2"}],"replies":[{"embeddable":true,"href":"https:\/\/historiografija.hr\/index.php?rest_route=%2Fwp%2Fv2%2Fcomments&post=42839"}],"version-history":[{"count":2,"href":"https:\/\/historiografija.hr\/index.php?rest_route=\/wp\/v2\/posts\/42839\/revisions"}],"predecessor-version":[{"id":42842,"href":"https:\/\/historiografija.hr\/index.php?rest_route=\/wp\/v2\/posts\/42839\/revisions\/42842"}],"wp:featuredmedia":[{"embeddable":true,"href":"https:\/\/historiografija.hr\/index.php?rest_route=\/wp\/v2\/media\/42840"}],"wp:attachment":[{"href":"https:\/\/historiografija.hr\/index.php?rest_route=%2Fwp%2Fv2%2Fmedia&parent=42839"}],"wp:term":[{"taxonomy":"category","embeddable":true,"href":"https:\/\/historiografija.hr\/index.php?rest_route=%2Fwp%2Fv2%2Fcategories&post=42839"},{"taxonomy":"post_tag","embeddable":true,"href":"https:\/\/historiografija.hr\/index.php?rest_route=%2Fwp%2Fv2%2Ftags&post=42839"}],"curies":[{"name":"wp","href":"https:\/\/api.w.org\/{rel}","templated":true}]}}