{"id":42827,"date":"2024-10-21T19:46:08","date_gmt":"2024-10-21T19:46:08","guid":{"rendered":"http:\/\/historiografija.hr\/?p=42827"},"modified":"2024-10-21T19:48:30","modified_gmt":"2024-10-21T19:48:30","slug":"medunarodni-znanstveni-skup-posljedice-nestanka-bosanskoga-kraljevstva","status":"publish","type":"post","link":"https:\/\/historiografija.hr\/?p=42827","title":{"rendered":"Me\u0111unarodni znanstveni skup \u201ePosljedice nestanka Bosanskoga Kraljevstva\u201c"},"content":{"rendered":"\n<p><strong>Sredi\u0161nja uprava Hrvatskog kulturnog dru\u0161tva Napredak<\/strong>&nbsp;proglasila je 2024. godinom Kraljice Katarine Kosa\u010da Kotromani\u0107 i posvetilo obilje\u017eavanju 600 godina od njezinog ro\u0111enja (1424.- 2024.)<\/p>\n\n\n\n<p>Tim povodom u Mostaru u prostorijama Filozofskog fakulteta Sveu\u010dili\u0161ta u \u010detvrtak 24. i petak 25. listopada 2024. s po\u010detkom u 10 sati bit \u0107e odr\u017ean Me\u0111unarodni znanstveni skup\u00a0<strong>\u201ePosljedice nestanka Bosanskoga Kraljevstva\u201c.<\/strong><\/p>\n\n\n\n<p><strong>HKD Napredak \u2013 Institut za kulturu i tradiciju Hrvata u BiH<\/strong>\u00a0organizator je skupa, a suorganizatori su Filozofski fakultet Sveu\u010dili\u0161ta u Mostaru, Institut za istra\u017eivanje migracija u Zagrebu, Filozofski fakultet Sveu\u010dili\u0161ta u Splitu i Institut za istra\u017eivanje migracija u Zagrebu, dok je\u00a0HAZU BiH pokrovitelj ovog va\u017enog me\u0111unarodnog znanstvenog skupa na kojem \u0107e sudjelovati 29 znanstvenika iz 6 zemalja.<\/p>\n\n\n\n<div class=\"wp-block-file\"><a href=\"https:\/\/historiografija.hr\/wp-content\/uploads\/2024\/10\/Program_skupa.pdf\">Program_skupa<\/a><a href=\"https:\/\/historiografija.hr\/wp-content\/uploads\/2024\/10\/Program_skupa.pdf\" class=\"wp-block-file__button\" download>Preuzmi<\/a><\/div>\n\n\n\n<p>Izvor:<\/p>\n\n\n\n<figure class=\"wp-block-embed-wordpress wp-block-embed is-type-wp-embed is-provider-hkd-napredak\"><div class=\"wp-block-embed__wrapper\">\n<blockquote class=\"wp-embedded-content\" data-secret=\"Qrl5KtyGvR\"><a href=\"https:\/\/hkdnapredak.hr\/hkd-napredak-institut-za-kulturu-i-tradiciju-hrvata-u-bih-medunarodni-znanstveni-skup-posljedice-nestanka-bosanskoga-kraljevstva-24-i-25-10-2024-u-mostaru\/\">HKD Napredak -Institut za kulturu i tradiciju Hrvata u BiH Me\u0111unarodni znanstveni skup \u201ePosljedice nestanka Bosanskoga Kraljevstva\u201c 24. i 25. 10. 2024. u Mostaru<\/a><\/blockquote><iframe loading=\"lazy\" class=\"wp-embedded-content\" sandbox=\"allow-scripts\" security=\"restricted\" style=\"position: absolute; clip: rect(1px, 1px, 1px, 1px);\" title=\"&#8220;HKD Napredak -Institut za kulturu i tradiciju Hrvata u BiH Me\u0111unarodni znanstveni skup \u201ePosljedice nestanka Bosanskoga Kraljevstva\u201c 24. i 25. 10. 2024. u Mostaru&#8221; &#8212; HKD Napredak\" src=\"https:\/\/hkdnapredak.hr\/hkd-napredak-institut-za-kulturu-i-tradiciju-hrvata-u-bih-medunarodni-znanstveni-skup-posljedice-nestanka-bosanskoga-kraljevstva-24-i-25-10-2024-u-mostaru\/embed\/#?secret=g2OLNhbwu7#?secret=Qrl5KtyGvR\" data-secret=\"Qrl5KtyGvR\" width=\"600\" height=\"338\" frameborder=\"0\" marginwidth=\"0\" marginheight=\"0\" scrolling=\"no\"><\/iframe>\n<\/div><\/figure>\n\n\n\n<hr class=\"wp-block-separator\"\/>\n","protected":false},"excerpt":{"rendered":"","protected":false},"author":2,"featured_media":42830,"comment_status":"open","ping_status":"open","sticky":false,"template":"","format":"standard","meta":{"_acf_changed":false,"jetpack_post_was_ever_published":false,"_jetpack_newsletter_access":"","_jetpack_dont_email_post_to_subs":false,"_jetpack_newsletter_tier_id":0,"_jetpack_memberships_contains_paywalled_content":false,"_jetpack_memberships_contains_paid_content":false,"footnotes":"","jetpack_publicize_message":"","jetpack_publicize_feature_enabled":true,"jetpack_social_post_already_shared":true,"jetpack_social_options":{"image_generator_settings":{"template":"highway","default_image_id":0,"font":"","enabled":false},"version":2}},"categories":[3,9],"tags":[],"class_list":["post-42827","post","type-post","status-publish","format-standard","has-post-thumbnail","hentry","category-novosti","category-skupovi"],"acf":{"facebook_opis":""},"jetpack_publicize_connections":[],"jetpack_featured_media_url":"https:\/\/i0.wp.com\/historiografija.hr\/wp-content\/uploads\/2024\/10\/600-god-PLAKAT.jpg?fit=1024%2C717&ssl=1","jetpack_sharing_enabled":true,"jetpack-related-posts":[],"_links":{"self":[{"href":"https:\/\/historiografija.hr\/index.php?rest_route=\/wp\/v2\/posts\/42827","targetHints":{"allow":["GET"]}}],"collection":[{"href":"https:\/\/historiografija.hr\/index.php?rest_route=\/wp\/v2\/posts"}],"about":[{"href":"https:\/\/historiografija.hr\/index.php?rest_route=\/wp\/v2\/types\/post"}],"author":[{"embeddable":true,"href":"https:\/\/historiografija.hr\/index.php?rest_route=\/wp\/v2\/users\/2"}],"replies":[{"embeddable":true,"href":"https:\/\/historiografija.hr\/index.php?rest_route=%2Fwp%2Fv2%2Fcomments&post=42827"}],"version-history":[{"count":4,"href":"https:\/\/historiografija.hr\/index.php?rest_route=\/wp\/v2\/posts\/42827\/revisions"}],"predecessor-version":[{"id":42834,"href":"https:\/\/historiografija.hr\/index.php?rest_route=\/wp\/v2\/posts\/42827\/revisions\/42834"}],"wp:featuredmedia":[{"embeddable":true,"href":"https:\/\/historiografija.hr\/index.php?rest_route=\/wp\/v2\/media\/42830"}],"wp:attachment":[{"href":"https:\/\/historiografija.hr\/index.php?rest_route=%2Fwp%2Fv2%2Fmedia&parent=42827"}],"wp:term":[{"taxonomy":"category","embeddable":true,"href":"https:\/\/historiografija.hr\/index.php?rest_route=%2Fwp%2Fv2%2Fcategories&post=42827"},{"taxonomy":"post_tag","embeddable":true,"href":"https:\/\/historiografija.hr\/index.php?rest_route=%2Fwp%2Fv2%2Ftags&post=42827"}],"curies":[{"name":"wp","href":"https:\/\/api.w.org\/{rel}","templated":true}]}}