{"id":42815,"date":"2024-10-21T18:46:35","date_gmt":"2024-10-21T18:46:35","guid":{"rendered":"http:\/\/historiografija.hr\/?p=42815"},"modified":"2024-10-21T18:46:35","modified_gmt":"2024-10-21T18:46:35","slug":"predstavljanje-knjige-vjekoslava-perice-antifasizam-povijest-mit-i-aktualnost-jednoga-svjetskog-pokreta-1924-2024","status":"publish","type":"post","link":"https:\/\/historiografija.hr\/?p=42815","title":{"rendered":"Predstavljanje knjige Vjekoslava Perice \u201cAntifa\u0161izam. Povijest, mit i aktualnost jednoga svjetskog pokreta 1924. \u2013 2024.\u201d"},"content":{"rendered":"\n<p>Promocija knjige u izdanju Plejade i VeDRA-e, &#8220;Antifa\u0161izam. Povijest, mit i aktualnost jednoga svjetskog pokreta 1924. \u2013 2024.&#8221;, odr\u017eat \u0107e se u \u010detvrtak, 24. listopada 2024. u 18 sati u novoj dvorani SKD Prosvjete, Preradovi\u0107eva 21 (dvori\u0161te), Zagreb.<\/p>\n\n\n\n<p>Knjigu \u0107e predstaviti urednik Ilija Rani\u0107 (Plejada d.o.o.), predsjednik VeDRA-e Ranko Britvi\u0107 i autor prof. dr. sc. Vjekoslav Perica.<\/p>\n\n\n\n<hr class=\"wp-block-separator\"\/>\n\n\n\n<p>Objavljena je knjiga <strong>ANTIFA\u0160IZAM. Povijest, mit i aktualnost jednog svjetskog pokreta, 1924. \u2013 2024.<\/strong> u izdanju Plejade i Udruge veterana Domovinskog rata i antifa\u0161ista (VeDRA). Autor nastoji objasniti antifa\u0161izam kao povijest, a potom i naknadnu upotrebu te povijesti, te izdvojiti najva\u017enije lekcije i iskustva. Knjiga sadr\u017ei predgovor i sedam poglavlja: \u201eUvod: antifa\u0161izam, velika slika\u201c; \u201eHistorijski antifa\u0161izam: 1921. \u2013 1945.\u201c; \u201ePrilozi za jednu kulturnu povijest antifa\u0161izma: simboli, mitovi i narativi\u201c; \u201eMoralna snaga i pomirbeni potencijal antifa\u0161izma\u201c; \u201e(Kontra)mitovi o antifa\u0161izmu u srpskom i hrvatskom nacionalizmu\u201c; \u201eFa\u0161izam i antifa\u0161izam na\u0161eg doba\u201c; \u201eZaklju\u010dna razmatranja: \u0161to je bio historijski antifa\u0161izam i koga se to danas ti\u010de\u201c. \u0160irina pristupa omogu\u0107ava Perici ne samo povijesnu analizu \u2013 studiju historijata antifa\u0161izma u svijetu i kod nas \u2013 nego i prikaz suvremenih oblika antifa\u0161izma, a i njihove potencijale za budu\u0107nost. Njegov temeljac danas je zapravo emancipacija svih pod\u010dinjenih skupina i tra\u017eenje alternativa te gradnja pravednijeg, slobodnijeg, inkluzivnijeg svijeta. Posebno je obra\u0111ena antifa\u0161isti\u010dka kulturna produkcija koja je nad\u017eivjela pokret i postala dio mnogih nacionalnih kultura i svjetske kulturne ba\u0161tine. Javlja se u djelima trajne vrijednosti od Hemingwaya i Picassa do tisu\u0107a intelektualaca i umjetnika koji su bili aktivni antifa\u0161isti, pa sve do suvremenih izri\u010daja u video umjetnosti i internetskim prilozima koji temu pribli\u017eavaju mladim nara\u0161tajima. Prilog knjizi je izbor iz kulturne i umjetni\u010dke ba\u0161tine historijskog antifa\u0161izma koji sadr\u017ei izbor iz glazbene ba\u0161tine antifa\u0161izma, klasike antifa\u0161isti\u010dkog filma i televizijske produkcije, knji\u017eevna i umjetni\u010dka djela te \u201cjednu svjetsku listu antifa\u0161ista\u201d.<\/p>\n\n\n\n<p>Dr. sc. <strong>Vjekoslav Perica<\/strong> (Split, 1955.), povjesni\u010dar i sveu\u010dili\u0161ni profesor. Zavr\u0161io je Pravni fakultet u Splitu, radio u Slobodnoj Dalmaciji i u Gradu Splitu. Pred rat 1991. odlazi u SAD gdje je na University of Minnesota \u2013 Twin Cities magistrirao politologiju i doktorirao modernu svjetsku povijest. Radio je na nekoliko ameri\u010dkih sveu\u010dili\u0161ta i istra\u017eiva\u010dkih instituta. Bio je Fulbrightov stipendist SAD-a u Srbiji 2007., te dobitnik stipendije Nizozemskog kraljevskog instituta (NIAS) 2012. godine. Na Filozofskom fakultetu Sveu\u010dili\u0161ta u Rijeci predavao je svjetsku povijest od 2007. do 2020. Fokus je njegova interesa u ve\u0107ini objavljenih radova fenomen modernih nacionalizama i odnos religije prema njima.<\/p>\n\n\n\n<hr class=\"wp-block-separator\"\/>\n\n\n\n<p>Izvori:<\/p>\n\n\n\n<figure class=\"wp-block-embed-wordpress wp-block-embed is-type-wp-embed is-provider-plejada-d-o-o\"><div class=\"wp-block-embed__wrapper\">\n<blockquote class=\"wp-embedded-content\" data-secret=\"eYq71DlaoD\"><a href=\"https:\/\/www.plejada-zg.hr\/predstavljanje-knjige-antifasizam-povijest-mit-i-aktualnost-jednoga-svjetskog-pokreta-1924-2024-vjekoslava-perice\/\">Predstavljanje knjige &#8220;Antifa\u0161izam. Povijest, mit i aktualnost jednoga svjetskog pokreta 1924. &#8211; 2024.&#8221; Vjekoslava Perice<\/a><\/blockquote><iframe loading=\"lazy\" class=\"wp-embedded-content\" sandbox=\"allow-scripts\" security=\"restricted\" style=\"position: absolute; clip: rect(1px, 1px, 1px, 1px);\" title=\"&#8220;Predstavljanje knjige &#8220;Antifa\u0161izam. Povijest, mit i aktualnost jednoga svjetskog pokreta 1924. &#8211; 2024.&#8221; Vjekoslava Perice&#8221; &#8212; Plejada d.o.o.\" src=\"https:\/\/www.plejada-zg.hr\/predstavljanje-knjige-antifasizam-povijest-mit-i-aktualnost-jednoga-svjetskog-pokreta-1924-2024-vjekoslava-perice\/embed\/#?secret=J3Q2cn1gv6#?secret=eYq71DlaoD\" data-secret=\"eYq71DlaoD\" width=\"600\" height=\"338\" frameborder=\"0\" marginwidth=\"0\" marginheight=\"0\" scrolling=\"no\"><\/iframe>\n<\/div><\/figure>\n\n\n\n<figure class=\"wp-block-embed-wordpress wp-block-embed is-type-wp-embed is-provider-plejada-d-o-o\"><div class=\"wp-block-embed__wrapper\">\n<blockquote class=\"wp-embedded-content\" data-secret=\"zPeMnrNPfH\"><a href=\"https:\/\/www.plejada-zg.hr\/iz-tiska-je-izasla-knjiga-antifasizam-povijest-mit-i-aktualnost-jednoga-svjetskog-pokreta-1924-2024-vjekoslava-perice\/\">Iz tiska je iza\u0161la knjiga &#8220;ANTIFA\u0160IZAM. Povijest, mit i aktualnost jednoga svjetskog pokreta, 1924. \u2013 2024.&#8221; Vjekoslava Perice<\/a><\/blockquote><iframe loading=\"lazy\" class=\"wp-embedded-content\" sandbox=\"allow-scripts\" security=\"restricted\" style=\"position: absolute; clip: rect(1px, 1px, 1px, 1px);\" title=\"&#8220;Iz tiska je iza\u0161la knjiga &#8220;ANTIFA\u0160IZAM. Povijest, mit i aktualnost jednoga svjetskog pokreta, 1924. \u2013 2024.&#8221; Vjekoslava Perice&#8221; &#8212; Plejada d.o.o.\" src=\"https:\/\/www.plejada-zg.hr\/iz-tiska-je-izasla-knjiga-antifasizam-povijest-mit-i-aktualnost-jednoga-svjetskog-pokreta-1924-2024-vjekoslava-perice\/embed\/#?secret=6l19cmLIzp#?secret=zPeMnrNPfH\" data-secret=\"zPeMnrNPfH\" width=\"600\" height=\"338\" frameborder=\"0\" marginwidth=\"0\" marginheight=\"0\" scrolling=\"no\"><\/iframe>\n<\/div><\/figure>\n","protected":false},"excerpt":{"rendered":"","protected":false},"author":2,"featured_media":42816,"comment_status":"open","ping_status":"open","sticky":false,"template":"","format":"standard","meta":{"_acf_changed":false,"jetpack_post_was_ever_published":false,"_jetpack_newsletter_access":"","_jetpack_dont_email_post_to_subs":false,"_jetpack_newsletter_tier_id":0,"_jetpack_memberships_contains_paywalled_content":false,"_jetpack_memberships_contains_paid_content":false,"footnotes":"","jetpack_publicize_message":"","jetpack_publicize_feature_enabled":true,"jetpack_social_post_already_shared":true,"jetpack_social_options":{"image_generator_settings":{"template":"highway","default_image_id":0,"font":"","enabled":false},"version":2}},"categories":[3],"tags":[],"class_list":["post-42815","post","type-post","status-publish","format-standard","has-post-thumbnail","hentry","category-novosti"],"acf":{"facebook_opis":""},"jetpack_publicize_connections":[],"jetpack_featured_media_url":"https:\/\/i0.wp.com\/historiografija.hr\/wp-content\/uploads\/2024\/10\/Antifasizam-naslovnica.jpg?fit=1030%2C1030&ssl=1","jetpack_sharing_enabled":true,"jetpack-related-posts":[],"_links":{"self":[{"href":"https:\/\/historiografija.hr\/index.php?rest_route=\/wp\/v2\/posts\/42815","targetHints":{"allow":["GET"]}}],"collection":[{"href":"https:\/\/historiografija.hr\/index.php?rest_route=\/wp\/v2\/posts"}],"about":[{"href":"https:\/\/historiografija.hr\/index.php?rest_route=\/wp\/v2\/types\/post"}],"author":[{"embeddable":true,"href":"https:\/\/historiografija.hr\/index.php?rest_route=\/wp\/v2\/users\/2"}],"replies":[{"embeddable":true,"href":"https:\/\/historiografija.hr\/index.php?rest_route=%2Fwp%2Fv2%2Fcomments&post=42815"}],"version-history":[{"count":1,"href":"https:\/\/historiografija.hr\/index.php?rest_route=\/wp\/v2\/posts\/42815\/revisions"}],"predecessor-version":[{"id":42817,"href":"https:\/\/historiografija.hr\/index.php?rest_route=\/wp\/v2\/posts\/42815\/revisions\/42817"}],"wp:featuredmedia":[{"embeddable":true,"href":"https:\/\/historiografija.hr\/index.php?rest_route=\/wp\/v2\/media\/42816"}],"wp:attachment":[{"href":"https:\/\/historiografija.hr\/index.php?rest_route=%2Fwp%2Fv2%2Fmedia&parent=42815"}],"wp:term":[{"taxonomy":"category","embeddable":true,"href":"https:\/\/historiografija.hr\/index.php?rest_route=%2Fwp%2Fv2%2Fcategories&post=42815"},{"taxonomy":"post_tag","embeddable":true,"href":"https:\/\/historiografija.hr\/index.php?rest_route=%2Fwp%2Fv2%2Ftags&post=42815"}],"curies":[{"name":"wp","href":"https:\/\/api.w.org\/{rel}","templated":true}]}}