{"id":42807,"date":"2024-10-21T18:23:23","date_gmt":"2024-10-21T18:23:23","guid":{"rendered":"http:\/\/historiografija.hr\/?p=42807"},"modified":"2025-02-27T20:32:41","modified_gmt":"2025-02-27T20:32:41","slug":"okrugli-stol-prve-zaposlenice-u-zagrebackim-muzejima","status":"publish","type":"post","link":"https:\/\/historiografija.hr\/?p=42807","title":{"rendered":"Okrugli stol \u201ePrve zaposlenice u zagreba\u010dkim muzejima\u201d"},"content":{"rendered":"\n<p>U sklopu programa obilje\u017eavanja 105. ro\u0111endana Etnografskog muzeja u Zagrebu bit \u0107e u utorak, 22. listopada 2024. u 13 sati odr\u017ean okrugli stol \u201ePrve zaposlenice u zagreba\u010dkim muzejima\u201d.<\/p>\n\n\n\n<hr class=\"wp-block-separator has-css-opacity\"\/>\n\n\n\n<p>Prou\u010davanje povijesti muzeja doprinos je istra\u017eivanju kulture odre\u0111ene zajednice. Na okruglom stolu u povodu 105. obljetnice Etnografskog muzeja \u017eelimo prikazati dio njegove povijesti koji je dosad bio zanemaren. Tom prigodom predstavit \u0107emo izlo\u017ebeni projekt pod nazivom <em>Histerija zaborava<\/em> u kojem prvi put zajedno sudjeluju \u010detiri velika zagreba\u010dka muzeja: Arheolo\u0161ki muzej u Zagrebu, Etnografski muzej, Hrvatski \u0161kolski muzej i Muzej za umjetnost i obrt. Sudionice \u0107e govoriti o svojim istra\u017eivanjima uloge i va\u017enosti rada koji su ostvarile prve \u017eene zaposlene u zagreba\u010dkim muzejima (kustosice, restauratorice, tekstilne stru\u010dnjakinje\u2026) upozoravaju\u0107i na pote\u0161ko\u0107e s kojima su se suo\u010davale poput zakonskih ograni\u010denja i dugogodi\u0161njih kulturnih predrasuda koje su dovodile u pitanje njihovu sposobnost da obavljaju odre\u0111ene poslove. Istra\u017eivanjem njihova rada \u017eelimo pridonijeti nastojanjima da muzeji budu mjesta sje\u0107anja svih ljudi koji su bili i jesu dio njihove povijesti.<\/p>\n\n\n\n<p><strong>Sudionice:<\/strong> dr. sc. \u0160tefka Batini\u0107, knji\u017eni\u010darska savjetnica i kustosica (Hrvatski \u0161kolski muzej); dr. sc. Aida Brenko, muzejska savjetnica (Etnografski muzej); Andrea Klobu\u010dar, muzejska savjetnica (Muzej za umjetnost i obrt); dr. sc. Ana Solter, muzejska savjetnica (Arheolo\u0161ki muzej u Zagrebu); mr. sc. Aleksandra Vlatkovi\u0107, vi\u0161a kustosica-dokumentaristica (Etnografski muzej)<\/p>\n\n\n\n<p><strong>Moderatorica:<\/strong> dr. sc. \u017deljka Jelavi\u0107, muzejska savjetnica (Etnografski muzej)<\/p>\n\n\n\n<hr class=\"wp-block-separator has-css-opacity\"\/>\n\n\n\n<p>Izvor:<\/p>\n\n\n\n<figure class=\"wp-block-embed is-type-wp-embed is-provider-etnografski-muzej wp-block-embed-etnografski-muzej\"><div class=\"wp-block-embed__wrapper\">\n<blockquote class=\"wp-embedded-content\" data-secret=\"b8RCMHnVqh\"><a href=\"https:\/\/emz.hr\/dogadjanja\/program-obiljezavanja-105-rodendana-etnografskoga-muzeja-22-listopada-2024\/\">Program obilje\u017eavanja 105. ro\u0111endana Etnografskoga muzeja, 22. listopada. 2024.<\/a><\/blockquote><iframe loading=\"lazy\" class=\"wp-embedded-content\" sandbox=\"allow-scripts\" security=\"restricted\" style=\"position: absolute; clip: rect(1px, 1px, 1px, 1px);\" title=\"&#8220;Program obilje\u017eavanja 105. ro\u0111endana Etnografskoga muzeja, 22. listopada. 2024.&#8221; &#8212; etnografski muzej\" src=\"https:\/\/emz.hr\/dogadjanja\/program-obiljezavanja-105-rodendana-etnografskoga-muzeja-22-listopada-2024\/embed\/#?secret=pVHnnUJ3F8#?secret=b8RCMHnVqh\" data-secret=\"b8RCMHnVqh\" width=\"600\" height=\"338\" frameborder=\"0\" marginwidth=\"0\" marginheight=\"0\" scrolling=\"no\"><\/iframe>\n<\/div><\/figure>\n\n\n\n<hr class=\"wp-block-separator has-css-opacity\"\/>\n\n\n\n<p>Iz medija:<\/p>\n\n\n\n<p><a href=\"https:\/\/www.vecernji.hr\/kultura\/prve-su-muzealke-uglavnom-bile-uciteljice-a-zakon-iz-1888-prijecio-im-je-udaju-1810143\">https:\/\/www.vecernji.hr\/kultura\/prve-su-muzealke-uglavnom-bile-uciteljice-a-zakon-iz-1888-prijecio-im-je-udaju-1810143<\/a><\/p>\n\n\n\n<hr class=\"wp-block-separator has-alpha-channel-opacity\"\/>\n","protected":false},"excerpt":{"rendered":"","protected":false},"author":2,"featured_media":42808,"comment_status":"open","ping_status":"open","sticky":false,"template":"","format":"standard","meta":{"_acf_changed":false,"jetpack_post_was_ever_published":false,"_jetpack_newsletter_access":"","_jetpack_dont_email_post_to_subs":false,"_jetpack_newsletter_tier_id":0,"_jetpack_memberships_contains_paywalled_content":false,"_jetpack_memberships_contains_paid_content":false,"footnotes":"","jetpack_publicize_message":"","jetpack_publicize_feature_enabled":true,"jetpack_social_post_already_shared":true,"jetpack_social_options":{"image_generator_settings":{"template":"highway","default_image_id":0,"font":"","enabled":false},"version":2}},"categories":[3],"tags":[],"class_list":["post-42807","post","type-post","status-publish","format-standard","has-post-thumbnail","hentry","category-novosti"],"acf":{"facebook_opis":""},"jetpack_publicize_connections":[],"jetpack_featured_media_url":"https:\/\/i0.wp.com\/historiografija.hr\/wp-content\/uploads\/2024\/10\/WEB-Vizual-105-godina-EMZ.jpg?fit=2048%2C921&ssl=1","jetpack_sharing_enabled":true,"jetpack-related-posts":[],"_links":{"self":[{"href":"https:\/\/historiografija.hr\/index.php?rest_route=\/wp\/v2\/posts\/42807","targetHints":{"allow":["GET"]}}],"collection":[{"href":"https:\/\/historiografija.hr\/index.php?rest_route=\/wp\/v2\/posts"}],"about":[{"href":"https:\/\/historiografija.hr\/index.php?rest_route=\/wp\/v2\/types\/post"}],"author":[{"embeddable":true,"href":"https:\/\/historiografija.hr\/index.php?rest_route=\/wp\/v2\/users\/2"}],"replies":[{"embeddable":true,"href":"https:\/\/historiografija.hr\/index.php?rest_route=%2Fwp%2Fv2%2Fcomments&post=42807"}],"version-history":[{"count":2,"href":"https:\/\/historiografija.hr\/index.php?rest_route=\/wp\/v2\/posts\/42807\/revisions"}],"predecessor-version":[{"id":45034,"href":"https:\/\/historiografija.hr\/index.php?rest_route=\/wp\/v2\/posts\/42807\/revisions\/45034"}],"wp:featuredmedia":[{"embeddable":true,"href":"https:\/\/historiografija.hr\/index.php?rest_route=\/wp\/v2\/media\/42808"}],"wp:attachment":[{"href":"https:\/\/historiografija.hr\/index.php?rest_route=%2Fwp%2Fv2%2Fmedia&parent=42807"}],"wp:term":[{"taxonomy":"category","embeddable":true,"href":"https:\/\/historiografija.hr\/index.php?rest_route=%2Fwp%2Fv2%2Fcategories&post=42807"},{"taxonomy":"post_tag","embeddable":true,"href":"https:\/\/historiografija.hr\/index.php?rest_route=%2Fwp%2Fv2%2Ftags&post=42807"}],"curies":[{"name":"wp","href":"https:\/\/api.w.org\/{rel}","templated":true}]}}