{"id":42804,"date":"2024-10-21T18:16:22","date_gmt":"2024-10-21T18:16:22","guid":{"rendered":"http:\/\/historiografija.hr\/?p=42804"},"modified":"2024-11-27T17:55:28","modified_gmt":"2024-11-27T17:55:28","slug":"okrugli-stol-nesting-orientalism-revisited-nastanak-doprinos-i-perspektive-koncepta-u-cast-milice-bakic-hejden-u-beogradu","status":"publish","type":"post","link":"https:\/\/historiografija.hr\/?p=42804","title":{"rendered":"Okrugli stol \u201e(Nesting) Orientalism Revisited: Nastanak, doprinos i perspektive koncepta. U \u010dast Milice Baki\u0107 Hejden\u201c u Beogradu"},"content":{"rendered":"\n<p>U biblioteci Instituta za knji\u017eevnost i umetnost u Beogradu 23.oktobra 2024. godine u 12 \u010dasova odr\u017ea\u0107e se okrugli sto pod nazivom <strong><em>(Nesting) Orientalism Revisited : Nastanak, doprinos i perspektive koncepta<\/em><\/strong>.<\/p>\n\n\n\n<p>Tri decenije nakon prvobitne konceptualizacije teorijskog i istra\u017eiva\u010dkog pojmovnog okvira poznatog kao \u201enesting orientalism\u201c, odr\u017ea\u0107e se razgovor o teorijskim i metodolo\u0161kim dometima i implikacijama ovog nau\u010dnog modela, posmatranog u kontekstu studija orijentalizma, \u201ebalkanizma\u201c, istorije knji\u017eevnosti balkanskih i jugoslovenskih naroda, subaltern studija, studija post-socijalizma i feminizma. Ovaj razgovor posve\u0107en je dosada\u0161njem nau\u010dnom doprinosu profesorke Milice Baki\u0107 Hejden, autorke ovog koncepta i eminentne nau\u010dnice na polju prou\u010davanja simboli\u010dke geografije Balkana.<\/p>\n\n\n\n<p><strong>U\u010desnici:<\/strong><br>Milica Baki\u0107 Hejden, Univerzitet u Pitsburgu<br>Elisa Helms, Centralnoevropski univerzitet, Be\u010d<br>Zoran Minderovi\u0107, samostalni istra\u017eiva\u010d i prevodilac<br>Marija Gruji\u0107, Institut za knji\u017eevnost i umetnost, Beograd<br>Zorana Simi\u0107, Institut za knji\u017eevnost i umetnost, Beograd<\/p>\n\n\n\n<p>Razgovor vodi: Marija Gruji\u0107, Institut za knji\u017eevnost i umetnost, Beograd<br>Pozdravna re\u010d: Bojan Jovi\u0107, direktor Instituta za knji\u017eevnost i umetnost, Beograd<\/p>\n\n\n\n<p><strong>Podaci za Zum pra\u0107enje:<\/strong><br>(Nesting) Orientalism revisited: Poreklo, doprinos i perspektive koncepta<br><br>23.10.2024 12:00 Belgrade, Bratislava, Ljubljana<br><br>Link:<br>https:\/\/us02web.zoom.us\/j\/83471745044?pwd=OrDdBgyCY8XW641hBoP0VeP4s36YUj.1<br><br>Meeting ID: 834 7174 5044<br>Passcode: 143152<\/p>\n\n\n\n<hr class=\"wp-block-separator\"\/>\n\n\n\n<p>Izvor:<\/p>\n\n\n\n<p><a href=\"https:\/\/www.ikum.org.rs\/novost.php?id=404\">https:\/\/www.ikum.org.rs\/novost.php?id=404<\/a><\/p>\n\n\n\n<hr class=\"wp-block-separator\"\/>\n\n\n\n<p>Dodatne informacije:<\/p>\n\n\n\n<p><a href=\"https:\/\/www.ikum.org.rs\/novost.php?id=411\">https:\/\/www.ikum.org.rs\/novost.php?id=411<\/a><\/p>\n\n\n\n<hr class=\"wp-block-separator\"\/>\n","protected":false},"excerpt":{"rendered":"","protected":false},"author":2,"featured_media":42805,"comment_status":"open","ping_status":"open","sticky":false,"template":"","format":"standard","meta":{"_acf_changed":false,"jetpack_post_was_ever_published":false,"_jetpack_newsletter_access":"","_jetpack_dont_email_post_to_subs":false,"_jetpack_newsletter_tier_id":0,"_jetpack_memberships_contains_paywalled_content":false,"_jetpack_memberships_contains_paid_content":false,"footnotes":"","jetpack_publicize_message":"","jetpack_publicize_feature_enabled":true,"jetpack_social_post_already_shared":true,"jetpack_social_options":{"image_generator_settings":{"template":"highway","default_image_id":0,"font":"","enabled":false},"version":2}},"categories":[3],"tags":[],"class_list":["post-42804","post","type-post","status-publish","format-standard","has-post-thumbnail","hentry","category-novosti"],"acf":{"facebook_opis":""},"jetpack_publicize_connections":[],"jetpack_featured_media_url":"https:\/\/i0.wp.com\/historiografija.hr\/wp-content\/uploads\/2024\/10\/Bakic.jpg?fit=900%2C600&ssl=1","jetpack_sharing_enabled":true,"jetpack-related-posts":[],"_links":{"self":[{"href":"https:\/\/historiografija.hr\/index.php?rest_route=\/wp\/v2\/posts\/42804","targetHints":{"allow":["GET"]}}],"collection":[{"href":"https:\/\/historiografija.hr\/index.php?rest_route=\/wp\/v2\/posts"}],"about":[{"href":"https:\/\/historiografija.hr\/index.php?rest_route=\/wp\/v2\/types\/post"}],"author":[{"embeddable":true,"href":"https:\/\/historiografija.hr\/index.php?rest_route=\/wp\/v2\/users\/2"}],"replies":[{"embeddable":true,"href":"https:\/\/historiografija.hr\/index.php?rest_route=%2Fwp%2Fv2%2Fcomments&post=42804"}],"version-history":[{"count":2,"href":"https:\/\/historiografija.hr\/index.php?rest_route=\/wp\/v2\/posts\/42804\/revisions"}],"predecessor-version":[{"id":43615,"href":"https:\/\/historiografija.hr\/index.php?rest_route=\/wp\/v2\/posts\/42804\/revisions\/43615"}],"wp:featuredmedia":[{"embeddable":true,"href":"https:\/\/historiografija.hr\/index.php?rest_route=\/wp\/v2\/media\/42805"}],"wp:attachment":[{"href":"https:\/\/historiografija.hr\/index.php?rest_route=%2Fwp%2Fv2%2Fmedia&parent=42804"}],"wp:term":[{"taxonomy":"category","embeddable":true,"href":"https:\/\/historiografija.hr\/index.php?rest_route=%2Fwp%2Fv2%2Fcategories&post=42804"},{"taxonomy":"post_tag","embeddable":true,"href":"https:\/\/historiografija.hr\/index.php?rest_route=%2Fwp%2Fv2%2Ftags&post=42804"}],"curies":[{"name":"wp","href":"https:\/\/api.w.org\/{rel}","templated":true}]}}