{"id":42801,"date":"2024-10-18T21:27:35","date_gmt":"2024-10-18T21:27:35","guid":{"rendered":"http:\/\/historiografija.hr\/?p=42801"},"modified":"2024-10-18T21:27:35","modified_gmt":"2024-10-18T21:27:35","slug":"petar-zarkovic-marko-nikezic-diplomata-u-sredistu-hladnog-rata","status":"publish","type":"post","link":"https:\/\/historiografija.hr\/?p=42801","title":{"rendered":"Petar \u017darkovi\u0107, \u201eMarko Nikezi\u0107. Diplomata u sredi\u0161tu Hladnog rata\u201c"},"content":{"rendered":"\n<p>Marko Nikezi\u0107 bio je \u201epunokrvni politi\u010dar\u201d, revolucionar, osoba koju je zanimala umjetnost, koji je \u010ditao o pro\u0161losti, koji je govorio jezike i bio svjetski \u010dovjek u diplomatskoj slu\u017ebi zemlje koja je imala svjetske dosege. U takvom kontekstu, u vremenu koje je u odnosu na desetlje\u0107a u kojima danas \u017eivimo, bilo daleko vi\u0161e politi\u010dko i, bez obzira na jednopartijnost, dinami\u010dno, Nikezi\u0107 je nezaobilazni akter, stvaratelj, analiti\u010dar i prakti\u010dar. Petar \u017darkovi\u0107 koristio je golemu arhivsku gra\u0111u, najve\u0107im dijelom iz DSIP\/SSIP-a i drugih beogradskih arhiva, i tako na jednom mjestu pokazao va\u017enost diplomatskog i politi\u010dkog djelovanja Marka Nikezi\u0107a, zemlje koju je predstavljao, ali i ukupne, svjetske dimenzije, politike koju je zastupao ili vodio.<\/p>\n\n\n\n<p><em>Prof. dr Tvrtko Jakovina<\/em><\/p>\n\n\n\n<hr class=\"wp-block-separator\"\/>\n\n\n\n<p><strong>O autoru<\/strong><\/p>\n\n\n\n<p>Petar \u017darkovi\u0107 je nau\u010dni saradnik u Institutu za filozofiju i dru\u0161tvenu teoriju Univerziteta u Beogradu. Doktorirao je na Odeljenju za istoriju Filozofskog fakulteta, Univerziteta u Beogradu, sa temom \u201eMarko Nikezi\u0107 I jugoslovenska spoljna politika 1952-1972\u201d. Oblasti njegovog nau\u010dnog istra\u017eivanja su: politi\u010dka i dru\u0161tvena istorija socijalisti\u010dke Jugoslavije 1945\u20131991, Jugoslavija i Hladni rat i intelektualna istorija XX veka. U okviru Instituta \u010dlan je Laboratorije za istra\u017eivanje socijalizma i (post)jugoslovenske studije.<\/p>\n\n\n\n<hr class=\"wp-block-separator\"\/>\n\n\n\n<p>Godina izdanja: 2024<\/p>\n\n\n\n<p>Pismo: latinica<\/p>\n\n\n\n<p>Broj stranica: 532 str.<\/p>\n\n\n\n<hr class=\"wp-block-separator\"\/>\n\n\n\n<p>Pro\u010ditaj odlomak:<\/p>\n\n\n\n<p><a href=\"https:\/\/akademskaknjiga.com\/katalog\/marko-nikezic-diplomata-u-sredistu-hladnog-rata\">https:\/\/akademskaknjiga.com\/katalog\/marko-nikezic-diplomata-u-sredistu-hladnog-rata<\/a><\/p>\n\n\n\n<hr class=\"wp-block-separator\"\/>\n","protected":false},"excerpt":{"rendered":"","protected":false},"author":2,"featured_media":42802,"comment_status":"open","ping_status":"open","sticky":false,"template":"","format":"standard","meta":{"_acf_changed":false,"jetpack_post_was_ever_published":false,"_jetpack_newsletter_access":"","_jetpack_dont_email_post_to_subs":false,"_jetpack_newsletter_tier_id":0,"_jetpack_memberships_contains_paywalled_content":false,"_jetpack_memberships_contains_paid_content":false,"footnotes":"","jetpack_publicize_message":"","jetpack_publicize_feature_enabled":true,"jetpack_social_post_already_shared":true,"jetpack_social_options":{"image_generator_settings":{"template":"highway","default_image_id":0,"font":"","enabled":false},"version":2}},"categories":[8,3],"tags":[],"class_list":["post-42801","post","type-post","status-publish","format-standard","has-post-thumbnail","hentry","category-knjige","category-novosti"],"acf":{"facebook_opis":""},"jetpack_publicize_connections":[],"jetpack_featured_media_url":"https:\/\/i0.wp.com\/historiografija.hr\/wp-content\/uploads\/2024\/10\/Marko-Nikezic.png?fit=600%2C900&ssl=1","jetpack_sharing_enabled":true,"jetpack-related-posts":[],"_links":{"self":[{"href":"https:\/\/historiografija.hr\/index.php?rest_route=\/wp\/v2\/posts\/42801","targetHints":{"allow":["GET"]}}],"collection":[{"href":"https:\/\/historiografija.hr\/index.php?rest_route=\/wp\/v2\/posts"}],"about":[{"href":"https:\/\/historiografija.hr\/index.php?rest_route=\/wp\/v2\/types\/post"}],"author":[{"embeddable":true,"href":"https:\/\/historiografija.hr\/index.php?rest_route=\/wp\/v2\/users\/2"}],"replies":[{"embeddable":true,"href":"https:\/\/historiografija.hr\/index.php?rest_route=%2Fwp%2Fv2%2Fcomments&post=42801"}],"version-history":[{"count":1,"href":"https:\/\/historiografija.hr\/index.php?rest_route=\/wp\/v2\/posts\/42801\/revisions"}],"predecessor-version":[{"id":42803,"href":"https:\/\/historiografija.hr\/index.php?rest_route=\/wp\/v2\/posts\/42801\/revisions\/42803"}],"wp:featuredmedia":[{"embeddable":true,"href":"https:\/\/historiografija.hr\/index.php?rest_route=\/wp\/v2\/media\/42802"}],"wp:attachment":[{"href":"https:\/\/historiografija.hr\/index.php?rest_route=%2Fwp%2Fv2%2Fmedia&parent=42801"}],"wp:term":[{"taxonomy":"category","embeddable":true,"href":"https:\/\/historiografija.hr\/index.php?rest_route=%2Fwp%2Fv2%2Fcategories&post=42801"},{"taxonomy":"post_tag","embeddable":true,"href":"https:\/\/historiografija.hr\/index.php?rest_route=%2Fwp%2Fv2%2Ftags&post=42801"}],"curies":[{"name":"wp","href":"https:\/\/api.w.org\/{rel}","templated":true}]}}