{"id":42797,"date":"2024-10-18T21:14:12","date_gmt":"2024-10-18T21:14:12","guid":{"rendered":"http:\/\/historiografija.hr\/?p=42797"},"modified":"2024-10-18T21:14:52","modified_gmt":"2024-10-18T21:14:52","slug":"tribina-povratak-vojnog-roka","status":"publish","type":"post","link":"https:\/\/historiografija.hr\/?p=42797","title":{"rendered":"Tribina \u201ePovratak vojnog roka?\u201c"},"content":{"rendered":"\n<p>Klub studenata Filozofskog fakulteta u Zagrebu (KSFF) organizira u ponedjeljak, 21. listopada 2024. u 20 sati tribinu na temu povratka vojnog roka u Hrvatskoj.<\/p>\n\n\n\n<hr class=\"wp-block-separator\"\/>\n\n\n\n<p>Poziv i plakat KSFF-a:<\/p>\n\n\n\n<p><em>Najave ponovnog uvo\u0111enja vojne obveze proteklih su mjeseci uzburkale javnost i otvorile niz zasad nerazja\u0161njenih tema.<\/em><\/p>\n\n\n\n<p><em>Ho\u0107e li na\u0161i najmla\u0111i kolege od sije\u010dnja mo\u0107i o\u010dekivati pozive za slu\u017eenje vojske? Je li obvezan vojni rok&nbsp;u Hrvatskoj izvediva opcija, i s kakvim posljedicama? Krije li se iza cijele pri\u010de samo dnevnopoliti\u010dki populizam ili se geopoliti\u010dke krize jo\u0161 jednom prelamaju i preko na\u0161ih le\u0111a? Mo\u017eemo li na cijelu situaciju nastaviti sjediti skr\u0161tenih ruku?<\/em><\/p>\n\n\n\n<p><strong><em>Odgovore na ova i brojna druga pitanja poku\u0161at \u0107emo doku\u010diti na tribini \u201cPovratak vojnog roka?\u201d&nbsp;<\/em><\/strong><em>koju za vas organizira Klub studenata Filozofskog fakulteta (KSFF), a na kojoj \u0107e sudjelovati:<\/em><\/p>\n\n\n\n<p><strong>~<\/strong>&nbsp;<strong>Ozren \u017dunec<\/strong><em>, umirovljeni profesor s Odsjeka za sociologiju i stru\u010dnjak za sociologiju vojske i rata<\/em><\/p>\n\n\n\n<p>~&nbsp;<strong>Hrvoje Markovi\u0107<\/strong>,&nbsp;<em>direktor Centra za ekonomsko obrazovanje i pokreta\u010d<\/em> <em>peticije protiv vojne obveze<\/em><\/p>\n\n\n\n<p>~&nbsp;<strong>Franko Burolo<\/strong>,&nbsp;<em>\u010dlan Centra za anarhisti\u010dke studije i anti-militaristi\u010dki aktivist<\/em><\/p>\n\n\n\n<p><strong><em>Ponedjeljak, 21. listopada 2024. u 20 sati, u dvorani D-4<\/em><\/strong><em>\u00a0Filozofskog fakulteta u Zagrebu (Ivana Lu\u010di\u0107a 3).<\/em><\/p>\n\n\n\n<hr class=\"wp-block-separator\"\/>\n\n\n\n<figure class=\"wp-block-image size-large\"><img data-recalc-dims=\"1\" loading=\"lazy\" decoding=\"async\" width=\"742\" height=\"1024\" data-attachment-id=\"42798\" data-permalink=\"https:\/\/historiografija.hr\/?attachment_id=42798\" data-orig-file=\"https:\/\/i0.wp.com\/historiografija.hr\/wp-content\/uploads\/2024\/10\/vojni-rok.png?fit=895%2C1235&amp;ssl=1\" data-orig-size=\"895,1235\" data-comments-opened=\"1\" data-image-meta=\"{&quot;aperture&quot;:&quot;0&quot;,&quot;credit&quot;:&quot;&quot;,&quot;camera&quot;:&quot;&quot;,&quot;caption&quot;:&quot;&quot;,&quot;created_timestamp&quot;:&quot;0&quot;,&quot;copyright&quot;:&quot;&quot;,&quot;focal_length&quot;:&quot;0&quot;,&quot;iso&quot;:&quot;0&quot;,&quot;shutter_speed&quot;:&quot;0&quot;,&quot;title&quot;:&quot;&quot;,&quot;orientation&quot;:&quot;0&quot;}\" data-image-title=\"vojni-rok\" data-image-description=\"\" data-image-caption=\"\" data-large-file=\"https:\/\/i0.wp.com\/historiografija.hr\/wp-content\/uploads\/2024\/10\/vojni-rok.png?fit=742%2C1024&amp;ssl=1\" src=\"https:\/\/i0.wp.com\/historiografija.hr\/wp-content\/uploads\/2024\/10\/vojni-rok.png?resize=742%2C1024&#038;ssl=1\" alt=\"\" class=\"wp-image-42798\" srcset=\"https:\/\/i0.wp.com\/historiografija.hr\/wp-content\/uploads\/2024\/10\/vojni-rok.png?resize=742%2C1024&amp;ssl=1 742w, https:\/\/i0.wp.com\/historiografija.hr\/wp-content\/uploads\/2024\/10\/vojni-rok.png?resize=217%2C300&amp;ssl=1 217w, https:\/\/i0.wp.com\/historiografija.hr\/wp-content\/uploads\/2024\/10\/vojni-rok.png?resize=768%2C1060&amp;ssl=1 768w, https:\/\/i0.wp.com\/historiografija.hr\/wp-content\/uploads\/2024\/10\/vojni-rok.png?w=895&amp;ssl=1 895w\" sizes=\"auto, (max-width: 742px) 100vw, 742px\" \/><\/figure>\n\n\n\n<hr class=\"wp-block-separator\"\/>\n\n\n\n<p>Izvor:<\/p>\n\n\n\n<figure class=\"wp-block-embed-wordpress wp-block-embed is-type-wp-embed is-provider-centar-za-anarhisticke-studije\"><div class=\"wp-block-embed__wrapper\">\n<blockquote class=\"wp-embedded-content\" data-secret=\"0iFQX3EAG6\"><a href=\"https:\/\/anarhizam.info\/events\/ksff-tribina-o-povratku-vojnog-roka\/\">KSFF: Tribina o povratku vojnog roka<\/a><\/blockquote><iframe loading=\"lazy\" class=\"wp-embedded-content\" sandbox=\"allow-scripts\" security=\"restricted\" style=\"position: absolute; clip: rect(1px, 1px, 1px, 1px);\" title=\"&#8220;KSFF: Tribina o povratku vojnog roka&#8221; &#8212; Centar za anarhisti\u010dke studije\" src=\"https:\/\/anarhizam.info\/events\/ksff-tribina-o-povratku-vojnog-roka\/embed\/#?secret=y6tHZCGvJz#?secret=0iFQX3EAG6\" data-secret=\"0iFQX3EAG6\" width=\"600\" height=\"338\" frameborder=\"0\" marginwidth=\"0\" marginheight=\"0\" scrolling=\"no\"><\/iframe>\n<\/div><\/figure>\n\n\n\n<hr class=\"wp-block-separator\"\/>\n","protected":false},"excerpt":{"rendered":"","protected":false},"author":2,"featured_media":42798,"comment_status":"open","ping_status":"open","sticky":false,"template":"","format":"standard","meta":{"_acf_changed":false,"jetpack_post_was_ever_published":false,"_jetpack_newsletter_access":"","_jetpack_dont_email_post_to_subs":false,"_jetpack_newsletter_tier_id":0,"_jetpack_memberships_contains_paywalled_content":false,"_jetpack_memberships_contains_paid_content":false,"footnotes":"","jetpack_publicize_message":"","jetpack_publicize_feature_enabled":true,"jetpack_social_post_already_shared":true,"jetpack_social_options":{"image_generator_settings":{"template":"highway","default_image_id":0,"font":"","enabled":false},"version":2}},"categories":[3],"tags":[],"class_list":["post-42797","post","type-post","status-publish","format-standard","has-post-thumbnail","hentry","category-novosti"],"acf":{"facebook_opis":""},"jetpack_publicize_connections":[],"jetpack_featured_media_url":"https:\/\/i0.wp.com\/historiografija.hr\/wp-content\/uploads\/2024\/10\/vojni-rok.png?fit=895%2C1235&ssl=1","jetpack_sharing_enabled":true,"jetpack-related-posts":[],"_links":{"self":[{"href":"https:\/\/historiografija.hr\/index.php?rest_route=\/wp\/v2\/posts\/42797","targetHints":{"allow":["GET"]}}],"collection":[{"href":"https:\/\/historiografija.hr\/index.php?rest_route=\/wp\/v2\/posts"}],"about":[{"href":"https:\/\/historiografija.hr\/index.php?rest_route=\/wp\/v2\/types\/post"}],"author":[{"embeddable":true,"href":"https:\/\/historiografija.hr\/index.php?rest_route=\/wp\/v2\/users\/2"}],"replies":[{"embeddable":true,"href":"https:\/\/historiografija.hr\/index.php?rest_route=%2Fwp%2Fv2%2Fcomments&post=42797"}],"version-history":[{"count":2,"href":"https:\/\/historiografija.hr\/index.php?rest_route=\/wp\/v2\/posts\/42797\/revisions"}],"predecessor-version":[{"id":42800,"href":"https:\/\/historiografija.hr\/index.php?rest_route=\/wp\/v2\/posts\/42797\/revisions\/42800"}],"wp:featuredmedia":[{"embeddable":true,"href":"https:\/\/historiografija.hr\/index.php?rest_route=\/wp\/v2\/media\/42798"}],"wp:attachment":[{"href":"https:\/\/historiografija.hr\/index.php?rest_route=%2Fwp%2Fv2%2Fmedia&parent=42797"}],"wp:term":[{"taxonomy":"category","embeddable":true,"href":"https:\/\/historiografija.hr\/index.php?rest_route=%2Fwp%2Fv2%2Fcategories&post=42797"},{"taxonomy":"post_tag","embeddable":true,"href":"https:\/\/historiografija.hr\/index.php?rest_route=%2Fwp%2Fv2%2Ftags&post=42797"}],"curies":[{"name":"wp","href":"https:\/\/api.w.org\/{rel}","templated":true}]}}