{"id":42790,"date":"2024-10-18T21:02:35","date_gmt":"2024-10-18T21:02:35","guid":{"rendered":"http:\/\/historiografija.hr\/?p=42790"},"modified":"2024-10-18T21:04:09","modified_gmt":"2024-10-18T21:04:09","slug":"program-mala-skola-devedesetih-moj-dom","status":"publish","type":"post","link":"https:\/\/historiografija.hr\/?p=42790","title":{"rendered":"Program \u201eMala \u0161kola devedesetih. Moj dom\u201c"},"content":{"rendered":"\n<p>Tre\u0107a <strong>Mala \u0161kola devedesetih<\/strong> odr\u017eat \u0107e se u utorak, 22. listopada 2024. od 11 do 14 sati u Konferencijskoj dvorani Knji\u017enice Filozofskoga fakulteta u Zagrebu.<\/p>\n\n\n\n<hr class=\"wp-block-separator\"\/>\n\n\n\n<p>Raspored doga\u0111anja:<\/p>\n\n\n\n<hr class=\"wp-block-separator\"\/>\n\n\n\n<p>11:00 \u2013 12:00 <strong>Pamtimo samo sretne dane: produkcija i recepcija dru\u0161tvenih sje\u0107anja o devedesetima<\/strong><\/p>\n\n\n\n<p>Branimir Jankovi\u0107, Filozofski fakultet Sveu\u010dili\u0161ta u Zagrebu<\/p>\n\n\n\n<p>Anja Gvozdanovi\u0107, Institut za dru\u0161tvena istra\u017eivanja u Zagrebu<\/p>\n\n\n\n<p>Helena Strugar, Gimnazija Lucijana Vranjanina Zagreb<\/p>\n\n\n\n<hr class=\"wp-block-separator\"\/>\n\n\n\n<p>12:00 \u2013 12:50 <strong>Bilje\u017eenje smrti: od ratnih devedesetih do balkanske rute<\/strong><\/p>\n\n\n\n<p>Nikola Mokrovi\u0107, Documenta \u2013 Centar za suo\u010davanje s pro\u0161lo\u0161\u0107u<\/p>\n\n\n\n<p>Marijana Hamer\u0161ak, Institut za etnologiju i folkloristiku<\/p>\n\n\n\n<hr class=\"wp-block-separator\"\/>\n\n\n\n<p>13:00 \u2013 14:00 <strong>Na\u0161i domovi: duga putovanja, profesionalni pomaga\u010di i ranjiva sje\u0107anja<\/strong><\/p>\n\n\n\n<p>Petar Bagari\u0107, Institut za etnologiju i folkloristiku<\/p>\n\n\n\n<p>Orlanda Obad, Institut za etnologiju i folkloristiku<\/p>\n\n\n\n<p>film Davora Marinkovi\u0107a \u201eEndless Holiday\u201c (26&#8242;)<\/p>\n\n\n\n<hr class=\"wp-block-separator\"\/>\n\n\n\n<p>Program organiziraju Petar Bagari\u0107 i Orlanda Obad iz Instituta za etnologiju i folkloristiku u Zagrebu.<\/p>\n\n\n\n<hr class=\"wp-block-separator\"\/>\n\n\n\n<p>Program se odvija u sklopu projekta <strong>MOJ DOM: Refugees, migration and erased memories in the aftermath of Yugoslav wars<\/strong> (2023. \u2013 2024., Citizens, Equality, Rights and Values programme), koji okuplja civilnodru\u0161tvene, umjetni\u010dke i znanstvene organizacije iz Njema\u010dke, Italije, Slovenije i Hrvatske.<\/p>\n\n\n\n<p>Funded by the European Union. Views and opinions expressed are however those of the author(s) only and do not necessarily reflect those of the European Union or CERV. Neither the European Union nor the granting authority can be held responsible for them.<\/p>\n\n\n\n<hr class=\"wp-block-separator\"\/>\n\n\n\n<div class=\"wp-block-file\"><a href=\"https:\/\/historiografija.hr\/wp-content\/uploads\/2024\/10\/Najava.pdf\">Najava<\/a><a href=\"https:\/\/historiografija.hr\/wp-content\/uploads\/2024\/10\/Najava.pdf\" class=\"wp-block-file__button\" download>Preuzmi<\/a><\/div>\n\n\n\n<div class=\"wp-block-file\"><a href=\"https:\/\/historiografija.hr\/wp-content\/uploads\/2024\/10\/Program.pdf\">Program<\/a><a href=\"https:\/\/historiografija.hr\/wp-content\/uploads\/2024\/10\/Program.pdf\" class=\"wp-block-file__button\" download>Preuzmi<\/a><\/div>\n\n\n\n<hr class=\"wp-block-separator\"\/>\n","protected":false},"excerpt":{"rendered":"","protected":false},"author":2,"featured_media":42793,"comment_status":"open","ping_status":"open","sticky":false,"template":"","format":"standard","meta":{"_acf_changed":false,"jetpack_post_was_ever_published":false,"_jetpack_newsletter_access":"","_jetpack_dont_email_post_to_subs":false,"_jetpack_newsletter_tier_id":0,"_jetpack_memberships_contains_paywalled_content":false,"_jetpack_memberships_contains_paid_content":false,"footnotes":"","jetpack_publicize_message":"","jetpack_publicize_feature_enabled":true,"jetpack_social_post_already_shared":true,"jetpack_social_options":{"image_generator_settings":{"template":"highway","default_image_id":0,"font":"","enabled":false},"version":2}},"categories":[3],"tags":[],"class_list":["post-42790","post","type-post","status-publish","format-standard","has-post-thumbnail","hentry","category-novosti"],"acf":{"facebook_opis":""},"jetpack_publicize_connections":[],"jetpack_featured_media_url":"https:\/\/i0.wp.com\/historiografija.hr\/wp-content\/uploads\/2024\/10\/Vizual.jpg?fit=2048%2C1070&ssl=1","jetpack_sharing_enabled":true,"jetpack-related-posts":[],"_links":{"self":[{"href":"https:\/\/historiografija.hr\/index.php?rest_route=\/wp\/v2\/posts\/42790","targetHints":{"allow":["GET"]}}],"collection":[{"href":"https:\/\/historiografija.hr\/index.php?rest_route=\/wp\/v2\/posts"}],"about":[{"href":"https:\/\/historiografija.hr\/index.php?rest_route=\/wp\/v2\/types\/post"}],"author":[{"embeddable":true,"href":"https:\/\/historiografija.hr\/index.php?rest_route=\/wp\/v2\/users\/2"}],"replies":[{"embeddable":true,"href":"https:\/\/historiografija.hr\/index.php?rest_route=%2Fwp%2Fv2%2Fcomments&post=42790"}],"version-history":[{"count":2,"href":"https:\/\/historiografija.hr\/index.php?rest_route=\/wp\/v2\/posts\/42790\/revisions"}],"predecessor-version":[{"id":42796,"href":"https:\/\/historiografija.hr\/index.php?rest_route=\/wp\/v2\/posts\/42790\/revisions\/42796"}],"wp:featuredmedia":[{"embeddable":true,"href":"https:\/\/historiografija.hr\/index.php?rest_route=\/wp\/v2\/media\/42793"}],"wp:attachment":[{"href":"https:\/\/historiografija.hr\/index.php?rest_route=%2Fwp%2Fv2%2Fmedia&parent=42790"}],"wp:term":[{"taxonomy":"category","embeddable":true,"href":"https:\/\/historiografija.hr\/index.php?rest_route=%2Fwp%2Fv2%2Fcategories&post=42790"},{"taxonomy":"post_tag","embeddable":true,"href":"https:\/\/historiografija.hr\/index.php?rest_route=%2Fwp%2Fv2%2Ftags&post=42790"}],"curies":[{"name":"wp","href":"https:\/\/api.w.org\/{rel}","templated":true}]}}