{"id":42785,"date":"2024-10-18T20:42:57","date_gmt":"2024-10-18T20:42:57","guid":{"rendered":"http:\/\/historiografija.hr\/?p=42785"},"modified":"2024-10-18T20:42:57","modified_gmt":"2024-10-18T20:42:57","slug":"predavanja-marte-verginelle-i-milana-ristovica-na-humboldtovom-sveucilistu-u-berlinu","status":"publish","type":"post","link":"https:\/\/historiografija.hr\/?p=42785","title":{"rendered":"Predavanja Marte Verginelle i Milana Ristovi\u0107a na Humboldtovom sveu\u010dili\u0161tu u Berlinu"},"content":{"rendered":"\n<p>U petak, 18. listopada 2024. na Humboldtovom sveu\u010dili\u0161tu u Berlinu predavanja dr\u017ee Marta Verginella i Milan Ristovi\u0107. Vi\u0161e u nastavku.<\/p>\n\n\n\n<hr class=\"wp-block-separator\"\/>\n\n\n\n<p><strong>Berliner Forschungskolloquium S\u00fcdosteuropa<\/strong><\/p>\n\n\n\n<p>Marta Verginella: Women, Nationalism, and Social Networks in the Habsburg Monarchy, 1848\u20131918<\/p>\n\n\n\n<p>Milan Ristovi\u0107: Mussolini ante portas. Der italienische Faschismus und die jugoslawische Nachbarschaft (1919-1925)<\/p>\n\n\n\n<p>In Zusammenarbeit mit der S\u00fcdosteuropa-Gesellschaft, Zweigstelle Berlin<\/p>\n\n\n\n<hr class=\"wp-block-separator\"\/>\n\n\n\n<p>18.10.24, Freitag<\/p>\n\n\n\n<p>14:15 Uhr<\/p>\n\n\n\n<p>DOR24, 1.402<\/p>\n\n\n\n<hr class=\"wp-block-separator\"\/>\n\n\n\n<p>Humboldt-Universit\u00e4t zu Berlin<\/p>\n\n\n\n<p>Lehrstuhl f\u00fcr S\u00fcdosteurop\u00e4ische Geschichte<\/p>\n\n\n\n<hr class=\"wp-block-separator\"\/>\n\n\n\n<p><a href=\"https:\/\/www.geschichte.hu-berlin.de\/de\/bereiche-und-lehrstuehle\/gesuedosteu\/aktuelles\">https:\/\/www.geschichte.hu-berlin.de\/de\/bereiche-und-lehrstuehle\/gesuedosteu\/aktuelles<\/a><\/p>\n\n\n\n<hr class=\"wp-block-separator\"\/>\n","protected":false},"excerpt":{"rendered":"","protected":false},"author":2,"featured_media":5155,"comment_status":"open","ping_status":"open","sticky":false,"template":"","format":"standard","meta":{"_acf_changed":false,"jetpack_post_was_ever_published":false,"_jetpack_newsletter_access":"","_jetpack_dont_email_post_to_subs":false,"_jetpack_newsletter_tier_id":0,"_jetpack_memberships_contains_paywalled_content":false,"_jetpack_memberships_contains_paid_content":false,"footnotes":"","jetpack_publicize_message":"","jetpack_publicize_feature_enabled":true,"jetpack_social_post_already_shared":true,"jetpack_social_options":{"image_generator_settings":{"template":"highway","default_image_id":0,"font":"","enabled":false},"version":2}},"categories":[3],"tags":[],"class_list":["post-42785","post","type-post","status-publish","format-standard","has-post-thumbnail","hentry","category-novosti"],"acf":{"facebook_opis":""},"jetpack_publicize_connections":[],"jetpack_featured_media_url":"https:\/\/i0.wp.com\/historiografija.hr\/wp-content\/uploads\/2017\/07\/Huberlin-logo_svg.png?fit=1024%2C1024&ssl=1","jetpack_sharing_enabled":true,"jetpack-related-posts":[],"_links":{"self":[{"href":"https:\/\/historiografija.hr\/index.php?rest_route=\/wp\/v2\/posts\/42785","targetHints":{"allow":["GET"]}}],"collection":[{"href":"https:\/\/historiografija.hr\/index.php?rest_route=\/wp\/v2\/posts"}],"about":[{"href":"https:\/\/historiografija.hr\/index.php?rest_route=\/wp\/v2\/types\/post"}],"author":[{"embeddable":true,"href":"https:\/\/historiografija.hr\/index.php?rest_route=\/wp\/v2\/users\/2"}],"replies":[{"embeddable":true,"href":"https:\/\/historiografija.hr\/index.php?rest_route=%2Fwp%2Fv2%2Fcomments&post=42785"}],"version-history":[{"count":1,"href":"https:\/\/historiografija.hr\/index.php?rest_route=\/wp\/v2\/posts\/42785\/revisions"}],"predecessor-version":[{"id":42786,"href":"https:\/\/historiografija.hr\/index.php?rest_route=\/wp\/v2\/posts\/42785\/revisions\/42786"}],"wp:featuredmedia":[{"embeddable":true,"href":"https:\/\/historiografija.hr\/index.php?rest_route=\/wp\/v2\/media\/5155"}],"wp:attachment":[{"href":"https:\/\/historiografija.hr\/index.php?rest_route=%2Fwp%2Fv2%2Fmedia&parent=42785"}],"wp:term":[{"taxonomy":"category","embeddable":true,"href":"https:\/\/historiografija.hr\/index.php?rest_route=%2Fwp%2Fv2%2Fcategories&post=42785"},{"taxonomy":"post_tag","embeddable":true,"href":"https:\/\/historiografija.hr\/index.php?rest_route=%2Fwp%2Fv2%2Ftags&post=42785"}],"curies":[{"name":"wp","href":"https:\/\/api.w.org\/{rel}","templated":true}]}}