{"id":42774,"date":"2024-10-17T21:37:36","date_gmt":"2024-10-17T21:37:36","guid":{"rendered":"http:\/\/historiografija.hr\/?p=42774"},"modified":"2024-10-17T21:37:36","modified_gmt":"2024-10-17T21:37:36","slug":"umro-sociolog-esad-cimic-1931-2024","status":"publish","type":"post","link":"https:\/\/historiografija.hr\/?p=42774","title":{"rendered":"Umro sociolog Esad \u0106imi\u0107 (1931-2024)"},"content":{"rendered":"\n<p>U Zagrebu je 6. listopada 2024. umro Esad \u0106imi\u0107, sociolog religije, \u010dije je bavljenje problematikom odnosa socijalizma i religije izazivalo veliku pozornost za vrijeme socijalisti\u010dke Jugoslavije, ali i zabranu knjige \u201e\u010covjek na raskr\u0161\u0107u\u201c 1975. godine. O svom slu\u010daju \u201emoralno-politi\u010dke nepodobnosti\u201c, pra\u0107enom gubitkom profesorskog mjesta na Filozofskom fakultetu u Sarajevu, pisao je 1983. godine u knjizi \u201ePolitika kao sudbina \u2013 prilog fenomenologiji politi\u010dkog stradala\u0161tva\u201c.<\/p>\n\n\n\n<hr class=\"wp-block-separator\"\/>\n\n\n\n<p>Op\u0161irnije:<\/p>\n\n\n\n<p><a href=\"https:\/\/www.unizd.hr\/obavijesti\/view\/preminuo-profesor-emeritus-esad-cimic\">https:\/\/www.unizd.hr\/obavijesti\/view\/preminuo-profesor-emeritus-esad-cimic<\/a><\/p>\n\n\n\n<figure class=\"wp-block-embed-wordpress wp-block-embed is-type-wp-embed is-provider-institut-drustvenih-znanosti-ivo-pilar\"><div class=\"wp-block-embed__wrapper\">\n<blockquote class=\"wp-embedded-content\" data-secret=\"BtAAZ7jFDu\"><a href=\"https:\/\/www.pilar.hr\/2024\/10\/in-memoriam-professor-emeritus-esad-cimic-1931-2024\/\">In memoriam: professor emeritus Esad \u0106imi\u0107 (1931. \u2013 2024.)<\/a><\/blockquote><iframe loading=\"lazy\" class=\"wp-embedded-content\" sandbox=\"allow-scripts\" security=\"restricted\" style=\"position: absolute; clip: rect(1px, 1px, 1px, 1px);\" title=\"&#8220;In memoriam: professor emeritus Esad \u0106imi\u0107 (1931. \u2013 2024.)&#8221; &#8212; Institut dru\u0161tvenih znanosti Ivo Pilar\" src=\"https:\/\/www.pilar.hr\/2024\/10\/in-memoriam-professor-emeritus-esad-cimic-1931-2024\/embed\/#?secret=6g2jJJJA5I#?secret=BtAAZ7jFDu\" data-secret=\"BtAAZ7jFDu\" width=\"600\" height=\"338\" frameborder=\"0\" marginwidth=\"0\" marginheight=\"0\" scrolling=\"no\"><\/iframe>\n<\/div><\/figure>\n\n\n\n<figure class=\"wp-block-embed-wordpress wp-block-embed is-type-wp-embed is-provider-hrvatsko-sociolosko-drustvo\"><div class=\"wp-block-embed__wrapper\">\n<blockquote class=\"wp-embedded-content\" data-secret=\"wZSlL19Bg8\"><a href=\"https:\/\/hsd.hr\/2024\/10\/15\/tuzna-vijest-3\/\">Tu\u017ena vijest<\/a><\/blockquote><iframe loading=\"lazy\" class=\"wp-embedded-content\" sandbox=\"allow-scripts\" security=\"restricted\" style=\"position: absolute; clip: rect(1px, 1px, 1px, 1px);\" title=\"&#8220;Tu\u017ena vijest&#8221; &#8212; Hrvatsko sociolo\u0161ko dru\u0161tvo\" src=\"https:\/\/hsd.hr\/2024\/10\/15\/tuzna-vijest-3\/embed\/#?secret=d2QdnyhX1J#?secret=wZSlL19Bg8\" data-secret=\"wZSlL19Bg8\" width=\"600\" height=\"338\" frameborder=\"0\" marginwidth=\"0\" marginheight=\"0\" scrolling=\"no\"><\/iframe>\n<\/div><\/figure>\n\n\n\n<figure class=\"wp-block-embed-wordpress wp-block-embed is-type-wp-embed is-provider-sociologija-hr\"><div class=\"wp-block-embed__wrapper\">\n<blockquote class=\"wp-embedded-content\" data-secret=\"3ymDX1ylh1\"><a href=\"https:\/\/sociologija.hr\/2024\/10\/14\/in-memoriam-profesoru-esadu-cimicu\/\">In memoriam profesoru Esadu \u0106imi\u0107u<\/a><\/blockquote><iframe loading=\"lazy\" class=\"wp-embedded-content\" sandbox=\"allow-scripts\" security=\"restricted\" style=\"position: absolute; clip: rect(1px, 1px, 1px, 1px);\" title=\"&#8220;In memoriam profesoru Esadu \u0106imi\u0107u&#8221; &#8212; Sociologija.hr\" src=\"https:\/\/sociologija.hr\/2024\/10\/14\/in-memoriam-profesoru-esadu-cimicu\/embed\/#?secret=LvA2nWwYZK#?secret=3ymDX1ylh1\" data-secret=\"3ymDX1ylh1\" width=\"600\" height=\"338\" frameborder=\"0\" marginwidth=\"0\" marginheight=\"0\" scrolling=\"no\"><\/iframe>\n<\/div><\/figure>\n\n\n\n<hr class=\"wp-block-separator\"\/>\n","protected":false},"excerpt":{"rendered":"","protected":false},"author":2,"featured_media":42775,"comment_status":"open","ping_status":"open","sticky":false,"template":"","format":"standard","meta":{"_acf_changed":false,"jetpack_post_was_ever_published":false,"_jetpack_newsletter_access":"","_jetpack_dont_email_post_to_subs":false,"_jetpack_newsletter_tier_id":0,"_jetpack_memberships_contains_paywalled_content":false,"_jetpack_memberships_contains_paid_content":false,"footnotes":"","jetpack_publicize_message":"","jetpack_publicize_feature_enabled":true,"jetpack_social_post_already_shared":true,"jetpack_social_options":{"image_generator_settings":{"template":"highway","default_image_id":0,"font":"","enabled":false},"version":2}},"categories":[3,20],"tags":[],"class_list":["post-42774","post","type-post","status-publish","format-standard","has-post-thumbnail","hentry","category-novosti","category-obavijesti-o-smrti-i-nekrolozi"],"acf":{"facebook_opis":""},"jetpack_publicize_connections":[],"jetpack_featured_media_url":"https:\/\/i0.wp.com\/historiografija.hr\/wp-content\/uploads\/2024\/10\/%C4%86imi%C4%87.png?fit=625%2C625&ssl=1","jetpack_sharing_enabled":true,"jetpack-related-posts":[],"_links":{"self":[{"href":"https:\/\/historiografija.hr\/index.php?rest_route=\/wp\/v2\/posts\/42774","targetHints":{"allow":["GET"]}}],"collection":[{"href":"https:\/\/historiografija.hr\/index.php?rest_route=\/wp\/v2\/posts"}],"about":[{"href":"https:\/\/historiografija.hr\/index.php?rest_route=\/wp\/v2\/types\/post"}],"author":[{"embeddable":true,"href":"https:\/\/historiografija.hr\/index.php?rest_route=\/wp\/v2\/users\/2"}],"replies":[{"embeddable":true,"href":"https:\/\/historiografija.hr\/index.php?rest_route=%2Fwp%2Fv2%2Fcomments&post=42774"}],"version-history":[{"count":1,"href":"https:\/\/historiografija.hr\/index.php?rest_route=\/wp\/v2\/posts\/42774\/revisions"}],"predecessor-version":[{"id":42776,"href":"https:\/\/historiografija.hr\/index.php?rest_route=\/wp\/v2\/posts\/42774\/revisions\/42776"}],"wp:featuredmedia":[{"embeddable":true,"href":"https:\/\/historiografija.hr\/index.php?rest_route=\/wp\/v2\/media\/42775"}],"wp:attachment":[{"href":"https:\/\/historiografija.hr\/index.php?rest_route=%2Fwp%2Fv2%2Fmedia&parent=42774"}],"wp:term":[{"taxonomy":"category","embeddable":true,"href":"https:\/\/historiografija.hr\/index.php?rest_route=%2Fwp%2Fv2%2Fcategories&post=42774"},{"taxonomy":"post_tag","embeddable":true,"href":"https:\/\/historiografija.hr\/index.php?rest_route=%2Fwp%2Fv2%2Ftags&post=42774"}],"curies":[{"name":"wp","href":"https:\/\/api.w.org\/{rel}","templated":true}]}}