{"id":42770,"date":"2024-10-17T21:04:45","date_gmt":"2024-10-17T21:04:45","guid":{"rendered":"http:\/\/historiografija.hr\/?p=42770"},"modified":"2024-10-17T21:05:23","modified_gmt":"2024-10-17T21:05:23","slug":"predavanje-sanje-horvatincic-i-luje-parezanina-slovo-papir-kuca-o-materijalnim-uvjetima-propagandne-stanice","status":"publish","type":"post","link":"https:\/\/historiografija.hr\/?p=42770","title":{"rendered":"Predavanje Sanje Horvatin\u010di\u0107 i Luje Pare\u017eanina \u201eSlovo, papir, ku\u0107a: o materijalnim uvjetima propagandne stanice\u201c"},"content":{"rendered":"\n<p>Predavanje Sanje Horvatin\u010di\u0107 i Luje Pare\u017eanina \u201eSlovo, papir, ku\u0107a: o materijalnim uvjetima propagandne stanice\u201c odr\u017eat \u0107e se u petak, 18. listopada 2024. u 18 sati u Muzeju suvremene umjetnosti u Zagrebu kao dio programa uz izlo\u017ebu \u201ePropagandna stanica\u201c Jonasa Staala.<\/p>\n\n\n\n<hr class=\"wp-block-separator\"\/>\n\n\n\n<p>Slovo, papir, ku\u0107a: o materijalnim uvjetima propagandne stanice program je koji se odvija 18. listopada u sklopu \u0160kole propagande u Black Boxu, uz izlo\u017ebu Propagandna stanica Jonasa Staala (koja je otvorena do 20. listopada). Narodnooslobodila\u010dka borba nerijetko se pojavljuje se kao referenca suvremenim praksama otpora poput feministi\u010dkih borbi, antifa\u0161isti\u010dkih kampanja i kampanja solidarnosti s potla\u010denim narodima. Pritom se \u010desto pose\u017ee za razli\u010ditim vizualnim ili tekstualnim reprezentacijama NOB-a, poput fotografija, parola, pjesama ili grafika tiskanih u ratnim uvjetima. Njihova suvremena uporaba, me\u0111utim, mo\u017ee voditi feti\u0161izaciji koja izvr\u0107e imanentno propagandnu svrhu tog materijala: letak kao potro\u0161ni materijal; crte\u017e kao jedini na\u010din dokumentacije stvarnosti; pjesma kao ritam koji olak\u0161ava vojni\u010dki mar\u0161; fotografija kao informacija za nepismene. Ako propagandu \u017eelimo razumjeti kao va\u017ean dio povijesti emancipacijske politike i vitalno oru\u017eje antifa\u0161isti\u010dke borbe, njezine ozna\u010ditelje valja uzemljiti u specifi\u010dne proizvodne odnose Narodnooslobodila\u010dkog pokreta.&nbsp;<\/p>\n\n\n\n<p><a href=\"http:\/\/www.msu.hr\/upload\/dogadanja\/2024\/10\/2024-10-14\/1587\/na6588.jpg\"><\/a><\/p>\n\n\n\n<p>Ne kako bismo ih udaljili od suvremenih borbi, ve\u0107 upravo suprotno \u2013 da bismo kriti\u010dki sagledali subjekte i materijalne uvijete politi\u010dke propagande danas. Razotkrivaju\u0107i organizaciju i prekarnost fizi\u010dkog rada na tiskovinama i letcima u \u0161tampariji usred \u0161ume otvaramo pogled na danas uvelike prevazi\u0111ene tehnologije. I dok nas fizi\u010dki kontakt sa slovom, papirom i ku\u0107om partizanskog &#8220;Agitpropa&#8221; nesumnjivo fascinira, on ujedno facilitira materijalisti\u010dko \u010ditanje propagande i njenih proizvodnih odnosa u suvremenom trenutku opasnosti. Papir, slovo i ku\u0107a pitaju: \u0161to smo danas, gdje smo, tko nas koristi?<\/p>\n\n\n\n<hr class=\"wp-block-separator\"\/>\n\n\n\n<p>Predavanje: Sanja Horvatin\u010di\u0107 i Lujo Pare\u017eanin<\/p>\n\n\n\n<hr class=\"wp-block-separator\"\/>\n\n\n\n<p>Ilustracija:<br>* Metalna tipografska slova na\u0111ena 2021. na lokalitetu &#8220;Agitprop&#8221; (Javornica kod Dre\u017enice) u sklopu arheolo\u0161kih istra\u017eivanja na projektu <a href=\"https:\/\/www.ipu.hr\/article\/en\/761\/heritage-from-below-dreznica-traces-and-memories-1941-1945\">Ba\u0161tina odozdo | Dre\u017enica: Tragovi i sje\u0107anja 1941.-1945.<\/a>\u00a0<br><\/p>\n\n\n\n<hr class=\"wp-block-separator\"\/>\n\n\n\n<p>\u0160kola propagande\u00a0<br><strong><em>Slovo, papir, ku\u0107a: o materijalnim uvjetima propagandne stanice\u00a0<\/em><\/strong><br>Sanja Horvatin\u010di\u0107 i Lujo Pare\u017eanin<br>Propagandna stanica, 18.10. u 18 h<\/p>\n\n\n\n<hr class=\"wp-block-separator\"\/>\n\n\n\n<p>Izvor:<\/p>\n\n\n\n<p><a href=\"http:\/\/www.msu.hr\/dogadanja\/slovo-papir-kuca-o-materijalnim-uvjetima-propagandne-stanice\/1587.html\">http:\/\/www.msu.hr\/dogadanja\/slovo-papir-kuca-o-materijalnim-uvjetima-propagandne-stanice\/1587.html<\/a><\/p>\n\n\n\n<hr class=\"wp-block-separator\"\/>\n","protected":false},"excerpt":{"rendered":"","protected":false},"author":2,"featured_media":42771,"comment_status":"open","ping_status":"open","sticky":false,"template":"","format":"standard","meta":{"_acf_changed":false,"jetpack_post_was_ever_published":false,"_jetpack_newsletter_access":"","_jetpack_dont_email_post_to_subs":false,"_jetpack_newsletter_tier_id":0,"_jetpack_memberships_contains_paywalled_content":false,"_jetpack_memberships_contains_paid_content":false,"footnotes":"","jetpack_publicize_message":"","jetpack_publicize_feature_enabled":true,"jetpack_social_post_already_shared":true,"jetpack_social_options":{"image_generator_settings":{"template":"highway","default_image_id":0,"font":"","enabled":false},"version":2}},"categories":[3],"tags":[],"class_list":["post-42770","post","type-post","status-publish","format-standard","has-post-thumbnail","hentry","category-novosti"],"acf":{"facebook_opis":""},"jetpack_publicize_connections":[],"jetpack_featured_media_url":"https:\/\/i0.wp.com\/historiografija.hr\/wp-content\/uploads\/2024\/10\/Predavanje_24.jpg?fit=1280%2C960&ssl=1","jetpack_sharing_enabled":true,"jetpack-related-posts":[],"_links":{"self":[{"href":"https:\/\/historiografija.hr\/index.php?rest_route=\/wp\/v2\/posts\/42770","targetHints":{"allow":["GET"]}}],"collection":[{"href":"https:\/\/historiografija.hr\/index.php?rest_route=\/wp\/v2\/posts"}],"about":[{"href":"https:\/\/historiografija.hr\/index.php?rest_route=\/wp\/v2\/types\/post"}],"author":[{"embeddable":true,"href":"https:\/\/historiografija.hr\/index.php?rest_route=\/wp\/v2\/users\/2"}],"replies":[{"embeddable":true,"href":"https:\/\/historiografija.hr\/index.php?rest_route=%2Fwp%2Fv2%2Fcomments&post=42770"}],"version-history":[{"count":2,"href":"https:\/\/historiografija.hr\/index.php?rest_route=\/wp\/v2\/posts\/42770\/revisions"}],"predecessor-version":[{"id":42773,"href":"https:\/\/historiografija.hr\/index.php?rest_route=\/wp\/v2\/posts\/42770\/revisions\/42773"}],"wp:featuredmedia":[{"embeddable":true,"href":"https:\/\/historiografija.hr\/index.php?rest_route=\/wp\/v2\/media\/42771"}],"wp:attachment":[{"href":"https:\/\/historiografija.hr\/index.php?rest_route=%2Fwp%2Fv2%2Fmedia&parent=42770"}],"wp:term":[{"taxonomy":"category","embeddable":true,"href":"https:\/\/historiografija.hr\/index.php?rest_route=%2Fwp%2Fv2%2Fcategories&post=42770"},{"taxonomy":"post_tag","embeddable":true,"href":"https:\/\/historiografija.hr\/index.php?rest_route=%2Fwp%2Fv2%2Ftags&post=42770"}],"curies":[{"name":"wp","href":"https:\/\/api.w.org\/{rel}","templated":true}]}}