{"id":42760,"date":"2024-10-17T20:32:24","date_gmt":"2024-10-17T20:32:24","guid":{"rendered":"http:\/\/historiografija.hr\/?p=42760"},"modified":"2024-10-17T20:32:24","modified_gmt":"2024-10-17T20:32:24","slug":"iz-zajednicke-hrvatsko-ceske-vojne-povijesti-predavanje-o-generalu-franji-filipovicu","status":"publish","type":"post","link":"https:\/\/historiografija.hr\/?p=42760","title":{"rendered":"\u201cIz zajedni\u010dke hrvatsko-\u010de\u0161ke vojne povijesti\u201d: predavanje o generalu Franji Filipovi\u0107u"},"content":{"rendered":"\n<p>Hrvatsko-\u010de\u0161ko dru\u0161tvo poziva vas na predavanje u sklopu ciklusa \u201eIz zajedni\u010dke hrvatsko-\u010de\u0161ke vojne povijesti\u201c: General Franjo Filipovi\u0107, vojni zapovjednik Moravske (1874. \u2013 1877.), koje \u0107e odr\u017eati Boris Trnski u ponedjeljak 21. listopada 2024. u 19 sati u \u010ce\u0161kom narodnom domu u Zagrebu, Pavla \u0160ubi\u0107a 20 (1. kat).<\/p>\n\n\n\n<hr class=\"wp-block-separator\"\/>\n\n\n\n<p>Franjo Filipovi\u0107 ro\u0111en je 12. listopada 1820. u Li\u010dkom Novom. Zavr\u0161io je vojnu \u0161kolu u Tullnu i 1836. stupio kao kadet u vojnu slu\u017ebu. Godine 1839. postao je potporu\u010dnik, 1844. poru\u010dnik, 1848. natporu\u010dnik, 1854. potpukovnik, 1856. pukovnik, 1862. general bojnik, 1865. podmar\u0161al, a 1874. general topni\u0161tva. Tijekom 1848. sudjelovao je u borbama u Italiji i Ugarskoj te se istaknuo pri zauzimanju Temi\u0161vara i bio odlikovan s dva austrijska i jednim ruskim odlikovanjem. Nakon toga slu\u017eio je u Be\u010du na raznim du\u017enostima u vojnom zapovjedni\u0161tvu, a 1859. sudjelovao je u bitci kod Solferina. Idu\u0107e godine potvrdio je titulu baruna s pridjevom \u201evon Philipsberg\u201c koju je dobio jo\u0161 njegov pradjed Ilija. Franjo Filipovi\u0107 je 1862. imenovan zapovjednikom brigade i tvr\u0111ave u Dubrovniku, a 1865. carskim namjesnikom za Dalmaciju. Branio je interese Hrvata i suprotstavljao se austrijskoj politici oslonca na autonoma\u0161e, zbog \u010dega je 1868. opozvan i premje\u0161ten za vojnog zapovjednika u Ko\u0161ice. Od 1874. do 1877. bio je vojni zapovjednik Moravske i \u0160leske sa sjedi\u0161tem u Brnu, a tu je du\u017enost preuzeo od svog brata Josipa koji je bio premje\u0161ten u Prag na mjesto vojnog zapovjednika \u010ce\u0161ke. Od 1877. bio je upravitelj Vojne granice sa sjedi\u0161tem u Zagrebu te je 1878. s hrvatskim vojnicima sudjelovao u zaposjedanju Bosne i Hercegovine koje je predvodio njegov brat Josip. Umirovljen je 1881., a 1883. bio je kandidat za hrvatskog bana. Umro je 8. lipnja 1903. u Be\u010du gdje je i pokopan.<\/p>\n\n\n\n<p>Ciklusom predavanja <em>Iz zajedni\u010dke hrvatsko-\u010de\u0161ke vojne povijesti<\/em> Hrvatsko-\u010de\u0161ko dru\u0161tvo \u017eeli podsjetiti na zna\u010dajne, ali zanemarene osobe i doga\u0111aje s podru\u010dja vojne povijesti koji povezuju Hrvate i \u010cehe, a time ujedno obilje\u017eiti 15. godi\u0161njicu \u010dlanstva Hrvatske i 25. godi\u0161njicu \u010dlanstva \u010ce\u0161ke u NATO-u.&nbsp;<\/p>\n\n\n\n<p>Predavanje se odr\u017eava uz potporu Ministarstva vanjskih i europskih poslova Republike Hrvatske<\/p>\n\n\n\n<hr class=\"wp-block-separator\"\/>\n","protected":false},"excerpt":{"rendered":"","protected":false},"author":2,"featured_media":42761,"comment_status":"open","ping_status":"open","sticky":false,"template":"","format":"standard","meta":{"_acf_changed":false,"jetpack_post_was_ever_published":false,"_jetpack_newsletter_access":"","_jetpack_dont_email_post_to_subs":false,"_jetpack_newsletter_tier_id":0,"_jetpack_memberships_contains_paywalled_content":false,"_jetpack_memberships_contains_paid_content":false,"footnotes":"","jetpack_publicize_message":"","jetpack_publicize_feature_enabled":true,"jetpack_social_post_already_shared":true,"jetpack_social_options":{"image_generator_settings":{"template":"highway","default_image_id":0,"font":"","enabled":false},"version":2}},"categories":[3],"tags":[],"class_list":["post-42760","post","type-post","status-publish","format-standard","has-post-thumbnail","hentry","category-novosti"],"acf":{"facebook_opis":""},"jetpack_publicize_connections":[],"jetpack_featured_media_url":"https:\/\/i0.wp.com\/historiografija.hr\/wp-content\/uploads\/2024\/10\/F_Filipovi%C4%87.jpg?fit=394%2C512&ssl=1","jetpack_sharing_enabled":true,"jetpack-related-posts":[],"_links":{"self":[{"href":"https:\/\/historiografija.hr\/index.php?rest_route=\/wp\/v2\/posts\/42760","targetHints":{"allow":["GET"]}}],"collection":[{"href":"https:\/\/historiografija.hr\/index.php?rest_route=\/wp\/v2\/posts"}],"about":[{"href":"https:\/\/historiografija.hr\/index.php?rest_route=\/wp\/v2\/types\/post"}],"author":[{"embeddable":true,"href":"https:\/\/historiografija.hr\/index.php?rest_route=\/wp\/v2\/users\/2"}],"replies":[{"embeddable":true,"href":"https:\/\/historiografija.hr\/index.php?rest_route=%2Fwp%2Fv2%2Fcomments&post=42760"}],"version-history":[{"count":1,"href":"https:\/\/historiografija.hr\/index.php?rest_route=\/wp\/v2\/posts\/42760\/revisions"}],"predecessor-version":[{"id":42762,"href":"https:\/\/historiografija.hr\/index.php?rest_route=\/wp\/v2\/posts\/42760\/revisions\/42762"}],"wp:featuredmedia":[{"embeddable":true,"href":"https:\/\/historiografija.hr\/index.php?rest_route=\/wp\/v2\/media\/42761"}],"wp:attachment":[{"href":"https:\/\/historiografija.hr\/index.php?rest_route=%2Fwp%2Fv2%2Fmedia&parent=42760"}],"wp:term":[{"taxonomy":"category","embeddable":true,"href":"https:\/\/historiografija.hr\/index.php?rest_route=%2Fwp%2Fv2%2Fcategories&post=42760"},{"taxonomy":"post_tag","embeddable":true,"href":"https:\/\/historiografija.hr\/index.php?rest_route=%2Fwp%2Fv2%2Ftags&post=42760"}],"curies":[{"name":"wp","href":"https:\/\/api.w.org\/{rel}","templated":true}]}}