{"id":42752,"date":"2024-10-16T21:48:13","date_gmt":"2024-10-16T21:48:13","guid":{"rendered":"http:\/\/historiografija.hr\/?p=42752"},"modified":"2024-10-16T21:48:49","modified_gmt":"2024-10-16T21:48:49","slug":"javna-tribina-zastita-kulturnih-dobara-nob-a-na-podrucju-grada-zagreba","status":"publish","type":"post","link":"https:\/\/historiografija.hr\/?p=42752","title":{"rendered":"Javna tribina \u201eZa\u0161tita kulturnih dobara NOB-a na podru\u010dju Grada Zagreba\u201c"},"content":{"rendered":"\n<p>Javna tribina <strong>Za\u0161tita kulturnih dobara NOB-a na podru\u010dju Grada Zagreba<\/strong> odr\u017eat \u0107e se u ponedjeljak, <strong>21. listopada 2024. u 17:30<\/strong> sati u <strong>Dvorani SABA RH<\/strong> u Zagrebu, ulica Pavla Hatza 16.<\/p>\n\n\n\n<hr class=\"wp-block-separator\"\/>\n\n\n\n<figure class=\"wp-block-image size-large\"><img data-recalc-dims=\"1\" loading=\"lazy\" decoding=\"async\" width=\"612\" height=\"850\" data-attachment-id=\"42753\" data-permalink=\"https:\/\/historiografija.hr\/?attachment_id=42753\" data-orig-file=\"https:\/\/i0.wp.com\/historiografija.hr\/wp-content\/uploads\/2024\/10\/SABA.png?fit=612%2C850&amp;ssl=1\" data-orig-size=\"612,850\" data-comments-opened=\"1\" data-image-meta=\"{&quot;aperture&quot;:&quot;0&quot;,&quot;credit&quot;:&quot;&quot;,&quot;camera&quot;:&quot;&quot;,&quot;caption&quot;:&quot;&quot;,&quot;created_timestamp&quot;:&quot;0&quot;,&quot;copyright&quot;:&quot;&quot;,&quot;focal_length&quot;:&quot;0&quot;,&quot;iso&quot;:&quot;0&quot;,&quot;shutter_speed&quot;:&quot;0&quot;,&quot;title&quot;:&quot;&quot;,&quot;orientation&quot;:&quot;0&quot;}\" data-image-title=\"SABA\" data-image-description=\"\" data-image-caption=\"\" data-large-file=\"https:\/\/i0.wp.com\/historiografija.hr\/wp-content\/uploads\/2024\/10\/SABA.png?fit=612%2C850&amp;ssl=1\" src=\"https:\/\/i0.wp.com\/historiografija.hr\/wp-content\/uploads\/2024\/10\/SABA.png?resize=612%2C850&#038;ssl=1\" alt=\"\" class=\"wp-image-42753\" srcset=\"https:\/\/i0.wp.com\/historiografija.hr\/wp-content\/uploads\/2024\/10\/SABA.png?w=612&amp;ssl=1 612w, https:\/\/i0.wp.com\/historiografija.hr\/wp-content\/uploads\/2024\/10\/SABA.png?resize=216%2C300&amp;ssl=1 216w\" sizes=\"auto, (max-width: 612px) 100vw, 612px\" \/><\/figure>\n\n\n\n<hr class=\"wp-block-separator\"\/>\n\n\n\n<p>Izvor:<\/p>\n\n\n\n<figure class=\"wp-block-embed-wordpress wp-block-embed is-type-wp-embed is-provider-savez-antifasistickih-boraca-i-antifasista-republike-hrvatske\"><div class=\"wp-block-embed__wrapper\">\n<blockquote class=\"wp-embedded-content\" data-secret=\"coXXOM2xLc\"><a href=\"https:\/\/sabh.hr\/javna-tribina-zastita-kulturnih-dobara-nob-a-na-podrucju-grada-zagreba\/\">JAVNA TRIBINA &#8211; Za\u0161tita kulturnih dobara NOB-a na podru\u010dju Grada Zagreba<\/a><\/blockquote><iframe loading=\"lazy\" class=\"wp-embedded-content\" sandbox=\"allow-scripts\" security=\"restricted\" style=\"position: absolute; clip: rect(1px, 1px, 1px, 1px);\" title=\"&#8220;JAVNA TRIBINA &#8211; Za\u0161tita kulturnih dobara NOB-a na podru\u010dju Grada Zagreba&#8221; &#8212; Savez antifa\u0161isti\u010dkih boraca i antifa\u0161ista Republike Hrvatske\" src=\"https:\/\/sabh.hr\/javna-tribina-zastita-kulturnih-dobara-nob-a-na-podrucju-grada-zagreba\/embed\/#?secret=yJaWbmCkrF#?secret=coXXOM2xLc\" data-secret=\"coXXOM2xLc\" width=\"600\" height=\"338\" frameborder=\"0\" marginwidth=\"0\" marginheight=\"0\" scrolling=\"no\"><\/iframe>\n<\/div><\/figure>\n\n\n\n<hr class=\"wp-block-separator\"\/>\n","protected":false},"excerpt":{"rendered":"","protected":false},"author":2,"featured_media":42753,"comment_status":"open","ping_status":"open","sticky":false,"template":"","format":"standard","meta":{"_acf_changed":false,"jetpack_post_was_ever_published":false,"_jetpack_newsletter_access":"","_jetpack_dont_email_post_to_subs":false,"_jetpack_newsletter_tier_id":0,"_jetpack_memberships_contains_paywalled_content":false,"_jetpack_memberships_contains_paid_content":false,"footnotes":"","jetpack_publicize_message":"","jetpack_publicize_feature_enabled":true,"jetpack_social_post_already_shared":true,"jetpack_social_options":{"image_generator_settings":{"template":"highway","default_image_id":0,"font":"","enabled":false},"version":2}},"categories":[3],"tags":[],"class_list":["post-42752","post","type-post","status-publish","format-standard","has-post-thumbnail","hentry","category-novosti"],"acf":{"facebook_opis":""},"jetpack_publicize_connections":[],"jetpack_featured_media_url":"https:\/\/i0.wp.com\/historiografija.hr\/wp-content\/uploads\/2024\/10\/SABA.png?fit=612%2C850&ssl=1","jetpack_sharing_enabled":true,"jetpack-related-posts":[],"_links":{"self":[{"href":"https:\/\/historiografija.hr\/index.php?rest_route=\/wp\/v2\/posts\/42752","targetHints":{"allow":["GET"]}}],"collection":[{"href":"https:\/\/historiografija.hr\/index.php?rest_route=\/wp\/v2\/posts"}],"about":[{"href":"https:\/\/historiografija.hr\/index.php?rest_route=\/wp\/v2\/types\/post"}],"author":[{"embeddable":true,"href":"https:\/\/historiografija.hr\/index.php?rest_route=\/wp\/v2\/users\/2"}],"replies":[{"embeddable":true,"href":"https:\/\/historiografija.hr\/index.php?rest_route=%2Fwp%2Fv2%2Fcomments&post=42752"}],"version-history":[{"count":2,"href":"https:\/\/historiografija.hr\/index.php?rest_route=\/wp\/v2\/posts\/42752\/revisions"}],"predecessor-version":[{"id":42755,"href":"https:\/\/historiografija.hr\/index.php?rest_route=\/wp\/v2\/posts\/42752\/revisions\/42755"}],"wp:featuredmedia":[{"embeddable":true,"href":"https:\/\/historiografija.hr\/index.php?rest_route=\/wp\/v2\/media\/42753"}],"wp:attachment":[{"href":"https:\/\/historiografija.hr\/index.php?rest_route=%2Fwp%2Fv2%2Fmedia&parent=42752"}],"wp:term":[{"taxonomy":"category","embeddable":true,"href":"https:\/\/historiografija.hr\/index.php?rest_route=%2Fwp%2Fv2%2Fcategories&post=42752"},{"taxonomy":"post_tag","embeddable":true,"href":"https:\/\/historiografija.hr\/index.php?rest_route=%2Fwp%2Fv2%2Ftags&post=42752"}],"curies":[{"name":"wp","href":"https:\/\/api.w.org\/{rel}","templated":true}]}}