{"id":42749,"date":"2024-10-16T21:41:53","date_gmt":"2024-10-16T21:41:53","guid":{"rendered":"http:\/\/historiografija.hr\/?p=42749"},"modified":"2024-10-16T21:41:53","modified_gmt":"2024-10-16T21:41:53","slug":"predstavljena-knjiga-drage-kraljevica-revizija-zla-uzroci-i-posljedice-prikrivanja-nacifasistickih-zlocina-u-italiji-u-rijeci","status":"publish","type":"post","link":"https:\/\/historiografija.hr\/?p=42749","title":{"rendered":"Predstavljena knjiga Drage Kraljevi\u0107a \u201cRevizija zla: Uzroci i posljedice prikrivanja nacifa\u0161isti\u010dkih zlo\u010dina u Italiji\u201d u Rijeci"},"content":{"rendered":"\n<p>U Gradskoj vije\u0107nici u Rijeci predstavljena je 13. listopada 2024. knjiga \u201cRevizija zla: Uzroci i posljedice prikrivanja nacifa\u0161isti\u010dkih zlo\u010dina u Italiji\u201d autora Drage Kraljevi\u0107a, biv\u0161eg veleposlanika Republike Hrvatske u Italiji.<\/p>\n\n\n\n<hr class=\"wp-block-separator\"\/>\n\n\n\n<p>Op\u0161irnije o knjizi i predstavljanju na sljede\u0107im poveznicama:<\/p>\n\n\n\n<p><a href=\"http:\/\/dhk.hr\/ogranci-dhk\/detaljnije\/novo-u-izdanju-istarskoga-ogranka-dhk-pula1\">http:\/\/dhk.hr\/ogranci-dhk\/detaljnije\/novo-u-izdanju-istarskoga-ogranka-dhk-pula1<\/a><\/p>\n\n\n\n<p><a href=\"https:\/\/www.stav.com.hr\/naslovi\/394\/damir-grubisa-mirko-stifanic-revizija-povijesti-dan-sjecanja-bez-defasizacije-talijanskoga-drustva-drago-kraljevic\/\">https:\/\/www.stav.com.hr\/naslovi\/394\/damir-grubisa-mirko-stifanic-revizija-povijesti-dan-sjecanja-bez-defasizacije-talijanskoga-drustva-drago-kraljevic\/<\/a><\/p>\n\n\n\n<figure class=\"wp-block-embed-wordpress wp-block-embed is-type-wp-embed is-provider-novi-list\"><div class=\"wp-block-embed__wrapper\">\n<blockquote class=\"wp-embedded-content\" data-secret=\"HCjDImcV5y\"><a href=\"https:\/\/www.novilist.hr\/rijeka-regija\/rijeka\/revizija-zla-predstavljena-knjiga-drage-kraljevica-o-prikrivanju-talijanskih-fasistickih-zlocina\/\">&#8220;Revizija zla&#8221;: Predstavljena knjiga Drage Kraljevi\u0107a o prikrivanju talijanskih fa\u0161isti\u010dkih zlo\u010dina<\/a><\/blockquote><iframe loading=\"lazy\" class=\"wp-embedded-content\" sandbox=\"allow-scripts\" security=\"restricted\" style=\"position: absolute; clip: rect(1px, 1px, 1px, 1px);\" title=\"&#8220;&#8220;Revizija zla&#8221;: Predstavljena knjiga Drage Kraljevi\u0107a o prikrivanju talijanskih fa\u0161isti\u010dkih zlo\u010dina&#8221; &#8212; Novi list\" src=\"https:\/\/www.novilist.hr\/rijeka-regija\/rijeka\/revizija-zla-predstavljena-knjiga-drage-kraljevica-o-prikrivanju-talijanskih-fasistickih-zlocina\/embed\/#?secret=aDRDShZM2s#?secret=HCjDImcV5y\" data-secret=\"HCjDImcV5y\" width=\"600\" height=\"338\" frameborder=\"0\" marginwidth=\"0\" marginheight=\"0\" scrolling=\"no\"><\/iframe>\n<\/div><\/figure>\n\n\n\n<figure class=\"wp-block-embed-wordpress wp-block-embed is-type-wp-embed is-provider-grad-rijeka\"><div class=\"wp-block-embed__wrapper\">\n<blockquote class=\"wp-embedded-content\" data-secret=\"LWYHDOcheG\"><a href=\"https:\/\/www.rijeka.hr\/predstavljena-knjiga-drage-kraljevica-revizija-zla-uzroci-posljedice-prikrivanja-nacifasistickih-zlocina-u-italiji\/\">Predstavljena knjiga Drage Kraljevi\u0107a \u201eRevizija zla: uzroci i posljedice prikrivanja nacifa\u0161isti\u010dkih zlo\u010dina u Italiji\u201c<\/a><\/blockquote><iframe loading=\"lazy\" class=\"wp-embedded-content\" sandbox=\"allow-scripts\" security=\"restricted\" style=\"position: absolute; clip: rect(1px, 1px, 1px, 1px);\" title=\"&#8220;Predstavljena knjiga Drage Kraljevi\u0107a \u201eRevizija zla: uzroci i posljedice prikrivanja nacifa\u0161isti\u010dkih zlo\u010dina u Italiji\u201c&#8221; &#8212; Grad Rijeka\" src=\"https:\/\/www.rijeka.hr\/predstavljena-knjiga-drage-kraljevica-revizija-zla-uzroci-posljedice-prikrivanja-nacifasistickih-zlocina-u-italiji\/embed\/#?secret=LWYHDOcheG\" data-secret=\"LWYHDOcheG\" width=\"600\" height=\"338\" frameborder=\"0\" marginwidth=\"0\" marginheight=\"0\" scrolling=\"no\"><\/iframe>\n<\/div><\/figure>\n\n\n\n<figure class=\"wp-block-embed-wordpress wp-block-embed is-type-wp-embed is-provider-savez-antifasistickih-boraca-i-antifasista-republike-hrvatske\"><div class=\"wp-block-embed__wrapper\">\n<blockquote class=\"wp-embedded-content\" data-secret=\"WzmRMnJ2JE\"><a href=\"https:\/\/sabh.hr\/predstavljena-knjiga-drage-kraljevica-revizija-zla-uzroci-i-posljedice-prikrivanja-nacifasistickih-zlocina-u-italiji\/\">Predstavljena knjiga Drage Kraljevi\u0107a \u201eRevizija zla: uzroci i posljedice prikrivanja nacifa\u0161isti\u010dkih zlo\u010dina u Italiji\u201c<\/a><\/blockquote><iframe loading=\"lazy\" class=\"wp-embedded-content\" sandbox=\"allow-scripts\" security=\"restricted\" style=\"position: absolute; clip: rect(1px, 1px, 1px, 1px);\" title=\"&#8220;Predstavljena knjiga Drage Kraljevi\u0107a \u201eRevizija zla: uzroci i posljedice prikrivanja nacifa\u0161isti\u010dkih zlo\u010dina u Italiji\u201c&#8221; &#8212; Savez antifa\u0161isti\u010dkih boraca i antifa\u0161ista Republike Hrvatske\" src=\"https:\/\/sabh.hr\/predstavljena-knjiga-drage-kraljevica-revizija-zla-uzroci-i-posljedice-prikrivanja-nacifasistickih-zlocina-u-italiji\/embed\/#?secret=jCQZVtHaCL#?secret=WzmRMnJ2JE\" data-secret=\"WzmRMnJ2JE\" width=\"600\" height=\"338\" frameborder=\"0\" marginwidth=\"0\" marginheight=\"0\" scrolling=\"no\"><\/iframe>\n<\/div><\/figure>\n\n\n\n<hr class=\"wp-block-separator\"\/>\n","protected":false},"excerpt":{"rendered":"","protected":false},"author":2,"featured_media":42750,"comment_status":"open","ping_status":"open","sticky":false,"template":"","format":"standard","meta":{"_acf_changed":false,"jetpack_post_was_ever_published":false,"_jetpack_newsletter_access":"","_jetpack_dont_email_post_to_subs":false,"_jetpack_newsletter_tier_id":0,"_jetpack_memberships_contains_paywalled_content":false,"_jetpack_memberships_contains_paid_content":false,"footnotes":"","jetpack_publicize_message":"","jetpack_publicize_feature_enabled":true,"jetpack_social_post_already_shared":true,"jetpack_social_options":{"image_generator_settings":{"template":"highway","default_image_id":0,"font":"","enabled":false},"version":2}},"categories":[3],"tags":[],"class_list":["post-42749","post","type-post","status-publish","format-standard","has-post-thumbnail","hentry","category-novosti"],"acf":{"facebook_opis":""},"jetpack_publicize_connections":[],"jetpack_featured_media_url":"https:\/\/i0.wp.com\/historiografija.hr\/wp-content\/uploads\/2024\/10\/Kraljevi%C4%87.jpg?fit=800%2C534&ssl=1","jetpack_sharing_enabled":true,"jetpack-related-posts":[],"_links":{"self":[{"href":"https:\/\/historiografija.hr\/index.php?rest_route=\/wp\/v2\/posts\/42749","targetHints":{"allow":["GET"]}}],"collection":[{"href":"https:\/\/historiografija.hr\/index.php?rest_route=\/wp\/v2\/posts"}],"about":[{"href":"https:\/\/historiografija.hr\/index.php?rest_route=\/wp\/v2\/types\/post"}],"author":[{"embeddable":true,"href":"https:\/\/historiografija.hr\/index.php?rest_route=\/wp\/v2\/users\/2"}],"replies":[{"embeddable":true,"href":"https:\/\/historiografija.hr\/index.php?rest_route=%2Fwp%2Fv2%2Fcomments&post=42749"}],"version-history":[{"count":1,"href":"https:\/\/historiografija.hr\/index.php?rest_route=\/wp\/v2\/posts\/42749\/revisions"}],"predecessor-version":[{"id":42751,"href":"https:\/\/historiografija.hr\/index.php?rest_route=\/wp\/v2\/posts\/42749\/revisions\/42751"}],"wp:featuredmedia":[{"embeddable":true,"href":"https:\/\/historiografija.hr\/index.php?rest_route=\/wp\/v2\/media\/42750"}],"wp:attachment":[{"href":"https:\/\/historiografija.hr\/index.php?rest_route=%2Fwp%2Fv2%2Fmedia&parent=42749"}],"wp:term":[{"taxonomy":"category","embeddable":true,"href":"https:\/\/historiografija.hr\/index.php?rest_route=%2Fwp%2Fv2%2Fcategories&post=42749"},{"taxonomy":"post_tag","embeddable":true,"href":"https:\/\/historiografija.hr\/index.php?rest_route=%2Fwp%2Fv2%2Ftags&post=42749"}],"curies":[{"name":"wp","href":"https:\/\/api.w.org\/{rel}","templated":true}]}}