{"id":42746,"date":"2024-10-16T21:26:11","date_gmt":"2024-10-16T21:26:11","guid":{"rendered":"http:\/\/historiografija.hr\/?p=42746"},"modified":"2024-10-16T21:26:11","modified_gmt":"2024-10-16T21:26:11","slug":"javno-predavanje-milana-radosevica-vladimir-gortan-1904-1929-simbol-nepokorene-istre-u-puli","status":"publish","type":"post","link":"https:\/\/historiografija.hr\/?p=42746","title":{"rendered":"Javno predavanje Milana Rado\u0161evi\u0107a \u201cVladimir Gortan (1904. \u2013 1929.): simbol nepokorene Istre\u201d u Puli"},"content":{"rendered":"\n<p>U \u010detvrtak, 17. listopada 2024., u Puli \u0107e se odr\u017eati program povodom obilje\u017eavanja 95. godi\u0161njice pogibije antifa\u0161ista Vladimira Gortana. U okviru programa s po\u010detkom u 18 sati u Domu antifa\u0161ista u Puli (Emova 1, kraj Arene), odr\u017eat \u0107e se javno predavanje dr. sc. Milana Rado\u0161evi\u0107a \u201cVladimir Gortan (1904. \u2013 1929.): simbol nepokorene Istre\u201d. Organizatori su Udruga antifa\u0161isti\u010dkih boraca i antifa\u0161ista grada Pule i Istarsko povijesno dru\u0161tvo.<\/p>\n\n\n\n<p>O predavanju:<\/p>\n\n\n\n<p>Vladimir Gortan (Beram 1904. \u2013 Pula 1929.), istaknuti \u010dlan grupe gortanovaca i Tajne organizacije Borba, postao je simbol antifa\u0161isti\u010dkog otpora poku\u0161avaju\u0107i sabotirati odr\u017eavanje izbora za parlament Kraljevine Italije 24. o\u017eujka 1929. godine. Izbori, odnosno plebiscit kontroliran od Mussolinijevog re\u017eima, nije nudio stvarnu politi\u010dku slobodu \u2013 kandidate je predlagalo Veliko fa\u0161isti\u010dko vije\u0107e, \u010dime je onemogu\u0107ena bilo kakva stvarna demokracija. Gortanovci su, u znak protesta, organizirali sabota\u017eu podno Berma s ciljem rastjerivanja bira\u010da. Epilog je bio tragi\u010dan i neo\u010dekivan, zavr\u0161iv\u0161i pogibijom jedne osobe. Fa\u0161isti\u010dke vlasti odmah su reagirale \u2013 Gortan je uhi\u0107en, osu\u0111en na smrt i strijeljan u Puli 17. listopada 1929. Smrtna presuda izazvala je sna\u017ean medijski i politi\u010dki odjek diljem Europe i svijeta. Osim \u0161to je postao simbol nepokorene Istre i otpora fa\u0161izmu, Gortan je ostao zapam\u0107en i kao borac za nacionalna prava istarskih Hrvata, bore\u0107i se protiv prisilne talijanizacije i fa\u0161isti\u010dkog ugnjetavanja. Njegova hrabrost i prkos nadahnuli su Istrane u godinama Drugoga svjetskog rata, a njegovo ime ostalo je do danas urezano u kolektivnoj memoriji kao predvodnika borbe za slobodu.<\/p>\n\n\n\n<p>O predava\u010du:<\/p>\n\n\n\n<p>Dr. sc. Milan Rado\u0161evi\u0107 (Pula, 1983.), vi\u0161i znanstveni suradnik Zavoda za povijesne i dru\u0161tvene znanosti HAZU u Rijeci, Podru\u010dne jedinice u Puli. U okviru znanstvenoga i stru\u010dnog djelovanja prou\u010dava povijest Istre i Kvarnerskog primorja u XX. stolje\u0107u, posebno politi\u010dku povijest s naglaskom na antifa\u0161izam te socijalnu povijest s naglaskom na javnozdravstvene procese. Sudjelovao u vi\u0161e bilateralnih znanstvenoistra\u017eiva\u010dkih projekata te bio suvoditeljem projekta \u201eStolje\u0107e europskog antifa\u0161izma. Istra izme\u0111u lokalnog i globalnog\u201c . Objavio je tri autorske i tri uredni\u010dke knjige te stotinjak stru\u010dnih i znanstvenih radova, osvrta, priop\u0107enja, prikaza, kataloga izlo\u017ebi. Autor je koncepta i postava Memorijalne ku\u0107e Joakima Rakovca. Vanjski je suradnik na doktorskim studijima na Sveu\u010dili\u0161tu u Kopru (Univerza na Primorskem), Sveu\u010dili\u0161tu u Zagrebu i Sveu\u010dili\u0161tu u Dubrovniku pri ko-mentoriranju te ocjenjivanju doktorskih radova kandidata. Suosniva\u010d je Istarskog povijesnog dru\u0161tva.<\/p>\n\n\n\n<p><a href=\"https:\/\/ipd-ssi.hr\/wp-content\/uploads\/2024\/10\/Pozivnica-12.pdf\">Pozivnica<\/a><\/p>\n\n\n\n<hr class=\"wp-block-separator\"\/>\n\n\n\n<p>Izvor:<\/p>\n\n\n\n<figure class=\"wp-block-embed-wordpress wp-block-embed is-type-wp-embed is-provider-istarsko-povijesno-drustvo-societa-storica-istriana\"><div class=\"wp-block-embed__wrapper\">\n<blockquote class=\"wp-embedded-content\" data-secret=\"Xhd1YkjTte\"><a href=\"https:\/\/ipd-ssi.hr\/2024\/10\/14\/javno-predavanje-dr-sc-milana-radosevica-vladimir-gortan-1904-1929-simbol-nepokorene-istre-u-puli\/\">Javno predavanje Milana Rado\u0161evi\u0107a &#8220;Vladimir Gortan (1904. &#8211; 1929.): simbol nepokorene Istre&#8221; u Puli<\/a><\/blockquote><iframe loading=\"lazy\" class=\"wp-embedded-content\" sandbox=\"allow-scripts\" security=\"restricted\" style=\"position: absolute; clip: rect(1px, 1px, 1px, 1px);\" title=\"&#8220;Javno predavanje Milana Rado\u0161evi\u0107a &#8220;Vladimir Gortan (1904. &#8211; 1929.): simbol nepokorene Istre&#8221; u Puli&#8221; &#8212; Istarsko povijesno dru\u0161tvo - Societ\u00e0 Storica Istriana\" src=\"https:\/\/ipd-ssi.hr\/2024\/10\/14\/javno-predavanje-dr-sc-milana-radosevica-vladimir-gortan-1904-1929-simbol-nepokorene-istre-u-puli\/embed\/#?secret=UGQDgOLhnZ#?secret=Xhd1YkjTte\" data-secret=\"Xhd1YkjTte\" width=\"600\" height=\"338\" frameborder=\"0\" marginwidth=\"0\" marginheight=\"0\" scrolling=\"no\"><\/iframe>\n<\/div><\/figure>\n\n\n\n<hr class=\"wp-block-separator\"\/>\n","protected":false},"excerpt":{"rendered":"","protected":false},"author":2,"featured_media":42747,"comment_status":"open","ping_status":"open","sticky":false,"template":"","format":"standard","meta":{"_acf_changed":false,"jetpack_post_was_ever_published":false,"_jetpack_newsletter_access":"","_jetpack_dont_email_post_to_subs":false,"_jetpack_newsletter_tier_id":0,"_jetpack_memberships_contains_paywalled_content":false,"_jetpack_memberships_contains_paid_content":false,"footnotes":"","jetpack_publicize_message":"","jetpack_publicize_feature_enabled":true,"jetpack_social_post_already_shared":true,"jetpack_social_options":{"image_generator_settings":{"template":"highway","default_image_id":0,"font":"","enabled":false},"version":2}},"categories":[3],"tags":[],"class_list":["post-42746","post","type-post","status-publish","format-standard","has-post-thumbnail","hentry","category-novosti"],"acf":{"facebook_opis":""},"jetpack_publicize_connections":[],"jetpack_featured_media_url":"https:\/\/i0.wp.com\/historiografija.hr\/wp-content\/uploads\/2024\/10\/Vladimir-Gortan.jpg?fit=700%2C441&ssl=1","jetpack_sharing_enabled":true,"jetpack-related-posts":[],"_links":{"self":[{"href":"https:\/\/historiografija.hr\/index.php?rest_route=\/wp\/v2\/posts\/42746","targetHints":{"allow":["GET"]}}],"collection":[{"href":"https:\/\/historiografija.hr\/index.php?rest_route=\/wp\/v2\/posts"}],"about":[{"href":"https:\/\/historiografija.hr\/index.php?rest_route=\/wp\/v2\/types\/post"}],"author":[{"embeddable":true,"href":"https:\/\/historiografija.hr\/index.php?rest_route=\/wp\/v2\/users\/2"}],"replies":[{"embeddable":true,"href":"https:\/\/historiografija.hr\/index.php?rest_route=%2Fwp%2Fv2%2Fcomments&post=42746"}],"version-history":[{"count":1,"href":"https:\/\/historiografija.hr\/index.php?rest_route=\/wp\/v2\/posts\/42746\/revisions"}],"predecessor-version":[{"id":42748,"href":"https:\/\/historiografija.hr\/index.php?rest_route=\/wp\/v2\/posts\/42746\/revisions\/42748"}],"wp:featuredmedia":[{"embeddable":true,"href":"https:\/\/historiografija.hr\/index.php?rest_route=\/wp\/v2\/media\/42747"}],"wp:attachment":[{"href":"https:\/\/historiografija.hr\/index.php?rest_route=%2Fwp%2Fv2%2Fmedia&parent=42746"}],"wp:term":[{"taxonomy":"category","embeddable":true,"href":"https:\/\/historiografija.hr\/index.php?rest_route=%2Fwp%2Fv2%2Fcategories&post=42746"},{"taxonomy":"post_tag","embeddable":true,"href":"https:\/\/historiografija.hr\/index.php?rest_route=%2Fwp%2Fv2%2Ftags&post=42746"}],"curies":[{"name":"wp","href":"https:\/\/api.w.org\/{rel}","templated":true}]}}