{"id":42743,"date":"2024-10-16T21:16:50","date_gmt":"2024-10-16T21:16:50","guid":{"rendered":"http:\/\/historiografija.hr\/?p=42743"},"modified":"2024-10-16T21:16:50","modified_gmt":"2024-10-16T21:16:50","slug":"medunarodna-konferencija-iz-hrvatske-u-njemacku-i-natrag-transnacionalna-migracija-i-drustvene-promjene","status":"publish","type":"post","link":"https:\/\/historiografija.hr\/?p=42743","title":{"rendered":"Me\u0111unarodna konferencija \u201eIz Hrvatske u Njema\u010dku i natrag? Transnacionalna migracija i dru\u0161tvene promjene\u201c"},"content":{"rendered":"\n<p>Sveu\u010dili\u0161te u Zagrebu doma\u0107in je konferencije pod nazivom <strong>&#8220;Iz Hrvatske u Njema\u010dku i natrag? Transnacionalna migracija i dru\u0161tvene promjene&#8221;<\/strong>.<strong>\u00a0<\/strong>Doga\u0111aj \u0107e se odr\u017eati\u00a017. i 18. listopada 2024., na Sveu\u010dili\u0161tu u Zagrebu, u dvorani A1, na adresi Radoslava Cimermana 88.\u00a0<\/p>\n\n\n\n<p>Konferenciju organiziraju <strong>Zaklada Konrad Adenauer (KAS)<\/strong> i <strong>Centar za njema\u010dke i europske studije CGES<\/strong> sa Sveu\u010dili\u0161ta u Zagrebu, dok su suorganizatori <strong>Leibniz-Institut za prou\u010davanje Isto\u010dne- i Jugoisto\u010dne Europe (IOS)<\/strong> iz Regensburga i <strong>Institut dru\u0161tvenih znanosti Ivo Pilar<\/strong> iz Zagreba.<\/p>\n\n\n\n<p>Konferencija \u0107e okupiti stru\u010dnjake i istra\u017eiva\u010de koji \u0107e raspravljati o transnacionalnim migracijama izme\u0111u Hrvatske i Njema\u010dke te njihovom utjecaju na dru\u0161tvene promjene. Konferencija \u0107e biti simultano prevo\u0111ena na hrvatski i njema\u010dki jezik.<\/p>\n\n\n\n<hr class=\"wp-block-separator\"\/>\n\n\n\n<p>Izvor i program:<\/p>\n\n\n\n<p><a href=\"https:\/\/www.fhs.unizg.hr\/obavijesti?@=21rc5#news_125014\">https:\/\/www.fhs.unizg.hr\/obavijesti?@=21rc5#news_125014<\/a><\/p>\n\n\n\n<p><a href=\"https:\/\/www.unizg.hr\/nc\/vijest\/article\/konferencija-i-radionica-iz-hrvatske-u-njemacku-i-natrag-transnacionalna-migracija-i-drustvene-p\/\">https:\/\/www.unizg.hr\/nc\/vijest\/article\/konferencija-i-radionica-iz-hrvatske-u-njemacku-i-natrag-transnacionalna-migracija-i-drustvene-p\/<\/a><\/p>\n\n\n\n<p><a href=\"https:\/\/leibniz-ios.de\/veranstaltungen\/detail\/von-kroatien-nach-deutschland-und-zurueck\">https:\/\/leibniz-ios.de\/veranstaltungen\/detail\/von-kroatien-nach-deutschland-und-zurueck<\/a><\/p>\n\n\n\n<hr class=\"wp-block-separator\"\/>\n","protected":false},"excerpt":{"rendered":"","protected":false},"author":2,"featured_media":42744,"comment_status":"open","ping_status":"open","sticky":false,"template":"","format":"standard","meta":{"_acf_changed":false,"jetpack_post_was_ever_published":false,"_jetpack_newsletter_access":"","_jetpack_dont_email_post_to_subs":false,"_jetpack_newsletter_tier_id":0,"_jetpack_memberships_contains_paywalled_content":false,"_jetpack_memberships_contains_paid_content":false,"footnotes":"","jetpack_publicize_message":"","jetpack_publicize_feature_enabled":true,"jetpack_social_post_already_shared":true,"jetpack_social_options":{"image_generator_settings":{"template":"highway","default_image_id":0,"font":"","enabled":false},"version":2}},"categories":[3,9],"tags":[],"class_list":["post-42743","post","type-post","status-publish","format-standard","has-post-thumbnail","hentry","category-novosti","category-skupovi"],"acf":{"facebook_opis":""},"jetpack_publicize_connections":[],"jetpack_featured_media_url":"https:\/\/i0.wp.com\/historiografija.hr\/wp-content\/uploads\/2024\/10\/Konferencija_2024.png?fit=400%2C566&ssl=1","jetpack_sharing_enabled":true,"jetpack-related-posts":[],"_links":{"self":[{"href":"https:\/\/historiografija.hr\/index.php?rest_route=\/wp\/v2\/posts\/42743","targetHints":{"allow":["GET"]}}],"collection":[{"href":"https:\/\/historiografija.hr\/index.php?rest_route=\/wp\/v2\/posts"}],"about":[{"href":"https:\/\/historiografija.hr\/index.php?rest_route=\/wp\/v2\/types\/post"}],"author":[{"embeddable":true,"href":"https:\/\/historiografija.hr\/index.php?rest_route=\/wp\/v2\/users\/2"}],"replies":[{"embeddable":true,"href":"https:\/\/historiografija.hr\/index.php?rest_route=%2Fwp%2Fv2%2Fcomments&post=42743"}],"version-history":[{"count":1,"href":"https:\/\/historiografija.hr\/index.php?rest_route=\/wp\/v2\/posts\/42743\/revisions"}],"predecessor-version":[{"id":42745,"href":"https:\/\/historiografija.hr\/index.php?rest_route=\/wp\/v2\/posts\/42743\/revisions\/42745"}],"wp:featuredmedia":[{"embeddable":true,"href":"https:\/\/historiografija.hr\/index.php?rest_route=\/wp\/v2\/media\/42744"}],"wp:attachment":[{"href":"https:\/\/historiografija.hr\/index.php?rest_route=%2Fwp%2Fv2%2Fmedia&parent=42743"}],"wp:term":[{"taxonomy":"category","embeddable":true,"href":"https:\/\/historiografija.hr\/index.php?rest_route=%2Fwp%2Fv2%2Fcategories&post=42743"},{"taxonomy":"post_tag","embeddable":true,"href":"https:\/\/historiografija.hr\/index.php?rest_route=%2Fwp%2Fv2%2Ftags&post=42743"}],"curies":[{"name":"wp","href":"https:\/\/api.w.org\/{rel}","templated":true}]}}