{"id":42739,"date":"2024-10-16T21:04:07","date_gmt":"2024-10-16T21:04:07","guid":{"rendered":"http:\/\/historiografija.hr\/?p=42739"},"modified":"2024-10-16T21:05:08","modified_gmt":"2024-10-16T21:05:08","slug":"medunarodni-znanstveni-skup-nikola-tommaseo-kulturni-i-geografski-obzori-convegno-internazionale-niccolo-tommaseo-civilta-e-geografie","status":"publish","type":"post","link":"https:\/\/historiografija.hr\/?p=42739","title":{"rendered":"Me\u0111unarodni znanstveni skup Nikola Tommaseo: kulturni i geografski obzori \/ Convegno internazionale Niccol\u00f2 Tommaseo: civilt\u00e0 e geografie"},"content":{"rendered":"\n<p>U povodu obilje\u017eavanja 150. godi\u0161njice smrti Nikole Tommasea (\u0160ibenik, 1802. &#8211; Firenca, 1874.) Odjel za talijanistiku Sveu\u010dili\u0161ta u Zadru organizira\u00a0<strong>Me\u0111unarodni znanstveni skup Nikola Tommaseo: kulturni i geografski obzori \/ Convegno internazionale Niccol\u00f2 Tommaseo: civilt\u00e0 e geografie\u00a0<\/strong>u partnerstvu sa Societ\u00e0 Dante Alighieri &#8211; Comitato di Venezia, Societ\u00e0 Dante Alighieri &#8211; Comitato di Zara, Societ\u00e0 Dalmata di Storia Patria te u suradnji s Muzejom grada \u0160ibenika u okviru projekta\u00a0<em>Progetti di recupero, conservazione e valorizzazione del patrimonio culturale risalente alla Repubblica Serenissima di Venezia nell\u2019Istria, nella Dalmazia e nell\u2019area mediterranea, 2024\u00a0<\/em>(Regione del Veneto). Znanstveni skup odr\u017eava se na Odjelu za talijanistiku u \u010detvrtak\u00a0<a href=\"tel:%E2%80%AA17.%2010.%202024%E2%80%AC\">\u202a<\/a>17. listopada 2024.\u00a0od 14:00 sati. Sudjeluju izlaga\u010di iz Hrvatske, Gr\u010dke, Italije i SAD-a. U petak 18. listopada 2024. organizirana je izlo\u017eba Tommaseove ostav\u0161tine u Muzeju grada \u0160ibenika i predvi\u0111en je vo\u0111eni obilazak grada na talijanskom jeziku za izlaga\u010de, nastavnike i studente Odjela za talijanistiku.<\/p>\n\n\n\n<hr class=\"wp-block-separator\"\/>\n\n\n\n<p><a rel=\"noreferrer noopener\" href=\"https:\/\/www.unizd.hr\/Portals\/0\/Nikola%20Tommaseo_plakat.pdf\" target=\"_blank\">Program<\/a><\/p>\n\n\n\n<hr class=\"wp-block-separator\"\/>\n\n\n\n<p>Izvor:<\/p>\n\n\n\n<p><a href=\"https:\/\/www.unizd.hr\/obavijesti\/view\/medunarodni-znanstveni-skup-nikola-tommaseo-kulturni-i-geografski-obzori-convegno-internazionale-niccol242-tommaseo-civilt224-e-geografie\">https:\/\/www.unizd.hr\/obavijesti\/view\/medunarodni-znanstveni-skup-nikola-tommaseo-kulturni-i-geografski-obzori-convegno-internazionale-niccol242-tommaseo-civilt224-e-geografie<\/a><\/p>\n\n\n\n<hr class=\"wp-block-separator\"\/>\n","protected":false},"excerpt":{"rendered":"","protected":false},"author":2,"featured_media":42740,"comment_status":"open","ping_status":"open","sticky":false,"template":"","format":"standard","meta":{"_acf_changed":false,"jetpack_post_was_ever_published":false,"_jetpack_newsletter_access":"","_jetpack_dont_email_post_to_subs":false,"_jetpack_newsletter_tier_id":0,"_jetpack_memberships_contains_paywalled_content":false,"_jetpack_memberships_contains_paid_content":false,"footnotes":"","jetpack_publicize_message":"","jetpack_publicize_feature_enabled":true,"jetpack_social_post_already_shared":true,"jetpack_social_options":{"image_generator_settings":{"template":"highway","default_image_id":0,"font":"","enabled":false},"version":2}},"categories":[3,9],"tags":[],"class_list":["post-42739","post","type-post","status-publish","format-standard","has-post-thumbnail","hentry","category-novosti","category-skupovi"],"acf":{"facebook_opis":""},"jetpack_publicize_connections":[],"jetpack_featured_media_url":"https:\/\/i0.wp.com\/historiografija.hr\/wp-content\/uploads\/2024\/10\/Tommaseo.png?fit=405%2C600&ssl=1","jetpack_sharing_enabled":true,"jetpack-related-posts":[],"_links":{"self":[{"href":"https:\/\/historiografija.hr\/index.php?rest_route=\/wp\/v2\/posts\/42739","targetHints":{"allow":["GET"]}}],"collection":[{"href":"https:\/\/historiografija.hr\/index.php?rest_route=\/wp\/v2\/posts"}],"about":[{"href":"https:\/\/historiografija.hr\/index.php?rest_route=\/wp\/v2\/types\/post"}],"author":[{"embeddable":true,"href":"https:\/\/historiografija.hr\/index.php?rest_route=\/wp\/v2\/users\/2"}],"replies":[{"embeddable":true,"href":"https:\/\/historiografija.hr\/index.php?rest_route=%2Fwp%2Fv2%2Fcomments&post=42739"}],"version-history":[{"count":2,"href":"https:\/\/historiografija.hr\/index.php?rest_route=\/wp\/v2\/posts\/42739\/revisions"}],"predecessor-version":[{"id":42742,"href":"https:\/\/historiografija.hr\/index.php?rest_route=\/wp\/v2\/posts\/42739\/revisions\/42742"}],"wp:featuredmedia":[{"embeddable":true,"href":"https:\/\/historiografija.hr\/index.php?rest_route=\/wp\/v2\/media\/42740"}],"wp:attachment":[{"href":"https:\/\/historiografija.hr\/index.php?rest_route=%2Fwp%2Fv2%2Fmedia&parent=42739"}],"wp:term":[{"taxonomy":"category","embeddable":true,"href":"https:\/\/historiografija.hr\/index.php?rest_route=%2Fwp%2Fv2%2Fcategories&post=42739"},{"taxonomy":"post_tag","embeddable":true,"href":"https:\/\/historiografija.hr\/index.php?rest_route=%2Fwp%2Fv2%2Ftags&post=42739"}],"curies":[{"name":"wp","href":"https:\/\/api.w.org\/{rel}","templated":true}]}}