{"id":42731,"date":"2024-10-15T16:01:36","date_gmt":"2024-10-15T16:01:36","guid":{"rendered":"http:\/\/historiografija.hr\/?p=42731"},"modified":"2024-10-15T16:01:36","modified_gmt":"2024-10-15T16:01:36","slug":"predstavljanje-knjige-nine-gazivode-vila-vrbanic-arhitekta-viktora-kovacica-das-englische-haus","status":"publish","type":"post","link":"https:\/\/historiografija.hr\/?p=42731","title":{"rendered":"Predstavljanje knjige Nine Gazivode \u201eVila Vrbani\u0107 arhitekta Viktora Kova\u010di\u0107a. Das englische Haus\u201c"},"content":{"rendered":"\n<p>Dru\u0161tvo povjesni\u010dara umjetnosti Hrvatske i Odjel za likovne umjetnosti Matice hrvatske<\/p>\n\n\n\n<p>ima \u010dast pozvati Vas na predstavljanje monografije<\/p>\n\n\n\n<p><strong>Nina Gazivoda<\/strong><\/p>\n\n\n\n<p><strong>Vila Vrbani\u0107 arhitekta Viktora Kova\u010di\u0107a<\/strong><\/p>\n\n\n\n<p><strong>Das englische Haus<\/strong><\/p>\n\n\n\n<p>Uvodnom rije\u010dju obratit \u0107e Vam se predsjednik DPUH-a Dino Milinovi\u0107<\/p>\n\n\n\n<p>O knjizi \u0107e govoriti recenzentice, Irena Kra\u0161evac, Milica Japund\u017ei\u0107 i Marijana Sironi\u0107 i autorica Nina Gazivoda<\/p>\n\n\n\n<p>Predstavljanje \u0107e se odr\u017eati u <strong>\u010detvrtak, 17. listopada 2024. u 12 sati,<\/strong> u Dvorani Jure Petri\u010devi\u0107a, Matica hrvatska, Strossmayerov trg 4<\/p>\n\n\n\n<p>Radujemo se Va\u0161em dolasku<\/p>\n\n\n\n<hr class=\"wp-block-separator\"\/>\n\n\n\n<p>Arhitekt Viktor Kova\u010di\u0107, Atelijer Kova\u010di\u0107 i Ehrlich, projektira i gradi 1910\/11. godine jednokatnu obiteljsku vilu za Rudolfa i Miru Vrbani\u0107 na Josipovcu 2, (danas ulica Ivana Gorana Kova\u010di\u0107a 2), u sjevernom gradskom predjelu Zagreba. Kova\u010di\u0107 demonstrira utjecaje <em>English Domestic Revival <\/em>pokreta i <em>Arts&amp;Crafts<\/em> arhitekture na prostornu organizaciju, namje\u0161tanje, opremanje i izvedbu interijera i nekih elemenata eksterijera vile Vrbani\u0107. Razdoblje iznimno kvalitetne produkcije obiteljske stambene arhitekture za \u010dije su projekte zaslu\u017eni Richard Norman Shaw, M. H. Baillie Scott, C. F. A. Voysey, C. R. Ashbee (pojedina\u010dno prikazani u knjizi), analiti\u010dki i sveobuhvatno obra\u0111uje njema\u010dki arhitekt Hermann Muthesius u knjizi <em>Das englische Haus<\/em> (objavljena u Berlinu 1904\/05.), nezamjenjivoj pri \u010ditanju Kova\u010di\u0107evih tlocrta i klju\u010dnoj u poku\u0161aju rekonstrukcije njezinog fragmentiranog interijera.<\/p>\n\n\n\n<p>Pod utjecajem be\u010dkih revolucionarnih previranja u umjetnosti na razme\u0111u 19. i 20. stolje\u0107a, prije svega Adolfa Loosa i Josefa Hoffmanna, kao i preko Be\u010da posredovanog engleskog utjecaja, Kova\u010di\u0107 inventivno interpretira i projektira vilu kao cjelovitu arhitektonsku realizaciju (od tlocrta i pro\u010delja do mobilijara i interijerne opreme), jednom rije\u010dju <em>Gesamtkunstwerka,<\/em> koji proklamira u zaklju\u010dnoj re\u010denici programatskog teksta <em>Moderna arhitektura<\/em> (1900.).<\/p>\n\n\n\n<p>Visoka kvaliteta \u017eivota i stanovanja s funkcijama i sadr\u017eajima rije\u0161enim na na\u010din engleskog doma\u0107instva vi\u0161e srednje klase, ilustrirana je brojnim obiteljskim fotografijama obitelji Vrbani\u0107 iz 20-ih i 30-ih godina 20. stolje\u0107a. Objavljen je i prijevod autobiografije Rudolfa Vrbani\u0107a.<\/p>\n\n\n\n<p>Monografija u 2 toma, 1019 stranica, 874 fotografija<\/p>\n\n\n\n<p>Izdava\u010d: UPI2MBooks, 2023.<\/p>\n\n\n\n<p><strong>Nina Gazivoda\u00a0<\/strong>diplomirala je na Filozofskom fakultetu Sveu\u010dili\u0161ta u Zagrebu (povijest umjetnosti i engleski jezik i knji\u017eevnost). Magistrirala je 1997. (<em>Namje\u0161taj prema projektima zagreba\u010dkih arhitekata u prvoj<\/em> <em>\u010detvrtini XX. stolje\u0107a<\/em>), a doktorirala 2007. godine (<em>Vila Frange\u0161 na Rokovu<\/em> <em>perivoju u Zagrebu. Suodnos arhitekture i<\/em> <em>ambijentalne zbirke Frange\u0161-Mihanovi\u0107<\/em>). Od 1991. godine radi u zagreba\u010dkom Gradskom zavodu za za\u0161titu spomenika kulture i prirode. Istra\u017euje teme iz podru\u010dja arhitekture, dizajna, slikarstva i kiparstva, radi na valorizaciji i za\u0161titi spomeni\u010dke ba\u0161tine. Posebice je usredoto\u010dena na projektirane interijere gradskih vila sljemenskog podru\u010dja i stanova donjogradskih vi\u0161ekatnica. Objavila je knjigu <em>Vila Frange\u0161 na Rokovu perivoju<\/em> <em>u Zagrebu <\/em>(2008.) i <em>Vila Vrbani\u0107 arhitekta Viktora Kova\u010di\u0107a<\/em> \u2013 <em>Das englische Haus<\/em> (2023.).<\/p>\n\n\n\n<hr class=\"wp-block-separator\"\/>\n\n\n\n<p>Izvor:<\/p>\n\n\n\n<p><a href=\"http:\/\/www.dpuh.hr\/\">http:\/\/www.dpuh.hr\/<\/a><\/p>\n\n\n\n<hr class=\"wp-block-separator\"\/>\n","protected":false},"excerpt":{"rendered":"","protected":false},"author":2,"featured_media":42732,"comment_status":"open","ping_status":"open","sticky":false,"template":"","format":"standard","meta":{"_acf_changed":false,"jetpack_post_was_ever_published":false,"_jetpack_newsletter_access":"","_jetpack_dont_email_post_to_subs":false,"_jetpack_newsletter_tier_id":0,"_jetpack_memberships_contains_paywalled_content":false,"_jetpack_memberships_contains_paid_content":false,"footnotes":"","jetpack_publicize_message":"","jetpack_publicize_feature_enabled":true,"jetpack_social_post_already_shared":true,"jetpack_social_options":{"image_generator_settings":{"template":"highway","default_image_id":0,"font":"","enabled":false},"version":2}},"categories":[8,3],"tags":[],"class_list":["post-42731","post","type-post","status-publish","format-standard","has-post-thumbnail","hentry","category-knjige","category-novosti"],"acf":{"facebook_opis":""},"jetpack_publicize_connections":[],"jetpack_featured_media_url":"https:\/\/i0.wp.com\/historiografija.hr\/wp-content\/uploads\/2024\/10\/Gazivoda.jpeg?fit=865%2C886&ssl=1","jetpack_sharing_enabled":true,"jetpack-related-posts":[],"_links":{"self":[{"href":"https:\/\/historiografija.hr\/index.php?rest_route=\/wp\/v2\/posts\/42731","targetHints":{"allow":["GET"]}}],"collection":[{"href":"https:\/\/historiografija.hr\/index.php?rest_route=\/wp\/v2\/posts"}],"about":[{"href":"https:\/\/historiografija.hr\/index.php?rest_route=\/wp\/v2\/types\/post"}],"author":[{"embeddable":true,"href":"https:\/\/historiografija.hr\/index.php?rest_route=\/wp\/v2\/users\/2"}],"replies":[{"embeddable":true,"href":"https:\/\/historiografija.hr\/index.php?rest_route=%2Fwp%2Fv2%2Fcomments&post=42731"}],"version-history":[{"count":1,"href":"https:\/\/historiografija.hr\/index.php?rest_route=\/wp\/v2\/posts\/42731\/revisions"}],"predecessor-version":[{"id":42733,"href":"https:\/\/historiografija.hr\/index.php?rest_route=\/wp\/v2\/posts\/42731\/revisions\/42733"}],"wp:featuredmedia":[{"embeddable":true,"href":"https:\/\/historiografija.hr\/index.php?rest_route=\/wp\/v2\/media\/42732"}],"wp:attachment":[{"href":"https:\/\/historiografija.hr\/index.php?rest_route=%2Fwp%2Fv2%2Fmedia&parent=42731"}],"wp:term":[{"taxonomy":"category","embeddable":true,"href":"https:\/\/historiografija.hr\/index.php?rest_route=%2Fwp%2Fv2%2Fcategories&post=42731"},{"taxonomy":"post_tag","embeddable":true,"href":"https:\/\/historiografija.hr\/index.php?rest_route=%2Fwp%2Fv2%2Ftags&post=42731"}],"curies":[{"name":"wp","href":"https:\/\/api.w.org\/{rel}","templated":true}]}}