{"id":42728,"date":"2024-10-15T15:55:26","date_gmt":"2024-10-15T15:55:26","guid":{"rendered":"http:\/\/historiografija.hr\/?p=42728"},"modified":"2024-10-15T15:55:26","modified_gmt":"2024-10-15T15:55:26","slug":"predstavljena-knjiga-zeljke-godec-veceslav-holjevac-tvorac-modernog-zagreba-i-hrvatskog-nacionalnog-pokreta","status":"publish","type":"post","link":"https:\/\/historiografija.hr\/?p=42728","title":{"rendered":"Predstavljena knjiga \u017deljke Gode\u010d \u201eVe\u0107eslav Holjevac &#8211; tvorac modernog Zagreba i hrvatskog nacionalnog pokreta\u201c"},"content":{"rendered":"\n<p>U ponedjeljak, 14. listopada 2024. u Hrvatskom narodnom kazali\u0161tu u Zagrebu predstavljena je knjiga \u017deljke Gode\u010d \u201eVe\u0107eslav Holjevac &#8211; tvorac modernog Zagreba i hrvatskog nacionalnog pokreta\u201c objavljena u izdanju Profila.<\/p>\n\n\n\n<hr class=\"wp-block-separator\"\/>\n\n\n\n<p>O predstavljanju knjige:<\/p>\n\n\n\n<p><a href=\"https:\/\/www.vecernji.hr\/zagreb\/predstavljena-knjiga-o-najslavnijem-zagrebackom-gradonacelniku-a-i-tomasevic-bi-mu-se-zelio-pribliziti-1808013\">https:\/\/www.vecernji.hr\/zagreb\/predstavljena-knjiga-o-najslavnijem-zagrebackom-gradonacelniku-a-i-tomasevic-bi-mu-se-zelio-pribliziti-1808013<\/a><\/p>\n\n\n\n<p><a href=\"https:\/\/www.jutarnji.hr\/vijesti\/zagreb\/predstavljena-knjiga-o-covjeku-koji-je-stvorio-moderni-zagreb-fasciniralo-me-sto-je-izguran-s-politicke-scene-15512162\">https:\/\/www.jutarnji.hr\/vijesti\/zagreb\/predstavljena-knjiga-o-covjeku-koji-je-stvorio-moderni-zagreb-fasciniralo-me-sto-je-izguran-s-politicke-scene-15512162<\/a><\/p>\n\n\n\n<p><a href=\"https:\/\/www.hina.hr\/vijest\/11755383\">https:\/\/www.hina.hr\/vijest\/11755383<\/a><\/p>\n\n\n\n<p><a href=\"https:\/\/zagreb.hr\/gradonacelnik-tomasevic-na-predstavljanju-biografi\/202555\">https:\/\/zagreb.hr\/gradonacelnik-tomasevic-na-predstavljanju-biografi\/202555<\/a><\/p>\n\n\n\n<p><a href=\"https:\/\/radio.hrt.hr\/radio-sljeme\/vijesti\/predstavljanje-knjige-o-gradonacelniku-veceslavu-holjevcu-11808009\">https:\/\/radio.hrt.hr\/radio-sljeme\/vijesti\/predstavljanje-knjige-o-gradonacelniku-veceslavu-holjevcu-11808009<\/a><\/p>\n\n\n\n<hr class=\"wp-block-separator\"\/>\n\n\n\n<p>O knjizi:<\/p>\n\n\n\n<figure class=\"wp-block-embed-wordpress wp-block-embed is-type-wp-embed is-provider-profil-knjiga\"><div class=\"wp-block-embed__wrapper\">\n<blockquote class=\"wp-embedded-content\" data-secret=\"o2BpdbRcvX\"><a href=\"https:\/\/www.profil.hr\/proizvod\/veceslav-holjevac\/\">Ve\u0107eslav Holjevac<\/a><\/blockquote><iframe loading=\"lazy\" class=\"wp-embedded-content\" sandbox=\"allow-scripts\" security=\"restricted\" style=\"position: absolute; clip: rect(1px, 1px, 1px, 1px);\" title=\"&#8220;Ve\u0107eslav Holjevac&#8221; &#8212; Profil knjiga\" src=\"https:\/\/www.profil.hr\/proizvod\/veceslav-holjevac\/embed\/#?secret=Ac3YzK9cqP#?secret=o2BpdbRcvX\" data-secret=\"o2BpdbRcvX\" width=\"600\" height=\"338\" frameborder=\"0\" marginwidth=\"0\" marginheight=\"0\" scrolling=\"no\"><\/iframe>\n<\/div><\/figure>\n\n\n\n<p><a href=\"https:\/\/historiografija.ba\/knjige\/jugoistocna-evropa\/vjeceslav-holjevac-tvorac-modrenog-zagreba\">https:\/\/historiografija.ba\/knjige\/jugoistocna-evropa\/vjeceslav-holjevac-tvorac-modrenog-zagreba<\/a><\/p>\n\n\n\n<p><a href=\"https:\/\/www.jutarnji.hr\/vijesti\/hrvatska\/nepoznati-zivot-legendarnog-lidera-zagreba-izdao-ga-je-titov-ljubimac-i-nekad-omiljeni-hrvat-pao-je-zbog-nacionalizma-15502385\">https:\/\/www.jutarnji.hr\/vijesti\/hrvatska\/nepoznati-zivot-legendarnog-lidera-zagreba-izdao-ga-je-titov-ljubimac-i-nekad-omiljeni-hrvat-pao-je-zbog-nacionalizma-15502385<\/a><\/p>\n\n\n\n<p><a href=\"https:\/\/www.jutarnji.hr\/globus\/politika\/sagradio-je-25-718-stanova-donio-60-000-novih-radnih-mjesta-a-iza-sebe-je-ostavio-800-dolara-tri-lovacke-puske-i-stari-auto-15505931\">https:\/\/www.jutarnji.hr\/globus\/politika\/sagradio-je-25-718-stanova-donio-60-000-novih-radnih-mjesta-a-iza-sebe-je-ostavio-800-dolara-tri-lovacke-puske-i-stari-auto-15505931<\/a><\/p>\n\n\n\n<figure class=\"wp-block-embed-wordpress wp-block-embed is-type-wp-embed is-provider-nacional-hr\"><div class=\"wp-block-embed__wrapper\">\n<blockquote class=\"wp-embedded-content\" data-secret=\"4sZjPGX6DF\"><a href=\"https:\/\/www.nacional.hr\/feljton-projekt-zagrebackog-velesajma-donio-je-veceslavu-holjevcu-mnoge-mocne-neprijatelje\/\">FELJTON Projekt Zagreba\u010dkog velesajma donio je Ve\u0107eslavu Holjevcu mnoge mo\u0107ne neprijatelje<\/a><\/blockquote><iframe loading=\"lazy\" class=\"wp-embedded-content\" sandbox=\"allow-scripts\" security=\"restricted\" style=\"position: absolute; clip: rect(1px, 1px, 1px, 1px);\" title=\"&#8220;FELJTON Projekt Zagreba\u010dkog velesajma donio je Ve\u0107eslavu Holjevcu mnoge mo\u0107ne neprijatelje&#8221; &#8212; NACIONAL.HR\" src=\"https:\/\/www.nacional.hr\/feljton-projekt-zagrebackog-velesajma-donio-je-veceslavu-holjevcu-mnoge-mocne-neprijatelje\/embed\/#?secret=TBiX5rZZI6#?secret=4sZjPGX6DF\" data-secret=\"4sZjPGX6DF\" width=\"600\" height=\"338\" frameborder=\"0\" marginwidth=\"0\" marginheight=\"0\" scrolling=\"no\"><\/iframe>\n<\/div><\/figure>\n\n\n\n<p><a href=\"https:\/\/www.dnevno.hr\/vijesti\/velikana-optuzili-kao-prvog-hrvatskog-nacionalista-doznalo-se-tko-ga-je-oznacio-kao-metu-2537024\/\">https:\/\/www.dnevno.hr\/vijesti\/velikana-optuzili-kao-prvog-hrvatskog-nacionalista-doznalo-se-tko-ga-je-oznacio-kao-metu-2537024\/<\/a><\/p>\n\n\n\n<p><a href=\"https:\/\/www.zagreb.info\/vijesti\/detalji-razvoda-omiljenog-zagrebackog-gradonacelnika-s-nadom-se-vise-nije-dalo-zivjeti\/669357\/\">https:\/\/www.zagreb.info\/vijesti\/detalji-razvoda-omiljenog-zagrebackog-gradonacelnika-s-nadom-se-vise-nije-dalo-zivjeti\/669357\/<\/a><\/p>\n\n\n\n<hr class=\"wp-block-separator\"\/>\n","protected":false},"excerpt":{"rendered":"","protected":false},"author":2,"featured_media":42729,"comment_status":"open","ping_status":"open","sticky":false,"template":"","format":"standard","meta":{"_acf_changed":false,"jetpack_post_was_ever_published":false,"_jetpack_newsletter_access":"","_jetpack_dont_email_post_to_subs":false,"_jetpack_newsletter_tier_id":0,"_jetpack_memberships_contains_paywalled_content":false,"_jetpack_memberships_contains_paid_content":false,"footnotes":"","jetpack_publicize_message":"","jetpack_publicize_feature_enabled":true,"jetpack_social_post_already_shared":true,"jetpack_social_options":{"image_generator_settings":{"template":"highway","default_image_id":0,"font":"","enabled":false},"version":2}},"categories":[3],"tags":[],"class_list":["post-42728","post","type-post","status-publish","format-standard","has-post-thumbnail","hentry","category-novosti"],"acf":{"facebook_opis":""},"jetpack_publicize_connections":[],"jetpack_featured_media_url":"https:\/\/i0.wp.com\/historiografija.hr\/wp-content\/uploads\/2024\/10\/Holjevac.jpg?fit=860%2C1250&ssl=1","jetpack_sharing_enabled":true,"jetpack-related-posts":[],"_links":{"self":[{"href":"https:\/\/historiografija.hr\/index.php?rest_route=\/wp\/v2\/posts\/42728","targetHints":{"allow":["GET"]}}],"collection":[{"href":"https:\/\/historiografija.hr\/index.php?rest_route=\/wp\/v2\/posts"}],"about":[{"href":"https:\/\/historiografija.hr\/index.php?rest_route=\/wp\/v2\/types\/post"}],"author":[{"embeddable":true,"href":"https:\/\/historiografija.hr\/index.php?rest_route=\/wp\/v2\/users\/2"}],"replies":[{"embeddable":true,"href":"https:\/\/historiografija.hr\/index.php?rest_route=%2Fwp%2Fv2%2Fcomments&post=42728"}],"version-history":[{"count":1,"href":"https:\/\/historiografija.hr\/index.php?rest_route=\/wp\/v2\/posts\/42728\/revisions"}],"predecessor-version":[{"id":42730,"href":"https:\/\/historiografija.hr\/index.php?rest_route=\/wp\/v2\/posts\/42728\/revisions\/42730"}],"wp:featuredmedia":[{"embeddable":true,"href":"https:\/\/historiografija.hr\/index.php?rest_route=\/wp\/v2\/media\/42729"}],"wp:attachment":[{"href":"https:\/\/historiografija.hr\/index.php?rest_route=%2Fwp%2Fv2%2Fmedia&parent=42728"}],"wp:term":[{"taxonomy":"category","embeddable":true,"href":"https:\/\/historiografija.hr\/index.php?rest_route=%2Fwp%2Fv2%2Fcategories&post=42728"},{"taxonomy":"post_tag","embeddable":true,"href":"https:\/\/historiografija.hr\/index.php?rest_route=%2Fwp%2Fv2%2Ftags&post=42728"}],"curies":[{"name":"wp","href":"https:\/\/api.w.org\/{rel}","templated":true}]}}