{"id":42712,"date":"2024-10-14T20:52:13","date_gmt":"2024-10-14T20:52:13","guid":{"rendered":"http:\/\/historiografija.hr\/?p=42712"},"modified":"2024-10-14T20:52:13","modified_gmt":"2024-10-14T20:52:13","slug":"znanstveni-skup-fran-kurelac-i-njegovo-djelo-uz-150-obljetnicu-smrti","status":"publish","type":"post","link":"https:\/\/historiografija.hr\/?p=42712","title":{"rendered":"Znanstveni skup \u201cFran Kurelac i njegovo djelo. Uz 150. obljetnicu smrti\u201d"},"content":{"rendered":"\n<p>U petak 18. listopada 2024. s po\u010detkom u 10 sati u Knji\u017enici Hrvatske akademije znanosti i umjetnosti odr\u017eat \u0107e se Znanstveni skup <em>Fran Kurelac i njegovo djelo. Uz 150. obljetnicu smrti. <\/em>Organizatori skupa su: Razred za dru\u0161tvene znanosti HAZU, Razred za filolo\u0161ke znanosti HAZU, Zavod za povijesne i dru\u0161tvene znanosti HAZU u Rijeci s Podru\u010dnom jedinicom u Puli&nbsp;i Zavod za povijesne i dru\u0161tvene znanosti HAZU u Zagrebu, Odsjek za povijesne znanosti.&nbsp;Skup se odr\u017eava pod pokroviteljstvom Razreda za dru\u0161tvene znanosti HAZU i Razreda za filolo\u0161ke znanosti HAZU.<\/p>\n\n\n\n<p>Pozdravne rije\u010di na otvorenju skupa odr\u017eat \u0107e predsjednik Hrvatske akademije znanosti i umjetnosti akademik Velimir Neidhardt, tajnik Razreda za filolo\u0161ke znanosti HAZU akademik Ranko Matasovi\u0107, voditeljica Zavoda za povijesne i dru\u0161tvene znanosti HAZU u Rijeci s Podru\u010dnom jedinicom u Puli akademkinja Silvana Vrani\u0107 i voditelj Odsjeka za povijesne znanosti Zavoda za povijesne i dru\u0161tvene znanosti HAZU u Zagrebu akademik \u017deljko Tomi\u010di\u0107.<\/p>\n\n\n\n<p><a href=\"https:\/\/www.info.hazu.hr\/wp-content\/uploads\/2024\/10\/Program-Kurelac2024.pdf\">Program<\/a><\/p>\n\n\n\n<hr class=\"wp-block-separator\"\/>\n\n\n\n<p>Izvor:<\/p>\n\n\n\n<figure class=\"wp-block-embed-wordpress wp-block-embed is-type-wp-embed is-provider-hazu\"><div class=\"wp-block-embed__wrapper\">\n<blockquote class=\"wp-embedded-content\" data-secret=\"UMkjhUagQZ\"><a href=\"https:\/\/www.info.hazu.hr\/events\/44940\/\">Znanstveni skup &#8220;Fran Kurelac i njegovo djelo. Uz 150. obljetnicu smrti&#8221;<\/a><\/blockquote><iframe loading=\"lazy\" class=\"wp-embedded-content\" sandbox=\"allow-scripts\" security=\"restricted\" style=\"position: absolute; clip: rect(1px, 1px, 1px, 1px);\" title=\"&#8220;Znanstveni skup &#8220;Fran Kurelac i njegovo djelo. Uz 150. obljetnicu smrti&#8221;&#8221; &#8212; HAZU\" src=\"https:\/\/www.info.hazu.hr\/events\/44940\/embed\/#?secret=UMkjhUagQZ\" data-secret=\"UMkjhUagQZ\" width=\"600\" height=\"338\" frameborder=\"0\" marginwidth=\"0\" marginheight=\"0\" scrolling=\"no\"><\/iframe>\n<\/div><\/figure>\n\n\n\n<hr class=\"wp-block-separator\"\/>\n","protected":false},"excerpt":{"rendered":"","protected":false},"author":2,"featured_media":42713,"comment_status":"open","ping_status":"open","sticky":false,"template":"","format":"standard","meta":{"_acf_changed":false,"jetpack_post_was_ever_published":false,"_jetpack_newsletter_access":"","_jetpack_dont_email_post_to_subs":false,"_jetpack_newsletter_tier_id":0,"_jetpack_memberships_contains_paywalled_content":false,"_jetpack_memberships_contains_paid_content":false,"footnotes":"","jetpack_publicize_message":"","jetpack_publicize_feature_enabled":true,"jetpack_social_post_already_shared":true,"jetpack_social_options":{"image_generator_settings":{"template":"highway","default_image_id":0,"font":"","enabled":false},"version":2}},"categories":[3,9],"tags":[],"class_list":["post-42712","post","type-post","status-publish","format-standard","has-post-thumbnail","hentry","category-novosti","category-skupovi"],"acf":{"facebook_opis":""},"jetpack_publicize_connections":[],"jetpack_featured_media_url":"https:\/\/i0.wp.com\/historiografija.hr\/wp-content\/uploads\/2024\/10\/Kurelac.jpg?fit=676%2C898&ssl=1","jetpack_sharing_enabled":true,"jetpack-related-posts":[],"_links":{"self":[{"href":"https:\/\/historiografija.hr\/index.php?rest_route=\/wp\/v2\/posts\/42712","targetHints":{"allow":["GET"]}}],"collection":[{"href":"https:\/\/historiografija.hr\/index.php?rest_route=\/wp\/v2\/posts"}],"about":[{"href":"https:\/\/historiografija.hr\/index.php?rest_route=\/wp\/v2\/types\/post"}],"author":[{"embeddable":true,"href":"https:\/\/historiografija.hr\/index.php?rest_route=\/wp\/v2\/users\/2"}],"replies":[{"embeddable":true,"href":"https:\/\/historiografija.hr\/index.php?rest_route=%2Fwp%2Fv2%2Fcomments&post=42712"}],"version-history":[{"count":1,"href":"https:\/\/historiografija.hr\/index.php?rest_route=\/wp\/v2\/posts\/42712\/revisions"}],"predecessor-version":[{"id":42714,"href":"https:\/\/historiografija.hr\/index.php?rest_route=\/wp\/v2\/posts\/42712\/revisions\/42714"}],"wp:featuredmedia":[{"embeddable":true,"href":"https:\/\/historiografija.hr\/index.php?rest_route=\/wp\/v2\/media\/42713"}],"wp:attachment":[{"href":"https:\/\/historiografija.hr\/index.php?rest_route=%2Fwp%2Fv2%2Fmedia&parent=42712"}],"wp:term":[{"taxonomy":"category","embeddable":true,"href":"https:\/\/historiografija.hr\/index.php?rest_route=%2Fwp%2Fv2%2Fcategories&post=42712"},{"taxonomy":"post_tag","embeddable":true,"href":"https:\/\/historiografija.hr\/index.php?rest_route=%2Fwp%2Fv2%2Ftags&post=42712"}],"curies":[{"name":"wp","href":"https:\/\/api.w.org\/{rel}","templated":true}]}}